{"id":10765,"date":"2018-08-03T15:57:54","date_gmt":"2018-08-03T15:57:54","guid":{"rendered":"http:\/\/binauralmedia.org\/news\/?p=10765"},"modified":"2021-08-16T15:40:42","modified_gmt":"2021-08-16T15:40:42","slug":"documentario-lugar-sentido-integra-a-short-list-da-11a-edicao-do-art-tur","status":"publish","type":"post","link":"https:\/\/www.binauralmedia.org\/news\/arquivo\/10765","title":{"rendered":"Document\u00e1rio &#8220;Lugar Sentido&#8221; integra a \u201cshort list\u201d da 11\u00aa edi\u00e7\u00e3o do ART &#038; TUR"},"content":{"rendered":"<p>O filme document\u00e1rio &#8220;Lugar Sentido&#8221; co-produzido pela\u00a0Binaural Nodar integra a \u201cshort list\u201d da 11\u00aa edi\u00e7\u00e3o do\u00a0ART &amp; TUR &#8211; International Tourism Film Festival, estando nomeado para pr\u00e9mio, o qual s\u00f3 ser\u00e1 divulgado na cerim\u00f3nia de entrega.<\/p>\n<p>O Festival ART&amp;TUR decorrer\u00e1 em Leiria, de 23 a 27 de Outubro, e contar\u00e1 com mais de 200 convidados de todo o mundo. No \u00e2mbito do Festival, cujo Programa ser\u00e1 divulgado brevemente, ter\u00e1 lugar a Confer\u00eancia Internacional \u201cCentro de Portugal no Cinema Mundial\u201d.<\/p>\n<p>Lugar Sentido: Carvalhal de Vermilhas<br \/>\nUm filme de C\u00e1tia Rebelo e\u00a0Luis Gomes da Costa<\/p>\n<p>Carvalhal de Vermilhas,\u00a0Freguesia de Cambra e Carvalhal de Vermilhas,\u00a0Munic\u00edpio de Vouzela, regi\u00e3o de Viseu D\u00e3o Laf\u00f5es, Portugal.<\/p>\n<p>Uma comunidade rural como qualquer outra, mas ao mesmo tempo especial, \u00fanica, feita de paisagem, de passado e mem\u00f3ria, mas tamb\u00e9m de reconstru\u00e7\u00e3o, possibilidade e novidade.<\/p>\n<p>Aqui cheg\u00e1mos h\u00e1 mais de tr\u00eas anos. Aqui nos abriram as portas com cortesia, humildade e acolhimento, para pensarmos coletivamente os sentidos de perten\u00e7a existentes na comunidade e questionarmos se esses sentidos podem constituir uma afirma\u00e7\u00e3o do valor do lugar e da mem\u00f3ria em contraciclo com o desenra\u00edzamento cosmopolita e global que acontece um pouco por toda a parte e que faz com que as caracter\u00edsticas dos lugares sejam cada vez mais niveladas, por via de mecanismos pol\u00edticos, econ\u00f3micos, educativos e tecnol\u00f3gicos.<\/p>\n<p>A defesa das diferen\u00e7as que constituem uma terra como Carvalhal de Vermilhas constitui uma agenda complexa e sens\u00edvel de a\u00e7\u00f5es, mem\u00f3rias e identidades, as quais podem ser projetadas para a posterioridade, tornando vis\u00edvel e partilh\u00e1vel com o exterior o amor dos habitantes \u00e0 sua terra, manifestado pela pr\u00f3pria transforma\u00e7\u00e3o gradual da paisagem, da estrutura do casario e dos pr\u00f3prios h\u00e1bitos quotidianos.<\/p>\n<p>Este filme convocou um conjunto de pessoas origin\u00e1rias de Carvalhal de Vermilhas para que expressassem o que pensam da sua terra e o que valorizam nela, tendo subjacente a hip\u00f3tese de cria\u00e7\u00e3o da figura do embaixador do lugar.<\/p>\n<p>Esta figura de embaixador do lugar n\u00e3o significa qualquer entidade dotada de import\u00e2ncia social especial, mas sim aqueles e aquelas que sabem e querem partilhar com o mundo o que significa amar uma terra e destilar hist\u00f3rias, lugares e acontecimentos que possam transformar a experi\u00eancia tur\u00edstica num encontro plural que ajude na compreens\u00e3o da singularidade, dos infinitos matizes da realidade de um lugar.<\/p>\n<p>Temos esperan\u00e7a que esta iniciativa possa constituir um humilde contributo para novas oportunidades nesta aldeia e noutras aldeias da regi\u00e3o, que se possam basear num di\u00e1logo intenso, aut\u00eantico e n\u00e3o formatado com o mundo exterior.<\/p>\n<p>D\u00eamos pois a voz \u00e0queles e \u00e0quelas que nos ensinaram o que \u00e9 amar Carvalhal de Vermilhas.<\/p>\n<p>Ficha t\u00e9cnica:<\/p>\n<p>Um filme de C\u00e1tia Rebelo e Lu\u00eds Costa<br \/>\nUma ideia original de C\u00e1tia Rebelo<br \/>\nCondu\u00e7\u00e3o das entrevistas: C\u00e1tia Rebelo<br \/>\nAssistente de realiza\u00e7\u00e3o: Liliana Silva<br \/>\nC\u00e2mara: Liliana Silva e C\u00e1tia Rebelo<br \/>\nEdi\u00e7\u00e3o v\u00eddeo: Lu\u00eds Costa, Liliana Silva e C\u00e1tia Rebelo<br \/>\nCaptura e masteriza\u00e7\u00e3o sonora: Lu\u00eds Costa<br \/>\nTexto inicial: Lu\u00eds Costa<br \/>\nCom a participa\u00e7\u00e3o do Grupo de Cantares de Carvalhal de Vermilhas<br \/>\ne de habitantes da aldeia de Carvalhal de Vermilhas<\/p>\n<p>\u00a92017, uma co-produ\u00e7\u00e3o Binaural\/Nodar e University of Cardiff, no \u00e2mbito do projeto Susplace &#8211; Sustainable Place Shaping (sustainableplaceshaping.net\/), projetp europeu financiado pelo programa Horizonte 2020.<\/p>\n<p>A Binaural\/Nodar \u00e9 uma entidade cultural financiada pelo Governo de Portugal, atrav\u00e9s de contrato de apoio bienal.<\/p>\n<p>&nbsp;<\/p>\n<p><img decoding=\"async\" class=\"lazyload alignnone size-full wp-image-10766\" src=\"http:\/\/www.binauralmedia.org\/news\/\/wp-content\/uploads\/Carvalhal.jpg\" data-orig-src=\"http:\/\/www.binauralmedia.org\/news\/\/wp-content\/uploads\/Carvalhal.jpg\" alt=\"\" width=\"652\" height=\"960\" srcset=\"data:image\/svg+xml,%3Csvg%20xmlns%3D%27http%3A%2F%2Fwww.w3.org%2F2000%2Fsvg%27%20width%3D%27652%27%20height%3D%27960%27%20viewBox%3D%270%200%20652%20960%27%3E%3Crect%20width%3D%27652%27%20height%3D%27960%27%20fill-opacity%3D%220%22%2F%3E%3C%2Fsvg%3E\" data-srcset=\"https:\/\/www.binauralmedia.org\/news\/wp-content\/uploads\/Carvalhal-200x294.jpg 200w, https:\/\/www.binauralmedia.org\/news\/wp-content\/uploads\/Carvalhal-204x300.jpg 204w, https:\/\/www.binauralmedia.org\/news\/wp-content\/uploads\/Carvalhal-400x589.jpg 400w, https:\/\/www.binauralmedia.org\/news\/wp-content\/uploads\/Carvalhal-500x736.jpg 500w, https:\/\/www.binauralmedia.org\/news\/wp-content\/uploads\/Carvalhal-600x883.jpg 600w, https:\/\/www.binauralmedia.org\/news\/wp-content\/uploads\/Carvalhal.jpg 652w\" data-sizes=\"auto\" data-orig-sizes=\"(max-width: 652px) 100vw, 652px\" \/><\/p>\n","protected":false},"excerpt":{"rendered":"<p>O filme document\u00e1rio &#8220;Lugar Sentido&#8221; co-produzido pela\u00a0Binaural Nodar integra a  [&#8230;]<\/p>\n","protected":false},"author":2,"featured_media":10767,"comment_status":"closed","ping_status":"closed","sticky":false,"template":"","format":"standard","meta":{"_acf_changed":false,"_bbp_topic_count":0,"_bbp_reply_count":0,"_bbp_total_topic_count":0,"_bbp_total_reply_count":0,"_bbp_voice_count":0,"_bbp_anonymous_reply_count":0,"_bbp_topic_count_hidden":0,"_bbp_reply_count_hidden":0,"_bbp_forum_subforum_count":0,"footnotes":""},"categories":[1158,1],"tags":[],"class_list":["post-10765","post","type-post","status-publish","format-standard","has-post-thumbnail","hentry","category-visual-sound-ethnograhpy","category-news"],"acf":[],"aioseo_notices":[],"aioseo_head":"\n\t\t<!-- All in One SEO 5.0.1.1 - aioseo.com -->\n\t<meta name=\"description\" content=\"O filme document\u00e1rio &quot;Lugar Sentido&quot; co-produzido pela Binaural Nodar integra a \u201cshort list\u201d da 11\u00aa edi\u00e7\u00e3o do ART &amp; TUR - International Tourism Film Festival, estando nomeado para pr\u00e9mio, o qual s\u00f3 ser\u00e1 divulgado na cerim\u00f3nia de entrega. O Festival ART&amp;TUR decorrer\u00e1 em Leiria, de 23 a 27 de Outubro, e contar\u00e1 com mais de 200 convidados\" \/>\n\t<meta name=\"robots\" content=\"max-image-preview:large\" \/>\n\t<meta name=\"author\" content=\"luiscosta\"\/>\n\t<link rel=\"canonical\" href=\"https:\/\/www.binauralmedia.org\/news\/arquivo\/10765\" \/>\n\t<meta name=\"generator\" content=\"All in One SEO (AIOSEO) 5.0.1.1\" \/>\n\t\t<meta property=\"og:locale\" content=\"pt_PT\" \/>\n\t\t<meta property=\"og:site_name\" content=\"binauralmedia.org - Rural Based Sound\/Media Arts &amp; Social Research\" \/>\n\t\t<meta property=\"og:type\" content=\"article\" \/>\n\t\t<meta property=\"og:title\" content=\"Document\u00e1rio \u201cLugar Sentido\u201d integra a \u201cshort list\u201d da 11\u00aa edi\u00e7\u00e3o do ART &amp; TUR - binauralmedia.org\" \/>\n\t\t<meta property=\"og:description\" content=\"O filme document\u00e1rio &quot;Lugar Sentido&quot; co-produzido pela Binaural Nodar integra a \u201cshort list\u201d da 11\u00aa edi\u00e7\u00e3o do ART &amp; TUR - International Tourism Film Festival, estando nomeado para pr\u00e9mio, o qual s\u00f3 ser\u00e1 divulgado na cerim\u00f3nia de entrega. O Festival ART&amp;TUR decorrer\u00e1 em Leiria, de 23 a 27 de Outubro, e contar\u00e1 com mais de 200 convidados\" \/>\n\t\t<meta property=\"og:url\" content=\"https:\/\/www.binauralmedia.org\/news\/arquivo\/10765\" \/>\n\t\t<meta property=\"article:published_time\" content=\"2018-08-03T15:57:54+00:00\" \/>\n\t\t<meta property=\"article:modified_time\" content=\"2021-08-16T15:40:42+00:00\" \/>\n\t\t<meta name=\"twitter:card\" content=\"summary_large_image\" \/>\n\t\t<meta name=\"twitter:title\" content=\"Document\u00e1rio \u201cLugar Sentido\u201d integra a \u201cshort list\u201d da 11\u00aa edi\u00e7\u00e3o do ART &amp; TUR - binauralmedia.org\" \/>\n\t\t<meta name=\"twitter:description\" content=\"O filme document\u00e1rio &quot;Lugar Sentido&quot; co-produzido pela Binaural Nodar integra a \u201cshort list\u201d da 11\u00aa edi\u00e7\u00e3o do ART &amp; TUR - International Tourism Film Festival, estando nomeado para pr\u00e9mio, o qual s\u00f3 ser\u00e1 divulgado na cerim\u00f3nia de entrega. O Festival ART&amp;TUR decorrer\u00e1 em Leiria, de 23 a 27 de Outubro, e contar\u00e1 com mais de 200 convidados\" \/>\n\t\t<script type=\"application\/ld+json\" class=\"aioseo-schema\">\n\t\t\t{\"@context\":\"https:\\\/\\\/schema.org\",\"@graph\":[{\"@type\":\"BlogPosting\",\"@id\":\"https:\\\/\\\/www.binauralmedia.org\\\/news\\\/arquivo\\\/10765#blogposting\",\"name\":\"Document\\u00e1rio \\u201cLugar Sentido\\u201d integra a \\u201cshort list\\u201d da 11\\u00aa edi\\u00e7\\u00e3o do ART & TUR - binauralmedia.org\",\"headline\":\"Document\\u00e1rio &#8220;Lugar Sentido&#8221; integra a \\u201cshort list\\u201d da 11\\u00aa edi\\u00e7\\u00e3o do ART &#038; TUR\",\"author\":{\"@id\":\"https:\\\/\\\/www.binauralmedia.org\\\/news\\\/arquivo\\\/author\\\/luiscosta#author\"},\"publisher\":{\"@id\":\"https:\\\/\\\/www.binauralmedia.org\\\/news\\\/#organization\"},\"image\":{\"@type\":\"ImageObject\",\"url\":\"https:\\\/\\\/www.binauralmedia.org\\\/news\\\/wp-content\\\/uploads\\\/Capturar1.png\",\"width\":344,\"height\":221},\"datePublished\":\"2018-08-03T15:57:54+00:00\",\"dateModified\":\"2021-08-16T15:40:42+00:00\",\"inLanguage\":\"pt-PT\",\"mainEntityOfPage\":{\"@id\":\"https:\\\/\\\/www.binauralmedia.org\\\/news\\\/arquivo\\\/10765#webpage\"},\"isPartOf\":{\"@id\":\"https:\\\/\\\/www.binauralmedia.org\\\/news\\\/arquivo\\\/10765#webpage\"},\"articleSection\":\"Etnografia Sonora e Visual, Not\\u00edcias\"},{\"@type\":\"BreadcrumbList\",\"@id\":\"https:\\\/\\\/www.binauralmedia.org\\\/news\\\/arquivo\\\/10765#breadcrumblist\",\"itemListElement\":[{\"@type\":\"ListItem\",\"@id\":\"https:\\\/\\\/www.binauralmedia.org\\\/news#listItem\",\"position\":1,\"name\":\"Home\",\"item\":\"https:\\\/\\\/www.binauralmedia.org\\\/news\",\"nextItem\":{\"@type\":\"ListItem\",\"@id\":\"https:\\\/\\\/www.binauralmedia.org\\\/news\\\/arquivo\\\/category\\\/news#listItem\",\"name\":\"Not\\u00edcias\"}},{\"@type\":\"ListItem\",\"@id\":\"https:\\\/\\\/www.binauralmedia.org\\\/news\\\/arquivo\\\/category\\\/news#listItem\",\"position\":2,\"name\":\"Not\\u00edcias\",\"item\":\"https:\\\/\\\/www.binauralmedia.org\\\/news\\\/arquivo\\\/category\\\/news\",\"nextItem\":{\"@type\":\"ListItem\",\"@id\":\"https:\\\/\\\/www.binauralmedia.org\\\/news\\\/arquivo\\\/10765#listItem\",\"name\":\"Document\\u00e1rio &#8220;Lugar Sentido&#8221; integra a \\u201cshort list\\u201d da 11\\u00aa edi\\u00e7\\u00e3o do ART &#038; TUR\"},\"previousItem\":{\"@type\":\"ListItem\",\"@id\":\"https:\\\/\\\/www.binauralmedia.org\\\/news#listItem\",\"name\":\"Home\"}},{\"@type\":\"ListItem\",\"@id\":\"https:\\\/\\\/www.binauralmedia.org\\\/news\\\/arquivo\\\/10765#listItem\",\"position\":3,\"name\":\"Document\\u00e1rio &#8220;Lugar Sentido&#8221; integra a \\u201cshort list\\u201d da 11\\u00aa edi\\u00e7\\u00e3o do ART &#038; TUR\",\"previousItem\":{\"@type\":\"ListItem\",\"@id\":\"https:\\\/\\\/www.binauralmedia.org\\\/news\\\/arquivo\\\/category\\\/news#listItem\",\"name\":\"Not\\u00edcias\"}}]},{\"@type\":\"Organization\",\"@id\":\"https:\\\/\\\/www.binauralmedia.org\\\/news\\\/#organization\",\"name\":\"binauralmedia.org\",\"description\":\"Rural Based Sound\\\/Media Arts & Social Research\",\"url\":\"https:\\\/\\\/www.binauralmedia.org\\\/news\\\/\"},{\"@type\":\"Person\",\"@id\":\"https:\\\/\\\/www.binauralmedia.org\\\/news\\\/arquivo\\\/author\\\/luiscosta#author\",\"url\":\"https:\\\/\\\/www.binauralmedia.org\\\/news\\\/arquivo\\\/author\\\/luiscosta\",\"name\":\"luiscosta\"},{\"@type\":\"WebPage\",\"@id\":\"https:\\\/\\\/www.binauralmedia.org\\\/news\\\/arquivo\\\/10765#webpage\",\"url\":\"https:\\\/\\\/www.binauralmedia.org\\\/news\\\/arquivo\\\/10765\",\"name\":\"Document\\u00e1rio \\u201cLugar Sentido\\u201d integra a \\u201cshort list\\u201d da 11\\u00aa edi\\u00e7\\u00e3o do ART & TUR - binauralmedia.org\",\"description\":\"O filme document\\u00e1rio \\\"Lugar Sentido\\\" co-produzido pela Binaural Nodar integra a \\u201cshort list\\u201d da 11\\u00aa edi\\u00e7\\u00e3o do ART & TUR - International Tourism Film Festival, estando nomeado para pr\\u00e9mio, o qual s\\u00f3 ser\\u00e1 divulgado na cerim\\u00f3nia de entrega. O Festival ART&TUR decorrer\\u00e1 em Leiria, de 23 a 27 de Outubro, e contar\\u00e1 com mais de 200 convidados\",\"inLanguage\":\"pt-PT\",\"isPartOf\":{\"@id\":\"https:\\\/\\\/www.binauralmedia.org\\\/news\\\/#website\"},\"breadcrumb\":{\"@id\":\"https:\\\/\\\/www.binauralmedia.org\\\/news\\\/arquivo\\\/10765#breadcrumblist\"},\"author\":{\"@id\":\"https:\\\/\\\/www.binauralmedia.org\\\/news\\\/arquivo\\\/author\\\/luiscosta#author\"},\"creator\":{\"@id\":\"https:\\\/\\\/www.binauralmedia.org\\\/news\\\/arquivo\\\/author\\\/luiscosta#author\"},\"image\":{\"@type\":\"ImageObject\",\"url\":\"https:\\\/\\\/www.binauralmedia.org\\\/news\\\/wp-content\\\/uploads\\\/Capturar1.png\",\"@id\":\"https:\\\/\\\/www.binauralmedia.org\\\/news\\\/arquivo\\\/10765\\\/#mainImage\",\"width\":344,\"height\":221},\"primaryImageOfPage\":{\"@id\":\"https:\\\/\\\/www.binauralmedia.org\\\/news\\\/arquivo\\\/10765#mainImage\"},\"datePublished\":\"2018-08-03T15:57:54+00:00\",\"dateModified\":\"2021-08-16T15:40:42+00:00\"},{\"@type\":\"WebSite\",\"@id\":\"https:\\\/\\\/www.binauralmedia.org\\\/news\\\/#website\",\"url\":\"https:\\\/\\\/www.binauralmedia.org\\\/news\\\/\",\"name\":\"binauralmedia.org\",\"description\":\"Rural Based Sound\\\/Media Arts & Social Research\",\"inLanguage\":\"pt-PT\",\"publisher\":{\"@id\":\"https:\\\/\\\/www.binauralmedia.org\\\/news\\\/#organization\"}}]}\n\t\t<\/script>\n\t\t<!-- All in One SEO -->\n\n","aioseo_head_json":{"title":"Document\u00e1rio \u201cLugar Sentido\u201d integra a \u201cshort list\u201d da 11\u00aa edi\u00e7\u00e3o do ART & TUR - binauralmedia.org","description":"O filme document\u00e1rio \"Lugar Sentido\" co-produzido pela Binaural Nodar integra a \u201cshort list\u201d da 11\u00aa edi\u00e7\u00e3o do ART & TUR - International Tourism Film Festival, estando nomeado para pr\u00e9mio, o qual s\u00f3 ser\u00e1 divulgado na cerim\u00f3nia de entrega. O Festival ART&TUR decorrer\u00e1 em Leiria, de 23 a 27 de Outubro, e contar\u00e1 com mais de 200 convidados","canonical_url":"https:\/\/www.binauralmedia.org\/news\/arquivo\/10765","robots":"max-image-preview:large","keywords":"","webmasterTools":{"miscellaneous":""},"schema":{"@context":"https:\/\/schema.org","@graph":[{"@type":"BlogPosting","@id":"https:\/\/www.binauralmedia.org\/news\/arquivo\/10765#blogposting","name":"Document\u00e1rio \u201cLugar Sentido\u201d integra a \u201cshort list\u201d da 11\u00aa edi\u00e7\u00e3o do ART & TUR - binauralmedia.org","headline":"Document\u00e1rio &#8220;Lugar Sentido&#8221; integra a \u201cshort list\u201d da 11\u00aa edi\u00e7\u00e3o do ART &#038; TUR","author":{"@id":"https:\/\/www.binauralmedia.org\/news\/arquivo\/author\/luiscosta#author"},"publisher":{"@id":"https:\/\/www.binauralmedia.org\/news\/#organization"},"image":{"@type":"ImageObject","url":"https:\/\/www.binauralmedia.org\/news\/wp-content\/uploads\/Capturar1.png","width":344,"height":221},"datePublished":"2018-08-03T15:57:54+00:00","dateModified":"2021-08-16T15:40:42+00:00","inLanguage":"pt-PT","mainEntityOfPage":{"@id":"https:\/\/www.binauralmedia.org\/news\/arquivo\/10765#webpage"},"isPartOf":{"@id":"https:\/\/www.binauralmedia.org\/news\/arquivo\/10765#webpage"},"articleSection":"Etnografia Sonora e Visual, Not\u00edcias"},{"@type":"BreadcrumbList","@id":"https:\/\/www.binauralmedia.org\/news\/arquivo\/10765#breadcrumblist","itemListElement":[{"@type":"ListItem","@id":"https:\/\/www.binauralmedia.org\/news#listItem","position":1,"name":"Home","item":"https:\/\/www.binauralmedia.org\/news","nextItem":{"@type":"ListItem","@id":"https:\/\/www.binauralmedia.org\/news\/arquivo\/category\/news#listItem","name":"Not\u00edcias"}},{"@type":"ListItem","@id":"https:\/\/www.binauralmedia.org\/news\/arquivo\/category\/news#listItem","position":2,"name":"Not\u00edcias","item":"https:\/\/www.binauralmedia.org\/news\/arquivo\/category\/news","nextItem":{"@type":"ListItem","@id":"https:\/\/www.binauralmedia.org\/news\/arquivo\/10765#listItem","name":"Document\u00e1rio &#8220;Lugar Sentido&#8221; integra a \u201cshort list\u201d da 11\u00aa edi\u00e7\u00e3o do ART &#038; TUR"},"previousItem":{"@type":"ListItem","@id":"https:\/\/www.binauralmedia.org\/news#listItem","name":"Home"}},{"@type":"ListItem","@id":"https:\/\/www.binauralmedia.org\/news\/arquivo\/10765#listItem","position":3,"name":"Document\u00e1rio &#8220;Lugar Sentido&#8221; integra a \u201cshort list\u201d da 11\u00aa edi\u00e7\u00e3o do ART &#038; TUR","previousItem":{"@type":"ListItem","@id":"https:\/\/www.binauralmedia.org\/news\/arquivo\/category\/news#listItem","name":"Not\u00edcias"}}]},{"@type":"Organization","@id":"https:\/\/www.binauralmedia.org\/news\/#organization","name":"binauralmedia.org","description":"Rural Based Sound\/Media Arts & Social Research","url":"https:\/\/www.binauralmedia.org\/news\/"},{"@type":"Person","@id":"https:\/\/www.binauralmedia.org\/news\/arquivo\/author\/luiscosta#author","url":"https:\/\/www.binauralmedia.org\/news\/arquivo\/author\/luiscosta","name":"luiscosta"},{"@type":"WebPage","@id":"https:\/\/www.binauralmedia.org\/news\/arquivo\/10765#webpage","url":"https:\/\/www.binauralmedia.org\/news\/arquivo\/10765","name":"Document\u00e1rio \u201cLugar Sentido\u201d integra a \u201cshort list\u201d da 11\u00aa edi\u00e7\u00e3o do ART & TUR - binauralmedia.org","description":"O filme document\u00e1rio \"Lugar Sentido\" co-produzido pela Binaural Nodar integra a \u201cshort list\u201d da 11\u00aa edi\u00e7\u00e3o do ART & TUR - International Tourism Film Festival, estando nomeado para pr\u00e9mio, o qual s\u00f3 ser\u00e1 divulgado na cerim\u00f3nia de entrega. O Festival ART&TUR decorrer\u00e1 em Leiria, de 23 a 27 de Outubro, e contar\u00e1 com mais de 200 convidados","inLanguage":"pt-PT","isPartOf":{"@id":"https:\/\/www.binauralmedia.org\/news\/#website"},"breadcrumb":{"@id":"https:\/\/www.binauralmedia.org\/news\/arquivo\/10765#breadcrumblist"},"author":{"@id":"https:\/\/www.binauralmedia.org\/news\/arquivo\/author\/luiscosta#author"},"creator":{"@id":"https:\/\/www.binauralmedia.org\/news\/arquivo\/author\/luiscosta#author"},"image":{"@type":"ImageObject","url":"https:\/\/www.binauralmedia.org\/news\/wp-content\/uploads\/Capturar1.png","@id":"https:\/\/www.binauralmedia.org\/news\/arquivo\/10765\/#mainImage","width":344,"height":221},"primaryImageOfPage":{"@id":"https:\/\/www.binauralmedia.org\/news\/arquivo\/10765#mainImage"},"datePublished":"2018-08-03T15:57:54+00:00","dateModified":"2021-08-16T15:40:42+00:00"},{"@type":"WebSite","@id":"https:\/\/www.binauralmedia.org\/news\/#website","url":"https:\/\/www.binauralmedia.org\/news\/","name":"binauralmedia.org","description":"Rural Based Sound\/Media Arts & Social Research","inLanguage":"pt-PT","publisher":{"@id":"https:\/\/www.binauralmedia.org\/news\/#organization"}}]},"og:locale":"pt_PT","og:site_name":"binauralmedia.org - Rural Based Sound\/Media Arts &amp; Social Research","og:type":"article","og:title":"Document\u00e1rio \u201cLugar Sentido\u201d integra a \u201cshort list\u201d da 11\u00aa edi\u00e7\u00e3o do ART &amp; TUR - binauralmedia.org","og:description":"O filme document\u00e1rio &quot;Lugar Sentido&quot; co-produzido pela Binaural Nodar integra a \u201cshort list\u201d da 11\u00aa edi\u00e7\u00e3o do ART &amp; TUR - International Tourism Film Festival, estando nomeado para pr\u00e9mio, o qual s\u00f3 ser\u00e1 divulgado na cerim\u00f3nia de entrega. O Festival ART&amp;TUR decorrer\u00e1 em Leiria, de 23 a 27 de Outubro, e contar\u00e1 com mais de 200 convidados","og:url":"https:\/\/www.binauralmedia.org\/news\/arquivo\/10765","article:published_time":"2018-08-03T15:57:54+00:00","article:modified_time":"2021-08-16T15:40:42+00:00","twitter:card":"summary_large_image","twitter:title":"Document\u00e1rio \u201cLugar Sentido\u201d integra a \u201cshort list\u201d da 11\u00aa edi\u00e7\u00e3o do ART &amp; TUR - binauralmedia.org","twitter:description":"O filme document\u00e1rio &quot;Lugar Sentido&quot; co-produzido pela Binaural Nodar integra a \u201cshort list\u201d da 11\u00aa edi\u00e7\u00e3o do ART &amp; TUR - International Tourism Film Festival, estando nomeado para pr\u00e9mio, o qual s\u00f3 ser\u00e1 divulgado na cerim\u00f3nia de entrega. O Festival ART&amp;TUR decorrer\u00e1 em Leiria, de 23 a 27 de Outubro, e contar\u00e1 com mais de 200 convidados"},"aioseo_meta_data":{"post_id":"10765","title":null,"description":null,"keywords":null,"keyphrases":null,"primary_term":null,"canonical_url":null,"og_title":null,"og_description":null,"og_object_type":"default","og_image_type":"default","og_image_custom_url":null,"og_image_custom_fields":null,"og_image_url":null,"og_image_width":null,"og_image_height":null,"og_video":null,"og_custom_url":null,"og_article_section":null,"og_article_tags":null,"twitter_use_og":false,"twitter_card":"default","twitter_image_type":"default","twitter_image_custom_url":null,"twitter_image_custom_fields":null,"twitter_image_url":null,"twitter_title":null,"twitter_description":null,"schema_type":"default","schema_type_options":null,"schema":{"blockGraphs":[],"customGraphs":[],"default":{"data":{"Article":[],"Course":[],"Dataset":[],"FAQPage":[],"Movie":[],"Person":[],"Product":[],"ProductReview":[],"Car":[],"Recipe":[],"Service":[],"SoftwareApplication":[],"WebPage":[]},"graphName":"","isEnabled":true},"graphs":[]},"pillar_content":false,"robots_default":true,"robots_noindex":false,"robots_noarchive":false,"robots_nosnippet":false,"robots_nofollow":false,"robots_noimageindex":false,"robots_noodp":false,"robots_notranslate":false,"robots_max_snippet":null,"robots_max_videopreview":null,"robots_max_imagepreview":"large","priority":null,"frequency":null,"local_seo":null,"limit_modified_date":false,"ai":null,"breadcrumb_settings":null,"seo_analyzer_scan_date":null,"created":"2026-08-05 03:44:40","updated":"2026-08-05 03:44:40","focus_keyword":null,"additional_keywords":null,"truseo_locale":null},"aioseo_breadcrumb":"<div class=\"aioseo-breadcrumbs\"><span class=\"aioseo-breadcrumb\">\n\t\t\t<a href=\"https:\/\/www.binauralmedia.org\/news\" title=\"Home\">Home<\/a>\n\t\t<\/span><span class=\"aioseo-breadcrumb-separator\">&raquo;<\/span><span class=\"aioseo-breadcrumb\">\n\t\t\t<a href=\"https:\/\/www.binauralmedia.org\/news\/arquivo\/category\/news\" title=\"Not\u00edcias\">Not\u00edcias<\/a>\n\t\t<\/span><span class=\"aioseo-breadcrumb-separator\">&raquo;<\/span><span class=\"aioseo-breadcrumb\">\n\t\t\tDocument\u00e1rio \u201cLugar Sentido\u201d integra a \u201cshort list\u201d da 11\u00aa edi\u00e7\u00e3o do ART &amp; TUR\n\t\t<\/span><\/div>","aioseo_breadcrumb_json":[{"label":"Home","link":"https:\/\/www.binauralmedia.org\/news"},{"label":"Not\u00edcias","link":"https:\/\/www.binauralmedia.org\/news\/arquivo\/category\/news"},{"label":"Document\u00e1rio &#8220;Lugar Sentido&#8221; integra a \u201cshort list\u201d da 11\u00aa edi\u00e7\u00e3o do ART &#038; TUR","link":"https:\/\/www.binauralmedia.org\/news\/arquivo\/10765"}],"_links":{"self":[{"href":"https:\/\/www.binauralmedia.org\/news\/wp-json\/wp\/v2\/posts\/10765","targetHints":{"allow":["GET"]}}],"collection":[{"href":"https:\/\/www.binauralmedia.org\/news\/wp-json\/wp\/v2\/posts"}],"about":[{"href":"https:\/\/www.binauralmedia.org\/news\/wp-json\/wp\/v2\/types\/post"}],"author":[{"embeddable":true,"href":"https:\/\/www.binauralmedia.org\/news\/wp-json\/wp\/v2\/users\/2"}],"replies":[{"embeddable":true,"href":"https:\/\/www.binauralmedia.org\/news\/wp-json\/wp\/v2\/comments?post=10765"}],"version-history":[{"count":2,"href":"https:\/\/www.binauralmedia.org\/news\/wp-json\/wp\/v2\/posts\/10765\/revisions"}],"predecessor-version":[{"id":13338,"href":"https:\/\/www.binauralmedia.org\/news\/wp-json\/wp\/v2\/posts\/10765\/revisions\/13338"}],"wp:featuredmedia":[{"embeddable":true,"href":"https:\/\/www.binauralmedia.org\/news\/wp-json\/wp\/v2\/media\/10767"}],"wp:attachment":[{"href":"https:\/\/www.binauralmedia.org\/news\/wp-json\/wp\/v2\/media?parent=10765"}],"wp:term":[{"taxonomy":"category","embeddable":true,"href":"https:\/\/www.binauralmedia.org\/news\/wp-json\/wp\/v2\/categories?post=10765"},{"taxonomy":"post_tag","embeddable":true,"href":"https:\/\/www.binauralmedia.org\/news\/wp-json\/wp\/v2\/tags?post=10765"}],"curies":[{"name":"wp","href":"https:\/\/api.w.org\/{rel}","templated":true}]}}