{"id":10613,"date":"2018-05-03T11:45:12","date_gmt":"2018-05-03T11:45:12","guid":{"rendered":"http:\/\/binauralmedia.org\/news\/?p=10613"},"modified":"2021-08-16T15:40:34","modified_gmt":"2021-08-16T15:40:34","slug":"binaural-nodar-promove-atelie-sketch-sound-em-oliveira-de-frades","status":"publish","type":"post","link":"https:\/\/www.binauralmedia.org\/news\/arquivo\/10613","title":{"rendered":"Binaural\/Nodar promove ateli\u00ea Sketch &#038; Sound em Oliveira de Frades"},"content":{"rendered":"<p>Sketch &amp; Sound<br \/>\nAteli\u00ea de descoberta e express\u00e3o sonora e visual do espa\u00e7o p\u00fablico<br \/>\nDirigido por\u00a0Luis Gomes da Costa,\u00a0Liliana Silva\u00a0e\u00a0Manuela Barile<br \/>\nBiblioteca Municipal do\u00a0Munic\u00edpio de Oliveira de Frades<br \/>\n7 Maio a 10 Junho 2018<span class=\"text_exposed_show\"><br \/>\nDestinado a crian\u00e7as do pr\u00e9-escolar do concelho.<\/span><\/p>\n<div class=\"text_exposed_show\">\n<p>As vidas modernas afastam as crian\u00e7as do espa\u00e7o p\u00fablico, o que \u00e9 uma monumental invers\u00e3o face ao que acontecia at\u00e9 h\u00e1 umas d\u00e9cadas atr\u00e1s, principalmente fora dos grandes centros urbanos. Assim sendo, \u00e9 cr\u00edtico que se possa voltar a despertar desde tenra idade pr\u00e1ticas de reconhecimento e contacto com o car\u00e1cter infinito dos est\u00edmulos sensoriais presentes em qualquer espa\u00e7o natural, aldeia, vila ou cidade.<\/p>\n<p>O ateli\u00ea Sketch &amp; Sound consistir\u00e1 num conjunto de derivas pelo espa\u00e7o p\u00fablico de Oliveira de Frades, com o objetivo de estimular nas crian\u00e7as a rela\u00e7\u00e3o entre o universo sonoro e o universo do desenho, relacionando-os, cruzando-os, contrapondo-os. O resultado final ser\u00e1 uma s\u00e9rie de esquissos e de capta\u00e7\u00f5es sonoras que ser\u00e3o posteriormente apresentadas noutros formatos.<\/p>\n<p>Dias dos ateli\u00eas: 7, 8, 10, 21, 22, 24 de maio; 6 e 20 de junho<\/p>\n<p>Programa:<br \/>\n&#8211; 13,30h &#8211; Recep\u00e7\u00e3o e visita guiada \u00e0s instala\u00e7\u00f5es da Biblioteca Municipal;<br \/>\n&#8211; 13,50h &#8211; Ateli\u00ea: sketch &amp; sound &#8211; cada sess\u00e3o ser\u00e1 de 35 minutos; com duas sess\u00f5es seguidas por dia.<br \/>\n&#8211; 14,25h &#8211; Sess\u00e3o de contos ou de visionamento de um pequeno filme<br \/>\n&#8211; 15,00h &#8211; Fim da visita e regresso aos Jardins de Inf\u00e2ncia.<\/p>\n<\/div>\n<p><img decoding=\"async\" class=\"lazyload alignnone size-full wp-image-10614\" src=\"http:\/\/www.binauralmedia.org\/news\/\/wp-content\/uploads\/31349922_1758354267544661_2015382011732033536_n.jpg\" data-orig-src=\"http:\/\/www.binauralmedia.org\/news\/\/wp-content\/uploads\/31349922_1758354267544661_2015382011732033536_n.jpg\" alt=\"\" width=\"735\" height=\"960\" srcset=\"data:image\/svg+xml,%3Csvg%20xmlns%3D%27http%3A%2F%2Fwww.w3.org%2F2000%2Fsvg%27%20width%3D%27735%27%20height%3D%27960%27%20viewBox%3D%270%200%20735%20960%27%3E%3Crect%20width%3D%27735%27%20height%3D%27960%27%20fill-opacity%3D%220%22%2F%3E%3C%2Fsvg%3E\" data-srcset=\"https:\/\/www.binauralmedia.org\/news\/wp-content\/uploads\/31349922_1758354267544661_2015382011732033536_n-200x261.jpg 200w, https:\/\/www.binauralmedia.org\/news\/wp-content\/uploads\/31349922_1758354267544661_2015382011732033536_n-230x300.jpg 230w, https:\/\/www.binauralmedia.org\/news\/wp-content\/uploads\/31349922_1758354267544661_2015382011732033536_n-400x522.jpg 400w, https:\/\/www.binauralmedia.org\/news\/wp-content\/uploads\/31349922_1758354267544661_2015382011732033536_n-500x653.jpg 500w, https:\/\/www.binauralmedia.org\/news\/wp-content\/uploads\/31349922_1758354267544661_2015382011732033536_n-600x784.jpg 600w, https:\/\/www.binauralmedia.org\/news\/wp-content\/uploads\/31349922_1758354267544661_2015382011732033536_n.jpg 735w\" data-sizes=\"auto\" data-orig-sizes=\"(max-width: 735px) 100vw, 735px\" \/><\/p>\n","protected":false},"excerpt":{"rendered":"<p>Sketch &amp; Sound Ateli\u00ea de descoberta e express\u00e3o sonora e  [&#8230;]<\/p>\n","protected":false},"author":2,"featured_media":10615,"comment_status":"closed","ping_status":"closed","sticky":false,"template":"","format":"standard","meta":{"_acf_changed":false,"_bbp_topic_count":0,"_bbp_reply_count":0,"_bbp_total_topic_count":0,"_bbp_total_reply_count":0,"_bbp_voice_count":0,"_bbp_anonymous_reply_count":0,"_bbp_topic_count_hidden":0,"_bbp_reply_count_hidden":0,"_bbp_forum_subforum_count":0,"footnotes":""},"categories":[1,1159],"tags":[],"class_list":["post-10613","post","type-post","status-publish","format-standard","has-post-thumbnail","hentry","category-news","category-educational-programme"],"acf":[],"aioseo_notices":[],"aioseo_head":"\n\t\t<!-- All in One SEO 5.0.1.1 - aioseo.com -->\n\t<meta name=\"description\" content=\"Sketch &amp; Sound Ateli\u00ea de descoberta e express\u00e3o sonora e visual do espa\u00e7o p\u00fablico Dirigido por Luis Gomes da Costa, Liliana Silva e Manuela Barile Biblioteca Municipal do Munic\u00edpio de Oliveira de Frades 7 Maio a 10 Junho 2018 Destinado a crian\u00e7as do pr\u00e9-escolar do concelho. As vidas modernas afastam as crian\u00e7as do espa\u00e7o p\u00fablico, o que \u00e9 uma monumental\" \/>\n\t<meta name=\"robots\" content=\"max-image-preview:large\" \/>\n\t<meta name=\"author\" content=\"luiscosta\"\/>\n\t<link rel=\"canonical\" href=\"https:\/\/www.binauralmedia.org\/news\/arquivo\/10613\" \/>\n\t<meta name=\"generator\" content=\"All in One SEO (AIOSEO) 5.0.1.1\" \/>\n\t\t<meta property=\"og:locale\" content=\"pt_PT\" \/>\n\t\t<meta property=\"og:site_name\" content=\"binauralmedia.org - Rural Based Sound\/Media Arts &amp; Social Research\" \/>\n\t\t<meta property=\"og:type\" content=\"article\" \/>\n\t\t<meta property=\"og:title\" content=\"Binaural\/Nodar promove ateli\u00ea Sketch &amp; Sound em Oliveira de Frades - binauralmedia.org\" \/>\n\t\t<meta property=\"og:description\" content=\"Sketch &amp; Sound Ateli\u00ea de descoberta e express\u00e3o sonora e visual do espa\u00e7o p\u00fablico Dirigido por Luis Gomes da Costa, Liliana Silva e Manuela Barile Biblioteca Municipal do Munic\u00edpio de Oliveira de Frades 7 Maio a 10 Junho 2018 Destinado a crian\u00e7as do pr\u00e9-escolar do concelho. As vidas modernas afastam as crian\u00e7as do espa\u00e7o p\u00fablico, o que \u00e9 uma monumental\" \/>\n\t\t<meta property=\"og:url\" content=\"https:\/\/www.binauralmedia.org\/news\/arquivo\/10613\" \/>\n\t\t<meta property=\"article:published_time\" content=\"2018-05-03T11:45:12+00:00\" \/>\n\t\t<meta property=\"article:modified_time\" content=\"2021-08-16T15:40:34+00:00\" \/>\n\t\t<meta name=\"twitter:card\" content=\"summary_large_image\" \/>\n\t\t<meta name=\"twitter:title\" content=\"Binaural\/Nodar promove ateli\u00ea Sketch &amp; Sound em Oliveira de Frades - binauralmedia.org\" \/>\n\t\t<meta name=\"twitter:description\" content=\"Sketch &amp; Sound Ateli\u00ea de descoberta e express\u00e3o sonora e visual do espa\u00e7o p\u00fablico Dirigido por Luis Gomes da Costa, Liliana Silva e Manuela Barile Biblioteca Municipal do Munic\u00edpio de Oliveira de Frades 7 Maio a 10 Junho 2018 Destinado a crian\u00e7as do pr\u00e9-escolar do concelho. As vidas modernas afastam as crian\u00e7as do espa\u00e7o p\u00fablico, o que \u00e9 uma monumental\" \/>\n\t\t<script type=\"application\/ld+json\" class=\"aioseo-schema\">\n\t\t\t{\"@context\":\"https:\\\/\\\/schema.org\",\"@graph\":[{\"@type\":\"BlogPosting\",\"@id\":\"https:\\\/\\\/www.binauralmedia.org\\\/news\\\/arquivo\\\/10613#blogposting\",\"name\":\"Binaural\\\/Nodar promove ateli\\u00ea Sketch & Sound em Oliveira de Frades - binauralmedia.org\",\"headline\":\"Binaural\\\/Nodar promove ateli\\u00ea Sketch &#038; Sound em Oliveira de Frades\",\"author\":{\"@id\":\"https:\\\/\\\/www.binauralmedia.org\\\/news\\\/arquivo\\\/author\\\/luiscosta#author\"},\"publisher\":{\"@id\":\"https:\\\/\\\/www.binauralmedia.org\\\/news\\\/#organization\"},\"image\":{\"@type\":\"ImageObject\",\"url\":\"https:\\\/\\\/www.binauralmedia.org\\\/news\\\/wp-content\\\/uploads\\\/Capturar-5.jpg\",\"width\":428,\"height\":283},\"datePublished\":\"2018-05-03T11:45:12+00:00\",\"dateModified\":\"2021-08-16T15:40:34+00:00\",\"inLanguage\":\"pt-PT\",\"mainEntityOfPage\":{\"@id\":\"https:\\\/\\\/www.binauralmedia.org\\\/news\\\/arquivo\\\/10613#webpage\"},\"isPartOf\":{\"@id\":\"https:\\\/\\\/www.binauralmedia.org\\\/news\\\/arquivo\\\/10613#webpage\"},\"articleSection\":\"Not\\u00edcias, Programa Educativo\"},{\"@type\":\"BreadcrumbList\",\"@id\":\"https:\\\/\\\/www.binauralmedia.org\\\/news\\\/arquivo\\\/10613#breadcrumblist\",\"itemListElement\":[{\"@type\":\"ListItem\",\"@id\":\"https:\\\/\\\/www.binauralmedia.org\\\/news#listItem\",\"position\":1,\"name\":\"Home\",\"item\":\"https:\\\/\\\/www.binauralmedia.org\\\/news\",\"nextItem\":{\"@type\":\"ListItem\",\"@id\":\"https:\\\/\\\/www.binauralmedia.org\\\/news\\\/arquivo\\\/category\\\/news#listItem\",\"name\":\"Not\\u00edcias\"}},{\"@type\":\"ListItem\",\"@id\":\"https:\\\/\\\/www.binauralmedia.org\\\/news\\\/arquivo\\\/category\\\/news#listItem\",\"position\":2,\"name\":\"Not\\u00edcias\",\"item\":\"https:\\\/\\\/www.binauralmedia.org\\\/news\\\/arquivo\\\/category\\\/news\",\"nextItem\":{\"@type\":\"ListItem\",\"@id\":\"https:\\\/\\\/www.binauralmedia.org\\\/news\\\/arquivo\\\/10613#listItem\",\"name\":\"Binaural\\\/Nodar promove ateli\\u00ea Sketch &#038; Sound em Oliveira de Frades\"},\"previousItem\":{\"@type\":\"ListItem\",\"@id\":\"https:\\\/\\\/www.binauralmedia.org\\\/news#listItem\",\"name\":\"Home\"}},{\"@type\":\"ListItem\",\"@id\":\"https:\\\/\\\/www.binauralmedia.org\\\/news\\\/arquivo\\\/10613#listItem\",\"position\":3,\"name\":\"Binaural\\\/Nodar promove ateli\\u00ea Sketch &#038; Sound em Oliveira de Frades\",\"previousItem\":{\"@type\":\"ListItem\",\"@id\":\"https:\\\/\\\/www.binauralmedia.org\\\/news\\\/arquivo\\\/category\\\/news#listItem\",\"name\":\"Not\\u00edcias\"}}]},{\"@type\":\"Organization\",\"@id\":\"https:\\\/\\\/www.binauralmedia.org\\\/news\\\/#organization\",\"name\":\"binauralmedia.org\",\"description\":\"Rural Based Sound\\\/Media Arts & Social Research\",\"url\":\"https:\\\/\\\/www.binauralmedia.org\\\/news\\\/\"},{\"@type\":\"Person\",\"@id\":\"https:\\\/\\\/www.binauralmedia.org\\\/news\\\/arquivo\\\/author\\\/luiscosta#author\",\"url\":\"https:\\\/\\\/www.binauralmedia.org\\\/news\\\/arquivo\\\/author\\\/luiscosta\",\"name\":\"luiscosta\"},{\"@type\":\"WebPage\",\"@id\":\"https:\\\/\\\/www.binauralmedia.org\\\/news\\\/arquivo\\\/10613#webpage\",\"url\":\"https:\\\/\\\/www.binauralmedia.org\\\/news\\\/arquivo\\\/10613\",\"name\":\"Binaural\\\/Nodar promove ateli\\u00ea Sketch & Sound em Oliveira de Frades - binauralmedia.org\",\"description\":\"Sketch & Sound Ateli\\u00ea de descoberta e express\\u00e3o sonora e visual do espa\\u00e7o p\\u00fablico Dirigido por Luis Gomes da Costa, Liliana Silva e Manuela Barile Biblioteca Municipal do Munic\\u00edpio de Oliveira de Frades 7 Maio a 10 Junho 2018 Destinado a crian\\u00e7as do pr\\u00e9-escolar do concelho. As vidas modernas afastam as crian\\u00e7as do espa\\u00e7o p\\u00fablico, o que \\u00e9 uma monumental\",\"inLanguage\":\"pt-PT\",\"isPartOf\":{\"@id\":\"https:\\\/\\\/www.binauralmedia.org\\\/news\\\/#website\"},\"breadcrumb\":{\"@id\":\"https:\\\/\\\/www.binauralmedia.org\\\/news\\\/arquivo\\\/10613#breadcrumblist\"},\"author\":{\"@id\":\"https:\\\/\\\/www.binauralmedia.org\\\/news\\\/arquivo\\\/author\\\/luiscosta#author\"},\"creator\":{\"@id\":\"https:\\\/\\\/www.binauralmedia.org\\\/news\\\/arquivo\\\/author\\\/luiscosta#author\"},\"image\":{\"@type\":\"ImageObject\",\"url\":\"https:\\\/\\\/www.binauralmedia.org\\\/news\\\/wp-content\\\/uploads\\\/Capturar-5.jpg\",\"@id\":\"https:\\\/\\\/www.binauralmedia.org\\\/news\\\/arquivo\\\/10613\\\/#mainImage\",\"width\":428,\"height\":283},\"primaryImageOfPage\":{\"@id\":\"https:\\\/\\\/www.binauralmedia.org\\\/news\\\/arquivo\\\/10613#mainImage\"},\"datePublished\":\"2018-05-03T11:45:12+00:00\",\"dateModified\":\"2021-08-16T15:40:34+00:00\"},{\"@type\":\"WebSite\",\"@id\":\"https:\\\/\\\/www.binauralmedia.org\\\/news\\\/#website\",\"url\":\"https:\\\/\\\/www.binauralmedia.org\\\/news\\\/\",\"name\":\"binauralmedia.org\",\"description\":\"Rural Based Sound\\\/Media Arts & Social Research\",\"inLanguage\":\"pt-PT\",\"publisher\":{\"@id\":\"https:\\\/\\\/www.binauralmedia.org\\\/news\\\/#organization\"}}]}\n\t\t<\/script>\n\t\t<!-- All in One SEO -->\n\n","aioseo_head_json":{"title":"Binaural\/Nodar promove ateli\u00ea Sketch & Sound em Oliveira de Frades - binauralmedia.org","description":"Sketch & Sound Ateli\u00ea de descoberta e express\u00e3o sonora e visual do espa\u00e7o p\u00fablico Dirigido por Luis Gomes da Costa, Liliana Silva e Manuela Barile Biblioteca Municipal do Munic\u00edpio de Oliveira de Frades 7 Maio a 10 Junho 2018 Destinado a crian\u00e7as do pr\u00e9-escolar do concelho. As vidas modernas afastam as crian\u00e7as do espa\u00e7o p\u00fablico, o que \u00e9 uma monumental","canonical_url":"https:\/\/www.binauralmedia.org\/news\/arquivo\/10613","robots":"max-image-preview:large","keywords":"","webmasterTools":{"miscellaneous":""},"schema":{"@context":"https:\/\/schema.org","@graph":[{"@type":"BlogPosting","@id":"https:\/\/www.binauralmedia.org\/news\/arquivo\/10613#blogposting","name":"Binaural\/Nodar promove ateli\u00ea Sketch & Sound em Oliveira de Frades - binauralmedia.org","headline":"Binaural\/Nodar promove ateli\u00ea Sketch &#038; Sound em Oliveira de Frades","author":{"@id":"https:\/\/www.binauralmedia.org\/news\/arquivo\/author\/luiscosta#author"},"publisher":{"@id":"https:\/\/www.binauralmedia.org\/news\/#organization"},"image":{"@type":"ImageObject","url":"https:\/\/www.binauralmedia.org\/news\/wp-content\/uploads\/Capturar-5.jpg","width":428,"height":283},"datePublished":"2018-05-03T11:45:12+00:00","dateModified":"2021-08-16T15:40:34+00:00","inLanguage":"pt-PT","mainEntityOfPage":{"@id":"https:\/\/www.binauralmedia.org\/news\/arquivo\/10613#webpage"},"isPartOf":{"@id":"https:\/\/www.binauralmedia.org\/news\/arquivo\/10613#webpage"},"articleSection":"Not\u00edcias, Programa Educativo"},{"@type":"BreadcrumbList","@id":"https:\/\/www.binauralmedia.org\/news\/arquivo\/10613#breadcrumblist","itemListElement":[{"@type":"ListItem","@id":"https:\/\/www.binauralmedia.org\/news#listItem","position":1,"name":"Home","item":"https:\/\/www.binauralmedia.org\/news","nextItem":{"@type":"ListItem","@id":"https:\/\/www.binauralmedia.org\/news\/arquivo\/category\/news#listItem","name":"Not\u00edcias"}},{"@type":"ListItem","@id":"https:\/\/www.binauralmedia.org\/news\/arquivo\/category\/news#listItem","position":2,"name":"Not\u00edcias","item":"https:\/\/www.binauralmedia.org\/news\/arquivo\/category\/news","nextItem":{"@type":"ListItem","@id":"https:\/\/www.binauralmedia.org\/news\/arquivo\/10613#listItem","name":"Binaural\/Nodar promove ateli\u00ea Sketch &#038; Sound em Oliveira de Frades"},"previousItem":{"@type":"ListItem","@id":"https:\/\/www.binauralmedia.org\/news#listItem","name":"Home"}},{"@type":"ListItem","@id":"https:\/\/www.binauralmedia.org\/news\/arquivo\/10613#listItem","position":3,"name":"Binaural\/Nodar promove ateli\u00ea Sketch &#038; Sound em Oliveira de Frades","previousItem":{"@type":"ListItem","@id":"https:\/\/www.binauralmedia.org\/news\/arquivo\/category\/news#listItem","name":"Not\u00edcias"}}]},{"@type":"Organization","@id":"https:\/\/www.binauralmedia.org\/news\/#organization","name":"binauralmedia.org","description":"Rural Based Sound\/Media Arts & Social Research","url":"https:\/\/www.binauralmedia.org\/news\/"},{"@type":"Person","@id":"https:\/\/www.binauralmedia.org\/news\/arquivo\/author\/luiscosta#author","url":"https:\/\/www.binauralmedia.org\/news\/arquivo\/author\/luiscosta","name":"luiscosta"},{"@type":"WebPage","@id":"https:\/\/www.binauralmedia.org\/news\/arquivo\/10613#webpage","url":"https:\/\/www.binauralmedia.org\/news\/arquivo\/10613","name":"Binaural\/Nodar promove ateli\u00ea Sketch & Sound em Oliveira de Frades - binauralmedia.org","description":"Sketch & Sound Ateli\u00ea de descoberta e express\u00e3o sonora e visual do espa\u00e7o p\u00fablico Dirigido por Luis Gomes da Costa, Liliana Silva e Manuela Barile Biblioteca Municipal do Munic\u00edpio de Oliveira de Frades 7 Maio a 10 Junho 2018 Destinado a crian\u00e7as do pr\u00e9-escolar do concelho. As vidas modernas afastam as crian\u00e7as do espa\u00e7o p\u00fablico, o que \u00e9 uma monumental","inLanguage":"pt-PT","isPartOf":{"@id":"https:\/\/www.binauralmedia.org\/news\/#website"},"breadcrumb":{"@id":"https:\/\/www.binauralmedia.org\/news\/arquivo\/10613#breadcrumblist"},"author":{"@id":"https:\/\/www.binauralmedia.org\/news\/arquivo\/author\/luiscosta#author"},"creator":{"@id":"https:\/\/www.binauralmedia.org\/news\/arquivo\/author\/luiscosta#author"},"image":{"@type":"ImageObject","url":"https:\/\/www.binauralmedia.org\/news\/wp-content\/uploads\/Capturar-5.jpg","@id":"https:\/\/www.binauralmedia.org\/news\/arquivo\/10613\/#mainImage","width":428,"height":283},"primaryImageOfPage":{"@id":"https:\/\/www.binauralmedia.org\/news\/arquivo\/10613#mainImage"},"datePublished":"2018-05-03T11:45:12+00:00","dateModified":"2021-08-16T15:40:34+00:00"},{"@type":"WebSite","@id":"https:\/\/www.binauralmedia.org\/news\/#website","url":"https:\/\/www.binauralmedia.org\/news\/","name":"binauralmedia.org","description":"Rural Based Sound\/Media Arts & Social Research","inLanguage":"pt-PT","publisher":{"@id":"https:\/\/www.binauralmedia.org\/news\/#organization"}}]},"og:locale":"pt_PT","og:site_name":"binauralmedia.org - Rural Based Sound\/Media Arts &amp; Social Research","og:type":"article","og:title":"Binaural\/Nodar promove ateli\u00ea Sketch &amp; Sound em Oliveira de Frades - binauralmedia.org","og:description":"Sketch &amp; Sound Ateli\u00ea de descoberta e express\u00e3o sonora e visual do espa\u00e7o p\u00fablico Dirigido por Luis Gomes da Costa, Liliana Silva e Manuela Barile Biblioteca Municipal do Munic\u00edpio de Oliveira de Frades 7 Maio a 10 Junho 2018 Destinado a crian\u00e7as do pr\u00e9-escolar do concelho. As vidas modernas afastam as crian\u00e7as do espa\u00e7o p\u00fablico, o que \u00e9 uma monumental","og:url":"https:\/\/www.binauralmedia.org\/news\/arquivo\/10613","article:published_time":"2018-05-03T11:45:12+00:00","article:modified_time":"2021-08-16T15:40:34+00:00","twitter:card":"summary_large_image","twitter:title":"Binaural\/Nodar promove ateli\u00ea Sketch &amp; Sound em Oliveira de Frades - binauralmedia.org","twitter:description":"Sketch &amp; Sound Ateli\u00ea de descoberta e express\u00e3o sonora e visual do espa\u00e7o p\u00fablico Dirigido por Luis Gomes da Costa, Liliana Silva e Manuela Barile Biblioteca Municipal do Munic\u00edpio de Oliveira de Frades 7 Maio a 10 Junho 2018 Destinado a crian\u00e7as do pr\u00e9-escolar do concelho. As vidas modernas afastam as crian\u00e7as do espa\u00e7o p\u00fablico, o que \u00e9 uma monumental"},"aioseo_meta_data":{"post_id":"10613","title":null,"description":null,"keywords":null,"keyphrases":null,"primary_term":null,"canonical_url":null,"og_title":null,"og_description":null,"og_object_type":"default","og_image_type":"default","og_image_custom_url":null,"og_image_custom_fields":null,"og_image_url":null,"og_image_width":null,"og_image_height":null,"og_video":null,"og_custom_url":null,"og_article_section":null,"og_article_tags":null,"twitter_use_og":false,"twitter_card":"default","twitter_image_type":"default","twitter_image_custom_url":null,"twitter_image_custom_fields":null,"twitter_image_url":null,"twitter_title":null,"twitter_description":null,"schema_type":"default","schema_type_options":null,"schema":{"blockGraphs":[],"customGraphs":[],"default":{"data":{"Article":[],"Course":[],"Dataset":[],"FAQPage":[],"Movie":[],"Person":[],"Product":[],"ProductReview":[],"Car":[],"Recipe":[],"Service":[],"SoftwareApplication":[],"WebPage":[]},"graphName":"","isEnabled":true},"graphs":[]},"pillar_content":false,"robots_default":true,"robots_noindex":false,"robots_noarchive":false,"robots_nosnippet":false,"robots_nofollow":false,"robots_noimageindex":false,"robots_noodp":false,"robots_notranslate":false,"robots_max_snippet":null,"robots_max_videopreview":null,"robots_max_imagepreview":"large","priority":null,"frequency":null,"local_seo":null,"limit_modified_date":false,"ai":null,"breadcrumb_settings":null,"seo_analyzer_scan_date":null,"created":"2026-08-05 03:38:49","updated":"2026-08-05 03:38:49","focus_keyword":null,"additional_keywords":null,"truseo_locale":null},"aioseo_breadcrumb":"<div class=\"aioseo-breadcrumbs\"><span class=\"aioseo-breadcrumb\">\n\t\t\t<a href=\"https:\/\/www.binauralmedia.org\/news\" title=\"Home\">Home<\/a>\n\t\t<\/span><span class=\"aioseo-breadcrumb-separator\">&raquo;<\/span><span class=\"aioseo-breadcrumb\">\n\t\t\t<a href=\"https:\/\/www.binauralmedia.org\/news\/arquivo\/category\/news\" title=\"Not\u00edcias\">Not\u00edcias<\/a>\n\t\t<\/span><span class=\"aioseo-breadcrumb-separator\">&raquo;<\/span><span class=\"aioseo-breadcrumb\">\n\t\t\tBinaural\/Nodar promove ateli\u00ea Sketch &amp; Sound em Oliveira de Frades\n\t\t<\/span><\/div>","aioseo_breadcrumb_json":[{"label":"Home","link":"https:\/\/www.binauralmedia.org\/news"},{"label":"Not\u00edcias","link":"https:\/\/www.binauralmedia.org\/news\/arquivo\/category\/news"},{"label":"Binaural\/Nodar promove ateli\u00ea Sketch &#038; Sound em Oliveira de Frades","link":"https:\/\/www.binauralmedia.org\/news\/arquivo\/10613"}],"_links":{"self":[{"href":"https:\/\/www.binauralmedia.org\/news\/wp-json\/wp\/v2\/posts\/10613","targetHints":{"allow":["GET"]}}],"collection":[{"href":"https:\/\/www.binauralmedia.org\/news\/wp-json\/wp\/v2\/posts"}],"about":[{"href":"https:\/\/www.binauralmedia.org\/news\/wp-json\/wp\/v2\/types\/post"}],"author":[{"embeddable":true,"href":"https:\/\/www.binauralmedia.org\/news\/wp-json\/wp\/v2\/users\/2"}],"replies":[{"embeddable":true,"href":"https:\/\/www.binauralmedia.org\/news\/wp-json\/wp\/v2\/comments?post=10613"}],"version-history":[{"count":2,"href":"https:\/\/www.binauralmedia.org\/news\/wp-json\/wp\/v2\/posts\/10613\/revisions"}],"predecessor-version":[{"id":13328,"href":"https:\/\/www.binauralmedia.org\/news\/wp-json\/wp\/v2\/posts\/10613\/revisions\/13328"}],"wp:featuredmedia":[{"embeddable":true,"href":"https:\/\/www.binauralmedia.org\/news\/wp-json\/wp\/v2\/media\/10615"}],"wp:attachment":[{"href":"https:\/\/www.binauralmedia.org\/news\/wp-json\/wp\/v2\/media?parent=10613"}],"wp:term":[{"taxonomy":"category","embeddable":true,"href":"https:\/\/www.binauralmedia.org\/news\/wp-json\/wp\/v2\/categories?post=10613"},{"taxonomy":"post_tag","embeddable":true,"href":"https:\/\/www.binauralmedia.org\/news\/wp-json\/wp\/v2\/tags?post=10613"}],"curies":[{"name":"wp","href":"https:\/\/api.w.org\/{rel}","templated":true}]}}