{"id":10525,"date":"2018-02-26T15:19:04","date_gmt":"2018-02-26T15:19:04","guid":{"rendered":"http:\/\/binauralmedia.org\/news\/?p=10525"},"modified":"2021-12-13T15:31:14","modified_gmt":"2021-12-13T15:31:14","slug":"lendas-sonoras-de-oliveira-de-frades","status":"publish","type":"post","link":"https:\/\/www.binauralmedia.org\/news\/arquivo\/10525","title":{"rendered":"Lendas Sonoras de Oliveira de Frades com casa cheia"},"content":{"rendered":"<p><div class=\"fusion-fullwidth fullwidth-box fusion-builder-row-1 nonhundred-percent-fullwidth non-hundred-percent-height-scrolling\" style=\"--awb-border-radius-top-left:0px;--awb-border-radius-top-right:0px;--awb-border-radius-bottom-right:0px;--awb-border-radius-bottom-left:0px;--awb-flex-wrap:wrap;\" ><div class=\"fusion-builder-row fusion-row\"><div class=\"fusion-layout-column fusion_builder_column fusion-builder-column-0 fusion_builder_column_1_1 1_1 fusion-one-full fusion-column-first fusion-column-last\" style=\"--awb-bg-size:cover;--awb-margin-bottom:0px;\"><div class=\"fusion-column-wrapper fusion-flex-column-wrapper-legacy\"><div class=\"fusion-text fusion-text-1\"><p>A Binaural Nodar teve o gosto de participar no passado dia 21\/2 no Concurso Nacional de Leitura para alunos do Munic\u00edpio de Oliveira de Frades que decorreu na Biblioteca Municipal, com uma apresenta\u00e7\u00e3o do recital audiovisual &#8220;Lendas Sonoras de Oliveira de Frades&#8221; interpretado por Luis Gomes da Costa.<\/p>\n<p>Foi bom estar com jovens amantes da leitura; Foi bom conhecer professores entusiastas e dedicados aos seus alunos; Foi bom ver uma nova biblioteca a encher-se de palavras, imagin\u00e1rios, sons e imagens, num concelho em pleno processo de recupera\u00e7\u00e3o de um per\u00edodo emocionalmente muito dif\u00edcil.<\/p>\n<\/div><div class=\"fusion-clearfix\"><\/div><\/div><\/div><\/div><\/div><div class=\"fusion-fullwidth fullwidth-box fusion-builder-row-2 nonhundred-percent-fullwidth non-hundred-percent-height-scrolling\" style=\"--awb-border-radius-top-left:0px;--awb-border-radius-top-right:0px;--awb-border-radius-bottom-right:0px;--awb-border-radius-bottom-left:0px;--awb-flex-wrap:wrap;\" ><div class=\"fusion-builder-row fusion-row\"><div class=\"fusion-layout-column fusion_builder_column fusion-builder-column-1 fusion_builder_column_1_1 1_1 fusion-one-full fusion-column-first fusion-column-last\" style=\"--awb-bg-size:cover;--awb-margin-bottom:0px;\"><div class=\"fusion-column-wrapper fusion-flex-column-wrapper-legacy\"><div class=\"fusion-text fusion-text-2\"><\/div>\n\t\t\t\t<p class=\"rs-p-wp-fix\"><\/p>\n\t\t\t\t<sr7-module data-alias=\"lendas-sonoras-de-oliveira-de-frades\" data-id=\"23\" id=\"SR7_23_1\" data-version=\"6.7.58\">\n\t\t\t\t\t<sr7-adjuster><\/sr7-adjuster>\n\t\t\t\t\t<sr7-content>\n\t\t\t\t\t\t<sr7-carousel>\n\t\t\t\t\t\t<sr7-slide id=\"SR7_23_1-20STR1\" data-key=\"20STR1\">\n\t\t\t\t\t\t\t<sr7-bg id=\"SR7_23_1-20STR1-slidebg\" class=\"sr7-layer\"><noscript><img class=\"lazyload\" decoding=\"async\" src=\"data:image\/gif;base64,R0lGODlhAQABAAAAACH5BAEKAAEALAAAAAABAAEAAAICTAEAOw==\" data-orig-src=\"\/\/live.staticflickr.com\/4678\/26626556098_23ca2cedf1_o.jpg\" alt=\"\" title=\"Lendas Sonoras de Oliveira de Frades com casa cheia\"><\/noscript><\/sr7-bg>\n\t\t\t\t\t\t<\/sr7-slide>\n\t\t\t\t\t\t<sr7-slide id=\"SR7_23_1-20STR2\" data-key=\"20STR2\">\n\t\t\t\t\t\t\t<sr7-bg id=\"SR7_23_1-20STR2-slidebg\" class=\"sr7-layer\"><noscript><img class=\"lazyload\" decoding=\"async\" src=\"data:image\/gif;base64,R0lGODlhAQABAAAAACH5BAEKAAEALAAAAAABAAEAAAICTAEAOw==\" data-orig-src=\"\/\/live.staticflickr.com\/4714\/26626557178_eed782a20e_o.jpg\" alt=\"\" title=\"Lendas Sonoras de Oliveira de Frades com casa cheia\"><\/noscript><\/sr7-bg>\n\t\t\t\t\t\t<\/sr7-slide>\n\t\t\t\t\t\t<sr7-slide id=\"SR7_23_1-20STR3\" data-key=\"20STR3\">\n\t\t\t\t\t\t\t<sr7-bg id=\"SR7_23_1-20STR3-slidebg\" class=\"sr7-layer\"><noscript><img class=\"lazyload\" decoding=\"async\" src=\"data:image\/gif;base64,R0lGODlhAQABAAAAACH5BAEKAAEALAAAAAABAAEAAAICTAEAOw==\" data-orig-src=\"\/\/live.staticflickr.com\/4758\/26626558058_67aba6d779_o.jpg\" alt=\"\" title=\"Lendas Sonoras de Oliveira de Frades com casa cheia\"><\/noscript><\/sr7-bg>\n\t\t\t\t\t\t<\/sr7-slide>\n\t\t\t\t\t\t<sr7-slide id=\"SR7_23_1-20STR4\" data-key=\"20STR4\">\n\t\t\t\t\t\t\t<sr7-bg id=\"SR7_23_1-20STR4-slidebg\" class=\"sr7-layer\"><noscript><img class=\"lazyload\" decoding=\"async\" src=\"data:image\/gif;base64,R0lGODlhAQABAAAAACH5BAEKAAEALAAAAAABAAEAAAICTAEAOw==\" data-orig-src=\"\/\/live.staticflickr.com\/4670\/26626558608_10f167c757_o.jpg\" alt=\"\" title=\"Lendas Sonoras de Oliveira de Frades com casa cheia\"><\/noscript><\/sr7-bg>\n\t\t\t\t\t\t<\/sr7-slide>\n\t\t\t\t\t\t<sr7-slide id=\"SR7_23_1-20STR5\" data-key=\"20STR5\">\n\t\t\t\t\t\t\t<sr7-bg id=\"SR7_23_1-20STR5-slidebg\" class=\"sr7-layer\"><noscript><img class=\"lazyload\" decoding=\"async\" src=\"data:image\/gif;base64,R0lGODlhAQABAAAAACH5BAEKAAEALAAAAAABAAEAAAICTAEAOw==\" data-orig-src=\"\/\/live.staticflickr.com\/4764\/26626559488_bf109eacc4_o.jpg\" alt=\"\" title=\"Lendas Sonoras de Oliveira de Frades com casa cheia\"><\/noscript><\/sr7-bg>\n\t\t\t\t\t\t<\/sr7-slide>\n\t\t\t\t\t\t<sr7-slide id=\"SR7_23_1-47\" data-key=\"47\">\n\t\t\t\t\t\t<\/sr7-slide>\n\t\t\t\t\t\t<\/sr7-carousel>\n\t\t\t\t\t<\/sr7-content>\n\t\t\t\t\t<image_lists style=\"display:none\">\n\t\t\t\t\t\t<img class=\"lazyload\" data-src=\"\/\/live.staticflickr.com\/4678\/26626556098_23ca2cedf1_o.jpg\" width=\"0\" height=\"0\" data-dbsrc=\"Ly9saXZlLnN0YXRpY2ZsaWNrci5jb20vNDY3OC8yNjYyNjU1NjA5OF8yM2NhMmNlZGYxX28uanBn\"\/>\n\t\t\t\t\t\t<img class=\"lazyload\" data-src=\"\/\/live.staticflickr.com\/4714\/26626557178_eed782a20e_o.jpg\" width=\"0\" height=\"0\" data-dbsrc=\"Ly9saXZlLnN0YXRpY2ZsaWNrci5jb20vNDcxNC8yNjYyNjU1NzE3OF9lZWQ3ODJhMjBlX28uanBn\"\/>\n\t\t\t\t\t\t<img class=\"lazyload\" data-src=\"\/\/live.staticflickr.com\/4758\/26626558058_67aba6d779_o.jpg\" width=\"0\" height=\"0\" data-dbsrc=\"Ly9saXZlLnN0YXRpY2ZsaWNrci5jb20vNDc1OC8yNjYyNjU1ODA1OF82N2FiYTZkNzc5X28uanBn\"\/>\n\t\t\t\t\t\t<img class=\"lazyload\" data-src=\"\/\/live.staticflickr.com\/4670\/26626558608_10f167c757_o.jpg\" width=\"0\" height=\"0\" data-dbsrc=\"Ly9saXZlLnN0YXRpY2ZsaWNrci5jb20vNDY3MC8yNjYyNjU1ODYwOF8xMGYxNjdjNzU3X28uanBn\"\/>\n\t\t\t\t\t\t<img class=\"lazyload\" data-src=\"\/\/live.staticflickr.com\/4764\/26626559488_bf109eacc4_o.jpg\" width=\"0\" height=\"0\" data-dbsrc=\"Ly9saXZlLnN0YXRpY2ZsaWNrci5jb20vNDc2NC8yNjYyNjU1OTQ4OF9iZjEwOWVhY2M0X28uanBn\"\/>\n\t\t\t\t\t<\/image_lists>\n\t\t\t\t<\/sr7-module>\n\t\t\t\t<script>\n\t\t\t\t\twindow.SR7 ??={};SR7.PMH ??={}; SR7.PMH[\"SR7_23_1\"] = {cn:100,state:false,fn: function() { if (window._tpt!==undefined && window._tpt.prepareModuleHeight !== undefined) {  _tpt.prepareModuleHeight({id:\"SR7_23_1\",el:[],type:'carousel',shdw:'0',gh:[600],gw:[1240],vpt:['-200px'],size:{fullWidth:false, fullHeight:false},mh:'0',onh:0,onw:0,bg:{color:'transparent'},carousel:{pt:'0',pb:'0'},plType:'2',plColor:'#FFFFFF'});   SR7.PMH[\"SR7_23_1\"].state=true;} else if(SR7.PMH[\"SR7_23_1\"].cn-->0)\tsetTimeout( SR7.PMH[\"SR7_23_1\"].fn,19);}};SR7.PMH[\"SR7_23_1\" ].fn();\n\t\t\t\t<\/script>\n<div class=\"fusion-clearfix\"><\/div><\/div><\/div><\/div><\/div><\/p>\n","protected":false},"excerpt":{"rendered":"","protected":false},"author":2,"featured_media":10514,"comment_status":"closed","ping_status":"closed","sticky":false,"template":"","format":"standard","meta":{"_acf_changed":false,"_bbp_topic_count":0,"_bbp_reply_count":0,"_bbp_total_topic_count":0,"_bbp_total_reply_count":0,"_bbp_voice_count":0,"_bbp_anonymous_reply_count":0,"_bbp_topic_count_hidden":0,"_bbp_reply_count_hidden":0,"_bbp_forum_subforum_count":0,"footnotes":""},"categories":[1161,1158,1],"tags":[],"class_list":["post-10525","post","type-post","status-publish","format-standard","has-post-thumbnail","hentry","category-artistic-creations","category-visual-sound-ethnograhpy","category-news"],"acf":[],"aioseo_notices":[],"aioseo_head":"\n\t\t<!-- All in One SEO 5.0.1.1 - aioseo.com -->\n\t<meta name=\"description\" content=\"A Binaural Nodar teve o gosto de participar no passado dia 21\/2 no Concurso Nacional de Leitura para alunos do Munic\u00edpio de Oliveira de Frades que decorreu na Biblioteca Municipal, com uma apresenta\u00e7\u00e3o do recital audiovisual \u201cLendas Sonoras de Oliveira de Frades\u201d interpretado por Luis Gomes da Costa. Foi bom estar com jovens amantes da\" \/>\n\t<meta name=\"robots\" content=\"max-image-preview:large\" \/>\n\t<meta name=\"author\" content=\"luiscosta\"\/>\n\t<link rel=\"canonical\" href=\"https:\/\/www.binauralmedia.org\/news\/arquivo\/10525\" \/>\n\t<meta name=\"generator\" content=\"All in One SEO (AIOSEO) 5.0.1.1\" \/>\n\t\t<meta property=\"og:locale\" content=\"pt_PT\" \/>\n\t\t<meta property=\"og:site_name\" content=\"binauralmedia.org - Rural Based Sound\/Media Arts &amp; Social Research\" \/>\n\t\t<meta property=\"og:type\" content=\"article\" \/>\n\t\t<meta property=\"og:title\" content=\"Lendas Sonoras de Oliveira de Frades com casa cheia - binauralmedia.org\" \/>\n\t\t<meta property=\"og:description\" content=\"A Binaural Nodar teve o gosto de participar no passado dia 21\/2 no Concurso Nacional de Leitura para alunos do Munic\u00edpio de Oliveira de Frades que decorreu na Biblioteca Municipal, com uma apresenta\u00e7\u00e3o do recital audiovisual \u201cLendas Sonoras de Oliveira de Frades\u201d interpretado por Luis Gomes da Costa. Foi bom estar com jovens amantes da\" \/>\n\t\t<meta property=\"og:url\" content=\"https:\/\/www.binauralmedia.org\/news\/arquivo\/10525\" \/>\n\t\t<meta property=\"article:published_time\" content=\"2018-02-26T15:19:04+00:00\" \/>\n\t\t<meta property=\"article:modified_time\" content=\"2021-12-13T15:31:14+00:00\" \/>\n\t\t<meta name=\"twitter:card\" content=\"summary_large_image\" \/>\n\t\t<meta name=\"twitter:title\" content=\"Lendas Sonoras de Oliveira de Frades com casa cheia - binauralmedia.org\" \/>\n\t\t<meta name=\"twitter:description\" content=\"A Binaural Nodar teve o gosto de participar no passado dia 21\/2 no Concurso Nacional de Leitura para alunos do Munic\u00edpio de Oliveira de Frades que decorreu na Biblioteca Municipal, com uma apresenta\u00e7\u00e3o do recital audiovisual \u201cLendas Sonoras de Oliveira de Frades\u201d interpretado por Luis Gomes da Costa. Foi bom estar com jovens amantes da\" \/>\n\t\t<script type=\"application\/ld+json\" class=\"aioseo-schema\">\n\t\t\t{\"@context\":\"https:\\\/\\\/schema.org\",\"@graph\":[{\"@type\":\"BlogPosting\",\"@id\":\"https:\\\/\\\/www.binauralmedia.org\\\/news\\\/arquivo\\\/10525#blogposting\",\"name\":\"Lendas Sonoras de Oliveira de Frades com casa cheia - binauralmedia.org\",\"headline\":\"Lendas Sonoras de Oliveira de Frades com casa cheia\",\"author\":{\"@id\":\"https:\\\/\\\/www.binauralmedia.org\\\/news\\\/arquivo\\\/author\\\/luiscosta#author\"},\"publisher\":{\"@id\":\"https:\\\/\\\/www.binauralmedia.org\\\/news\\\/#organization\"},\"image\":{\"@type\":\"ImageObject\",\"url\":\"https:\\\/\\\/www.binauralmedia.org\\\/news\\\/wp-content\\\/uploads\\\/17499258_1375963609117064_496387336554791259_n.jpg\",\"width\":679,\"height\":960},\"datePublished\":\"2018-02-26T15:19:04+00:00\",\"dateModified\":\"2021-12-13T15:31:14+00:00\",\"inLanguage\":\"pt-PT\",\"mainEntityOfPage\":{\"@id\":\"https:\\\/\\\/www.binauralmedia.org\\\/news\\\/arquivo\\\/10525#webpage\"},\"isPartOf\":{\"@id\":\"https:\\\/\\\/www.binauralmedia.org\\\/news\\\/arquivo\\\/10525#webpage\"},\"articleSection\":\"Cria\\u00e7\\u00f5es Art\\u00edsticas, Etnografia Sonora e Visual, Not\\u00edcias, Opcional\"},{\"@type\":\"BreadcrumbList\",\"@id\":\"https:\\\/\\\/www.binauralmedia.org\\\/news\\\/arquivo\\\/10525#breadcrumblist\",\"itemListElement\":[{\"@type\":\"ListItem\",\"@id\":\"https:\\\/\\\/www.binauralmedia.org\\\/news#listItem\",\"position\":1,\"name\":\"Home\",\"item\":\"https:\\\/\\\/www.binauralmedia.org\\\/news\",\"nextItem\":{\"@type\":\"ListItem\",\"@id\":\"https:\\\/\\\/www.binauralmedia.org\\\/news\\\/arquivo\\\/category\\\/news#listItem\",\"name\":\"Not\\u00edcias\"}},{\"@type\":\"ListItem\",\"@id\":\"https:\\\/\\\/www.binauralmedia.org\\\/news\\\/arquivo\\\/category\\\/news#listItem\",\"position\":2,\"name\":\"Not\\u00edcias\",\"item\":\"https:\\\/\\\/www.binauralmedia.org\\\/news\\\/arquivo\\\/category\\\/news\",\"nextItem\":{\"@type\":\"ListItem\",\"@id\":\"https:\\\/\\\/www.binauralmedia.org\\\/news\\\/arquivo\\\/10525#listItem\",\"name\":\"Lendas Sonoras de Oliveira de Frades com casa cheia\"},\"previousItem\":{\"@type\":\"ListItem\",\"@id\":\"https:\\\/\\\/www.binauralmedia.org\\\/news#listItem\",\"name\":\"Home\"}},{\"@type\":\"ListItem\",\"@id\":\"https:\\\/\\\/www.binauralmedia.org\\\/news\\\/arquivo\\\/10525#listItem\",\"position\":3,\"name\":\"Lendas Sonoras de Oliveira de Frades com casa cheia\",\"previousItem\":{\"@type\":\"ListItem\",\"@id\":\"https:\\\/\\\/www.binauralmedia.org\\\/news\\\/arquivo\\\/category\\\/news#listItem\",\"name\":\"Not\\u00edcias\"}}]},{\"@type\":\"Organization\",\"@id\":\"https:\\\/\\\/www.binauralmedia.org\\\/news\\\/#organization\",\"name\":\"binauralmedia.org\",\"description\":\"Rural Based Sound\\\/Media Arts & Social Research\",\"url\":\"https:\\\/\\\/www.binauralmedia.org\\\/news\\\/\"},{\"@type\":\"Person\",\"@id\":\"https:\\\/\\\/www.binauralmedia.org\\\/news\\\/arquivo\\\/author\\\/luiscosta#author\",\"url\":\"https:\\\/\\\/www.binauralmedia.org\\\/news\\\/arquivo\\\/author\\\/luiscosta\",\"name\":\"luiscosta\"},{\"@type\":\"WebPage\",\"@id\":\"https:\\\/\\\/www.binauralmedia.org\\\/news\\\/arquivo\\\/10525#webpage\",\"url\":\"https:\\\/\\\/www.binauralmedia.org\\\/news\\\/arquivo\\\/10525\",\"name\":\"Lendas Sonoras de Oliveira de Frades com casa cheia - binauralmedia.org\",\"description\":\"A Binaural Nodar teve o gosto de participar no passado dia 21\\\/2 no Concurso Nacional de Leitura para alunos do Munic\\u00edpio de Oliveira de Frades que decorreu na Biblioteca Municipal, com uma apresenta\\u00e7\\u00e3o do recital audiovisual \\u201cLendas Sonoras de Oliveira de Frades\\u201d interpretado por Luis Gomes da Costa. Foi bom estar com jovens amantes da\",\"inLanguage\":\"pt-PT\",\"isPartOf\":{\"@id\":\"https:\\\/\\\/www.binauralmedia.org\\\/news\\\/#website\"},\"breadcrumb\":{\"@id\":\"https:\\\/\\\/www.binauralmedia.org\\\/news\\\/arquivo\\\/10525#breadcrumblist\"},\"author\":{\"@id\":\"https:\\\/\\\/www.binauralmedia.org\\\/news\\\/arquivo\\\/author\\\/luiscosta#author\"},\"creator\":{\"@id\":\"https:\\\/\\\/www.binauralmedia.org\\\/news\\\/arquivo\\\/author\\\/luiscosta#author\"},\"image\":{\"@type\":\"ImageObject\",\"url\":\"https:\\\/\\\/www.binauralmedia.org\\\/news\\\/wp-content\\\/uploads\\\/17499258_1375963609117064_496387336554791259_n.jpg\",\"@id\":\"https:\\\/\\\/www.binauralmedia.org\\\/news\\\/arquivo\\\/10525\\\/#mainImage\",\"width\":679,\"height\":960},\"primaryImageOfPage\":{\"@id\":\"https:\\\/\\\/www.binauralmedia.org\\\/news\\\/arquivo\\\/10525#mainImage\"},\"datePublished\":\"2018-02-26T15:19:04+00:00\",\"dateModified\":\"2021-12-13T15:31:14+00:00\"},{\"@type\":\"WebSite\",\"@id\":\"https:\\\/\\\/www.binauralmedia.org\\\/news\\\/#website\",\"url\":\"https:\\\/\\\/www.binauralmedia.org\\\/news\\\/\",\"name\":\"binauralmedia.org\",\"description\":\"Rural Based Sound\\\/Media Arts & Social Research\",\"inLanguage\":\"pt-PT\",\"publisher\":{\"@id\":\"https:\\\/\\\/www.binauralmedia.org\\\/news\\\/#organization\"}}]}\n\t\t<\/script>\n\t\t<!-- All in One SEO -->\n\n","aioseo_head_json":{"title":"Lendas Sonoras de Oliveira de Frades com casa cheia - binauralmedia.org","description":"A Binaural Nodar teve o gosto de participar no passado dia 21\/2 no Concurso Nacional de Leitura para alunos do Munic\u00edpio de Oliveira de Frades que decorreu na Biblioteca Municipal, com uma apresenta\u00e7\u00e3o do recital audiovisual \u201cLendas Sonoras de Oliveira de Frades\u201d interpretado por Luis Gomes da Costa. Foi bom estar com jovens amantes da","canonical_url":"https:\/\/www.binauralmedia.org\/news\/arquivo\/10525","robots":"max-image-preview:large","keywords":"","webmasterTools":{"miscellaneous":""},"schema":{"@context":"https:\/\/schema.org","@graph":[{"@type":"BlogPosting","@id":"https:\/\/www.binauralmedia.org\/news\/arquivo\/10525#blogposting","name":"Lendas Sonoras de Oliveira de Frades com casa cheia - binauralmedia.org","headline":"Lendas Sonoras de Oliveira de Frades com casa cheia","author":{"@id":"https:\/\/www.binauralmedia.org\/news\/arquivo\/author\/luiscosta#author"},"publisher":{"@id":"https:\/\/www.binauralmedia.org\/news\/#organization"},"image":{"@type":"ImageObject","url":"https:\/\/www.binauralmedia.org\/news\/wp-content\/uploads\/17499258_1375963609117064_496387336554791259_n.jpg","width":679,"height":960},"datePublished":"2018-02-26T15:19:04+00:00","dateModified":"2021-12-13T15:31:14+00:00","inLanguage":"pt-PT","mainEntityOfPage":{"@id":"https:\/\/www.binauralmedia.org\/news\/arquivo\/10525#webpage"},"isPartOf":{"@id":"https:\/\/www.binauralmedia.org\/news\/arquivo\/10525#webpage"},"articleSection":"Cria\u00e7\u00f5es Art\u00edsticas, Etnografia Sonora e Visual, Not\u00edcias, Opcional"},{"@type":"BreadcrumbList","@id":"https:\/\/www.binauralmedia.org\/news\/arquivo\/10525#breadcrumblist","itemListElement":[{"@type":"ListItem","@id":"https:\/\/www.binauralmedia.org\/news#listItem","position":1,"name":"Home","item":"https:\/\/www.binauralmedia.org\/news","nextItem":{"@type":"ListItem","@id":"https:\/\/www.binauralmedia.org\/news\/arquivo\/category\/news#listItem","name":"Not\u00edcias"}},{"@type":"ListItem","@id":"https:\/\/www.binauralmedia.org\/news\/arquivo\/category\/news#listItem","position":2,"name":"Not\u00edcias","item":"https:\/\/www.binauralmedia.org\/news\/arquivo\/category\/news","nextItem":{"@type":"ListItem","@id":"https:\/\/www.binauralmedia.org\/news\/arquivo\/10525#listItem","name":"Lendas Sonoras de Oliveira de Frades com casa cheia"},"previousItem":{"@type":"ListItem","@id":"https:\/\/www.binauralmedia.org\/news#listItem","name":"Home"}},{"@type":"ListItem","@id":"https:\/\/www.binauralmedia.org\/news\/arquivo\/10525#listItem","position":3,"name":"Lendas Sonoras de Oliveira de Frades com casa cheia","previousItem":{"@type":"ListItem","@id":"https:\/\/www.binauralmedia.org\/news\/arquivo\/category\/news#listItem","name":"Not\u00edcias"}}]},{"@type":"Organization","@id":"https:\/\/www.binauralmedia.org\/news\/#organization","name":"binauralmedia.org","description":"Rural Based Sound\/Media Arts & Social Research","url":"https:\/\/www.binauralmedia.org\/news\/"},{"@type":"Person","@id":"https:\/\/www.binauralmedia.org\/news\/arquivo\/author\/luiscosta#author","url":"https:\/\/www.binauralmedia.org\/news\/arquivo\/author\/luiscosta","name":"luiscosta"},{"@type":"WebPage","@id":"https:\/\/www.binauralmedia.org\/news\/arquivo\/10525#webpage","url":"https:\/\/www.binauralmedia.org\/news\/arquivo\/10525","name":"Lendas Sonoras de Oliveira de Frades com casa cheia - binauralmedia.org","description":"A Binaural Nodar teve o gosto de participar no passado dia 21\/2 no Concurso Nacional de Leitura para alunos do Munic\u00edpio de Oliveira de Frades que decorreu na Biblioteca Municipal, com uma apresenta\u00e7\u00e3o do recital audiovisual \u201cLendas Sonoras de Oliveira de Frades\u201d interpretado por Luis Gomes da Costa. Foi bom estar com jovens amantes da","inLanguage":"pt-PT","isPartOf":{"@id":"https:\/\/www.binauralmedia.org\/news\/#website"},"breadcrumb":{"@id":"https:\/\/www.binauralmedia.org\/news\/arquivo\/10525#breadcrumblist"},"author":{"@id":"https:\/\/www.binauralmedia.org\/news\/arquivo\/author\/luiscosta#author"},"creator":{"@id":"https:\/\/www.binauralmedia.org\/news\/arquivo\/author\/luiscosta#author"},"image":{"@type":"ImageObject","url":"https:\/\/www.binauralmedia.org\/news\/wp-content\/uploads\/17499258_1375963609117064_496387336554791259_n.jpg","@id":"https:\/\/www.binauralmedia.org\/news\/arquivo\/10525\/#mainImage","width":679,"height":960},"primaryImageOfPage":{"@id":"https:\/\/www.binauralmedia.org\/news\/arquivo\/10525#mainImage"},"datePublished":"2018-02-26T15:19:04+00:00","dateModified":"2021-12-13T15:31:14+00:00"},{"@type":"WebSite","@id":"https:\/\/www.binauralmedia.org\/news\/#website","url":"https:\/\/www.binauralmedia.org\/news\/","name":"binauralmedia.org","description":"Rural Based Sound\/Media Arts & Social Research","inLanguage":"pt-PT","publisher":{"@id":"https:\/\/www.binauralmedia.org\/news\/#organization"}}]},"og:locale":"pt_PT","og:site_name":"binauralmedia.org - Rural Based Sound\/Media Arts &amp; Social Research","og:type":"article","og:title":"Lendas Sonoras de Oliveira de Frades com casa cheia - binauralmedia.org","og:description":"A Binaural Nodar teve o gosto de participar no passado dia 21\/2 no Concurso Nacional de Leitura para alunos do Munic\u00edpio de Oliveira de Frades que decorreu na Biblioteca Municipal, com uma apresenta\u00e7\u00e3o do recital audiovisual \u201cLendas Sonoras de Oliveira de Frades\u201d interpretado por Luis Gomes da Costa. Foi bom estar com jovens amantes da","og:url":"https:\/\/www.binauralmedia.org\/news\/arquivo\/10525","article:published_time":"2018-02-26T15:19:04+00:00","article:modified_time":"2021-12-13T15:31:14+00:00","twitter:card":"summary_large_image","twitter:title":"Lendas Sonoras de Oliveira de Frades com casa cheia - binauralmedia.org","twitter:description":"A Binaural Nodar teve o gosto de participar no passado dia 21\/2 no Concurso Nacional de Leitura para alunos do Munic\u00edpio de Oliveira de Frades que decorreu na Biblioteca Municipal, com uma apresenta\u00e7\u00e3o do recital audiovisual \u201cLendas Sonoras de Oliveira de Frades\u201d interpretado por Luis Gomes da Costa. Foi bom estar com jovens amantes da"},"aioseo_meta_data":{"post_id":"10525","title":null,"description":null,"keywords":null,"keyphrases":null,"primary_term":null,"canonical_url":null,"og_title":null,"og_description":null,"og_object_type":"default","og_image_type":"default","og_image_custom_url":null,"og_image_custom_fields":null,"og_image_url":null,"og_image_width":null,"og_image_height":null,"og_video":null,"og_custom_url":null,"og_article_section":null,"og_article_tags":null,"twitter_use_og":false,"twitter_card":"default","twitter_image_type":"default","twitter_image_custom_url":null,"twitter_image_custom_fields":null,"twitter_image_url":null,"twitter_title":null,"twitter_description":null,"schema_type":"default","schema_type_options":null,"schema":{"blockGraphs":[],"customGraphs":[],"default":{"data":{"Article":[],"Course":[],"Dataset":[],"FAQPage":[],"Movie":[],"Person":[],"Product":[],"ProductReview":[],"Car":[],"Recipe":[],"Service":[],"SoftwareApplication":[],"WebPage":[]},"graphName":"","isEnabled":true},"graphs":[]},"pillar_content":false,"robots_default":true,"robots_noindex":false,"robots_noarchive":false,"robots_nosnippet":false,"robots_nofollow":false,"robots_noimageindex":false,"robots_noodp":false,"robots_notranslate":false,"robots_max_snippet":null,"robots_max_videopreview":null,"robots_max_imagepreview":"large","priority":null,"frequency":null,"local_seo":null,"limit_modified_date":false,"ai":null,"breadcrumb_settings":null,"seo_analyzer_scan_date":null,"created":"2026-08-05 03:30:03","updated":"2026-08-05 03:30:03","focus_keyword":null,"additional_keywords":null,"truseo_locale":null},"aioseo_breadcrumb":"<div class=\"aioseo-breadcrumbs\"><span class=\"aioseo-breadcrumb\">\n\t\t\t<a href=\"https:\/\/www.binauralmedia.org\/news\" title=\"Home\">Home<\/a>\n\t\t<\/span><span class=\"aioseo-breadcrumb-separator\">&raquo;<\/span><span class=\"aioseo-breadcrumb\">\n\t\t\t<a href=\"https:\/\/www.binauralmedia.org\/news\/arquivo\/category\/news\" title=\"Not\u00edcias\">Not\u00edcias<\/a>\n\t\t<\/span><span class=\"aioseo-breadcrumb-separator\">&raquo;<\/span><span class=\"aioseo-breadcrumb\">\n\t\t\tLendas Sonoras de Oliveira de Frades com casa cheia\n\t\t<\/span><\/div>","aioseo_breadcrumb_json":[{"label":"Home","link":"https:\/\/www.binauralmedia.org\/news"},{"label":"Not\u00edcias","link":"https:\/\/www.binauralmedia.org\/news\/arquivo\/category\/news"},{"label":"Lendas Sonoras de Oliveira de Frades com casa cheia","link":"https:\/\/www.binauralmedia.org\/news\/arquivo\/10525"}],"_links":{"self":[{"href":"https:\/\/www.binauralmedia.org\/news\/wp-json\/wp\/v2\/posts\/10525","targetHints":{"allow":["GET"]}}],"collection":[{"href":"https:\/\/www.binauralmedia.org\/news\/wp-json\/wp\/v2\/posts"}],"about":[{"href":"https:\/\/www.binauralmedia.org\/news\/wp-json\/wp\/v2\/types\/post"}],"author":[{"embeddable":true,"href":"https:\/\/www.binauralmedia.org\/news\/wp-json\/wp\/v2\/users\/2"}],"replies":[{"embeddable":true,"href":"https:\/\/www.binauralmedia.org\/news\/wp-json\/wp\/v2\/comments?post=10525"}],"version-history":[{"count":5,"href":"https:\/\/www.binauralmedia.org\/news\/wp-json\/wp\/v2\/posts\/10525\/revisions"}],"predecessor-version":[{"id":15694,"href":"https:\/\/www.binauralmedia.org\/news\/wp-json\/wp\/v2\/posts\/10525\/revisions\/15694"}],"wp:featuredmedia":[{"embeddable":true,"href":"https:\/\/www.binauralmedia.org\/news\/wp-json\/wp\/v2\/media\/10514"}],"wp:attachment":[{"href":"https:\/\/www.binauralmedia.org\/news\/wp-json\/wp\/v2\/media?parent=10525"}],"wp:term":[{"taxonomy":"category","embeddable":true,"href":"https:\/\/www.binauralmedia.org\/news\/wp-json\/wp\/v2\/categories?post=10525"},{"taxonomy":"post_tag","embeddable":true,"href":"https:\/\/www.binauralmedia.org\/news\/wp-json\/wp\/v2\/tags?post=10525"}],"curies":[{"name":"wp","href":"https:\/\/api.w.org\/{rel}","templated":true}]}}