{"id":10494,"date":"2018-02-16T13:32:47","date_gmt":"2018-02-16T13:32:47","guid":{"rendered":"http:\/\/binauralmedia.org\/news\/?p=10494"},"modified":"2021-08-16T15:40:23","modified_gmt":"2021-08-16T15:40:23","slug":"lendas-sonoras-de-oliveira-de-frades-apresentadas-na-biblioteca-municipal","status":"publish","type":"post","link":"https:\/\/www.binauralmedia.org\/news\/arquivo\/10494","title":{"rendered":"Lendas Sonoras de Oliveira de Frades apresentadas na Biblioteca Municipal"},"content":{"rendered":"<div class=\"fusion-fullwidth fullwidth-box fusion-builder-row-1 nonhundred-percent-fullwidth non-hundred-percent-height-scrolling\" style=\"--awb-border-radius-top-left:0px;--awb-border-radius-top-right:0px;--awb-border-radius-bottom-right:0px;--awb-border-radius-bottom-left:0px;--awb-flex-wrap:wrap;\" ><div class=\"fusion-builder-row fusion-row\"><div class=\"fusion-layout-column fusion_builder_column fusion-builder-column-0 fusion_builder_column_1_1 1_1 fusion-one-full fusion-column-first fusion-column-last\" style=\"--awb-bg-size:cover;--awb-margin-bottom:0px;\"><div class=\"fusion-column-wrapper fusion-flex-column-wrapper-legacy\"><div class=\"fusion-text fusion-text-1\"><p>LENDAS SONORAS DE OLIVEIRA DE FRADES<br \/>\nUm recital\u00a0de\u00a0Lu\u00eds Costa (Binaural\/Nodar)<br \/>\nBiblioteca Municipal de Oliveira\u00a0de\u00a0Frades<br \/>\nQuarta-feira, 21 fevereiro 2018 \u00e0s 14h00<\/p>\n<p>Estes s\u00e3o tempos em que hist\u00f3rias antigas das nossas gentes perdem import\u00e2ncia em detrimento\u00a0de\u00a0outras narrativas\u00a0de\u00a0car\u00e1cter global. No entanto, conhecer e, mais importante ainda, perceber a vida por detr\u00e1s das\u00a0lendas\u00a0antigas das gentes que passaram pelo territ\u00f3rio, pode, por exemplo, ajudar a juventude a re-ganhar algum sentido\u00a0de\u00a0auto-estima pela sua terra.<\/p>\n<p>\u201cLendas Sonoras de Oliveira de Frades\u201d \u00e9 um recital para a inf\u00e2ncia\u00a0de tr\u00eas\u00a0lendas\u00a0escolhidas do munic\u00edpio (lenda da anta de Paranho de Arca, lenda da pedra no ar e lenda da ponte de Cunhedo), as quais ser\u00e3o envoltas num ambiente sonoro e visual contempor\u00e2neo, potenciando assim novas leituras e apropria\u00e7\u00f5es\u00a0de\u00a0hist\u00f3rias perdidas na bruma dos tempos.<\/p>\n<p>Este espet\u00e1culo est\u00e1 integrado no contrato\u00a0de\u00a0apoio tripartido entre a\u00a0Direc\u00e7\u00e3o-Geral das Artes, o\u00a0Munic\u00edpio\u00a0de\u00a0Oliveira\u00a0de\u00a0Frades\u00a0e a\u00a0Binaural Nodar, assim como no projeto Europa Criativa \u201cRede Tramontana\u201d, da qual a Binaural\/Nodar \u00e9 presentemente chefe-de-fila.<\/p>\n<p><a href=\"http:\/\/www.binauralmedia.org\/news\/\/wp-content\/uploads\/lendas-sonoras-de-oliveira-de-frades.jpg\"><img decoding=\"async\" class=\"lazyload alignnone size-full wp-image-10496\" src=\"http:\/\/www.binauralmedia.org\/news\/\/wp-content\/uploads\/lendas-sonoras-de-oliveira-de-frades.jpg\" data-orig-src=\"http:\/\/www.binauralmedia.org\/news\/\/wp-content\/uploads\/lendas-sonoras-de-oliveira-de-frades.jpg\" alt=\"\" width=\"1000\" height=\"1414\" srcset=\"data:image\/svg+xml,%3Csvg%20xmlns%3D%27http%3A%2F%2Fwww.w3.org%2F2000%2Fsvg%27%20width%3D%271000%27%20height%3D%271414%27%20viewBox%3D%270%200%201000%201414%27%3E%3Crect%20width%3D%271000%27%20height%3D%271414%27%20fill-opacity%3D%220%22%2F%3E%3C%2Fsvg%3E\" data-srcset=\"https:\/\/www.binauralmedia.org\/news\/wp-content\/uploads\/lendas-sonoras-de-oliveira-de-frades-200x283.jpg 200w, https:\/\/www.binauralmedia.org\/news\/wp-content\/uploads\/lendas-sonoras-de-oliveira-de-frades-212x300.jpg 212w, https:\/\/www.binauralmedia.org\/news\/wp-content\/uploads\/lendas-sonoras-de-oliveira-de-frades-400x566.jpg 400w, https:\/\/www.binauralmedia.org\/news\/wp-content\/uploads\/lendas-sonoras-de-oliveira-de-frades-500x707.jpg 500w, https:\/\/www.binauralmedia.org\/news\/wp-content\/uploads\/lendas-sonoras-de-oliveira-de-frades-600x848.jpg 600w, https:\/\/www.binauralmedia.org\/news\/wp-content\/uploads\/lendas-sonoras-de-oliveira-de-frades-768x1086.jpg 768w, https:\/\/www.binauralmedia.org\/news\/wp-content\/uploads\/lendas-sonoras-de-oliveira-de-frades-800x1131.jpg 800w, https:\/\/www.binauralmedia.org\/news\/wp-content\/uploads\/lendas-sonoras-de-oliveira-de-frades.jpg 1000w\" data-sizes=\"auto\" data-orig-sizes=\"(max-width: 1000px) 100vw, 1000px\" \/><\/a><\/p>\n<\/div><div class=\"fusion-clearfix\"><\/div><\/div><\/div><\/div><\/div>\n","protected":false},"excerpt":{"rendered":"","protected":false},"author":2,"featured_media":10495,"comment_status":"closed","ping_status":"closed","sticky":false,"template":"","format":"standard","meta":{"_acf_changed":false,"_bbp_topic_count":0,"_bbp_reply_count":0,"_bbp_total_topic_count":0,"_bbp_total_reply_count":0,"_bbp_voice_count":0,"_bbp_anonymous_reply_count":0,"_bbp_topic_count_hidden":0,"_bbp_reply_count_hidden":0,"_bbp_forum_subforum_count":0,"footnotes":""},"categories":[1161,1158,1],"tags":[],"class_list":["post-10494","post","type-post","status-publish","format-standard","has-post-thumbnail","hentry","category-artistic-creations","category-visual-sound-ethnograhpy","category-news"],"acf":[],"aioseo_notices":[],"aioseo_head":"\n\t\t<!-- All in One SEO 5.0.1.1 - aioseo.com -->\n\t<meta name=\"robots\" content=\"max-image-preview:large\" \/>\n\t<meta name=\"author\" content=\"luiscosta\"\/>\n\t<link rel=\"canonical\" href=\"https:\/\/www.binauralmedia.org\/news\/arquivo\/10494\" \/>\n\t<meta name=\"generator\" content=\"All in One SEO (AIOSEO) 5.0.1.1\" \/>\n\t\t<meta property=\"og:locale\" content=\"pt_PT\" \/>\n\t\t<meta property=\"og:site_name\" content=\"binauralmedia.org - Rural Based Sound\/Media Arts &amp; Social Research\" \/>\n\t\t<meta property=\"og:type\" content=\"article\" \/>\n\t\t<meta property=\"og:title\" content=\"Lendas Sonoras de Oliveira de Frades apresentadas na Biblioteca Municipal - binauralmedia.org\" \/>\n\t\t<meta property=\"og:url\" content=\"https:\/\/www.binauralmedia.org\/news\/arquivo\/10494\" \/>\n\t\t<meta property=\"article:published_time\" content=\"2018-02-16T13:32:47+00:00\" \/>\n\t\t<meta property=\"article:modified_time\" content=\"2021-08-16T15:40:23+00:00\" \/>\n\t\t<meta name=\"twitter:card\" content=\"summary_large_image\" \/>\n\t\t<meta name=\"twitter:title\" content=\"Lendas Sonoras de Oliveira de Frades apresentadas na Biblioteca Municipal - binauralmedia.org\" \/>\n\t\t<script type=\"application\/ld+json\" class=\"aioseo-schema\">\n\t\t\t{\"@context\":\"https:\\\/\\\/schema.org\",\"@graph\":[{\"@type\":\"BlogPosting\",\"@id\":\"https:\\\/\\\/www.binauralmedia.org\\\/news\\\/arquivo\\\/10494#blogposting\",\"name\":\"Lendas Sonoras de Oliveira de Frades apresentadas na Biblioteca Municipal - binauralmedia.org\",\"headline\":\"Lendas Sonoras de Oliveira de Frades apresentadas na Biblioteca Municipal\",\"author\":{\"@id\":\"https:\\\/\\\/www.binauralmedia.org\\\/news\\\/arquivo\\\/author\\\/luiscosta#author\"},\"publisher\":{\"@id\":\"https:\\\/\\\/www.binauralmedia.org\\\/news\\\/#organization\"},\"image\":{\"@type\":\"ImageObject\",\"url\":\"https:\\\/\\\/www.binauralmedia.org\\\/news\\\/wp-content\\\/uploads\\\/anta-paranho-de-arca.jpg\",\"width\":1000,\"height\":769},\"datePublished\":\"2018-02-16T13:32:47+00:00\",\"dateModified\":\"2021-08-16T15:40:23+00:00\",\"inLanguage\":\"pt-PT\",\"mainEntityOfPage\":{\"@id\":\"https:\\\/\\\/www.binauralmedia.org\\\/news\\\/arquivo\\\/10494#webpage\"},\"isPartOf\":{\"@id\":\"https:\\\/\\\/www.binauralmedia.org\\\/news\\\/arquivo\\\/10494#webpage\"},\"articleSection\":\"Cria\\u00e7\\u00f5es Art\\u00edsticas, Etnografia Sonora e Visual, Not\\u00edcias\"},{\"@type\":\"BreadcrumbList\",\"@id\":\"https:\\\/\\\/www.binauralmedia.org\\\/news\\\/arquivo\\\/10494#breadcrumblist\",\"itemListElement\":[{\"@type\":\"ListItem\",\"@id\":\"https:\\\/\\\/www.binauralmedia.org\\\/news#listItem\",\"position\":1,\"name\":\"Home\",\"item\":\"https:\\\/\\\/www.binauralmedia.org\\\/news\",\"nextItem\":{\"@type\":\"ListItem\",\"@id\":\"https:\\\/\\\/www.binauralmedia.org\\\/news\\\/arquivo\\\/category\\\/news#listItem\",\"name\":\"Not\\u00edcias\"}},{\"@type\":\"ListItem\",\"@id\":\"https:\\\/\\\/www.binauralmedia.org\\\/news\\\/arquivo\\\/category\\\/news#listItem\",\"position\":2,\"name\":\"Not\\u00edcias\",\"item\":\"https:\\\/\\\/www.binauralmedia.org\\\/news\\\/arquivo\\\/category\\\/news\",\"nextItem\":{\"@type\":\"ListItem\",\"@id\":\"https:\\\/\\\/www.binauralmedia.org\\\/news\\\/arquivo\\\/10494#listItem\",\"name\":\"Lendas Sonoras de Oliveira de Frades apresentadas na Biblioteca Municipal\"},\"previousItem\":{\"@type\":\"ListItem\",\"@id\":\"https:\\\/\\\/www.binauralmedia.org\\\/news#listItem\",\"name\":\"Home\"}},{\"@type\":\"ListItem\",\"@id\":\"https:\\\/\\\/www.binauralmedia.org\\\/news\\\/arquivo\\\/10494#listItem\",\"position\":3,\"name\":\"Lendas Sonoras de Oliveira de Frades apresentadas na Biblioteca Municipal\",\"previousItem\":{\"@type\":\"ListItem\",\"@id\":\"https:\\\/\\\/www.binauralmedia.org\\\/news\\\/arquivo\\\/category\\\/news#listItem\",\"name\":\"Not\\u00edcias\"}}]},{\"@type\":\"Organization\",\"@id\":\"https:\\\/\\\/www.binauralmedia.org\\\/news\\\/#organization\",\"name\":\"binauralmedia.org\",\"description\":\"Rural Based Sound\\\/Media Arts & Social Research\",\"url\":\"https:\\\/\\\/www.binauralmedia.org\\\/news\\\/\"},{\"@type\":\"Person\",\"@id\":\"https:\\\/\\\/www.binauralmedia.org\\\/news\\\/arquivo\\\/author\\\/luiscosta#author\",\"url\":\"https:\\\/\\\/www.binauralmedia.org\\\/news\\\/arquivo\\\/author\\\/luiscosta\",\"name\":\"luiscosta\"},{\"@type\":\"WebPage\",\"@id\":\"https:\\\/\\\/www.binauralmedia.org\\\/news\\\/arquivo\\\/10494#webpage\",\"url\":\"https:\\\/\\\/www.binauralmedia.org\\\/news\\\/arquivo\\\/10494\",\"name\":\"Lendas Sonoras de Oliveira de Frades apresentadas na Biblioteca Municipal - binauralmedia.org\",\"inLanguage\":\"pt-PT\",\"isPartOf\":{\"@id\":\"https:\\\/\\\/www.binauralmedia.org\\\/news\\\/#website\"},\"breadcrumb\":{\"@id\":\"https:\\\/\\\/www.binauralmedia.org\\\/news\\\/arquivo\\\/10494#breadcrumblist\"},\"author\":{\"@id\":\"https:\\\/\\\/www.binauralmedia.org\\\/news\\\/arquivo\\\/author\\\/luiscosta#author\"},\"creator\":{\"@id\":\"https:\\\/\\\/www.binauralmedia.org\\\/news\\\/arquivo\\\/author\\\/luiscosta#author\"},\"image\":{\"@type\":\"ImageObject\",\"url\":\"https:\\\/\\\/www.binauralmedia.org\\\/news\\\/wp-content\\\/uploads\\\/anta-paranho-de-arca.jpg\",\"@id\":\"https:\\\/\\\/www.binauralmedia.org\\\/news\\\/arquivo\\\/10494\\\/#mainImage\",\"width\":1000,\"height\":769},\"primaryImageOfPage\":{\"@id\":\"https:\\\/\\\/www.binauralmedia.org\\\/news\\\/arquivo\\\/10494#mainImage\"},\"datePublished\":\"2018-02-16T13:32:47+00:00\",\"dateModified\":\"2021-08-16T15:40:23+00:00\"},{\"@type\":\"WebSite\",\"@id\":\"https:\\\/\\\/www.binauralmedia.org\\\/news\\\/#website\",\"url\":\"https:\\\/\\\/www.binauralmedia.org\\\/news\\\/\",\"name\":\"binauralmedia.org\",\"description\":\"Rural Based Sound\\\/Media Arts & Social Research\",\"inLanguage\":\"pt-PT\",\"publisher\":{\"@id\":\"https:\\\/\\\/www.binauralmedia.org\\\/news\\\/#organization\"}}]}\n\t\t<\/script>\n\t\t<!-- All in One SEO -->\n\n","aioseo_head_json":{"title":"Lendas Sonoras de Oliveira de Frades apresentadas na Biblioteca Municipal - binauralmedia.org","description":"","canonical_url":"https:\/\/www.binauralmedia.org\/news\/arquivo\/10494","robots":"max-image-preview:large","keywords":"","webmasterTools":{"miscellaneous":""},"schema":{"@context":"https:\/\/schema.org","@graph":[{"@type":"BlogPosting","@id":"https:\/\/www.binauralmedia.org\/news\/arquivo\/10494#blogposting","name":"Lendas Sonoras de Oliveira de Frades apresentadas na Biblioteca Municipal - binauralmedia.org","headline":"Lendas Sonoras de Oliveira de Frades apresentadas na Biblioteca Municipal","author":{"@id":"https:\/\/www.binauralmedia.org\/news\/arquivo\/author\/luiscosta#author"},"publisher":{"@id":"https:\/\/www.binauralmedia.org\/news\/#organization"},"image":{"@type":"ImageObject","url":"https:\/\/www.binauralmedia.org\/news\/wp-content\/uploads\/anta-paranho-de-arca.jpg","width":1000,"height":769},"datePublished":"2018-02-16T13:32:47+00:00","dateModified":"2021-08-16T15:40:23+00:00","inLanguage":"pt-PT","mainEntityOfPage":{"@id":"https:\/\/www.binauralmedia.org\/news\/arquivo\/10494#webpage"},"isPartOf":{"@id":"https:\/\/www.binauralmedia.org\/news\/arquivo\/10494#webpage"},"articleSection":"Cria\u00e7\u00f5es Art\u00edsticas, Etnografia Sonora e Visual, Not\u00edcias"},{"@type":"BreadcrumbList","@id":"https:\/\/www.binauralmedia.org\/news\/arquivo\/10494#breadcrumblist","itemListElement":[{"@type":"ListItem","@id":"https:\/\/www.binauralmedia.org\/news#listItem","position":1,"name":"Home","item":"https:\/\/www.binauralmedia.org\/news","nextItem":{"@type":"ListItem","@id":"https:\/\/www.binauralmedia.org\/news\/arquivo\/category\/news#listItem","name":"Not\u00edcias"}},{"@type":"ListItem","@id":"https:\/\/www.binauralmedia.org\/news\/arquivo\/category\/news#listItem","position":2,"name":"Not\u00edcias","item":"https:\/\/www.binauralmedia.org\/news\/arquivo\/category\/news","nextItem":{"@type":"ListItem","@id":"https:\/\/www.binauralmedia.org\/news\/arquivo\/10494#listItem","name":"Lendas Sonoras de Oliveira de Frades apresentadas na Biblioteca Municipal"},"previousItem":{"@type":"ListItem","@id":"https:\/\/www.binauralmedia.org\/news#listItem","name":"Home"}},{"@type":"ListItem","@id":"https:\/\/www.binauralmedia.org\/news\/arquivo\/10494#listItem","position":3,"name":"Lendas Sonoras de Oliveira de Frades apresentadas na Biblioteca Municipal","previousItem":{"@type":"ListItem","@id":"https:\/\/www.binauralmedia.org\/news\/arquivo\/category\/news#listItem","name":"Not\u00edcias"}}]},{"@type":"Organization","@id":"https:\/\/www.binauralmedia.org\/news\/#organization","name":"binauralmedia.org","description":"Rural Based Sound\/Media Arts & Social Research","url":"https:\/\/www.binauralmedia.org\/news\/"},{"@type":"Person","@id":"https:\/\/www.binauralmedia.org\/news\/arquivo\/author\/luiscosta#author","url":"https:\/\/www.binauralmedia.org\/news\/arquivo\/author\/luiscosta","name":"luiscosta"},{"@type":"WebPage","@id":"https:\/\/www.binauralmedia.org\/news\/arquivo\/10494#webpage","url":"https:\/\/www.binauralmedia.org\/news\/arquivo\/10494","name":"Lendas Sonoras de Oliveira de Frades apresentadas na Biblioteca Municipal - binauralmedia.org","inLanguage":"pt-PT","isPartOf":{"@id":"https:\/\/www.binauralmedia.org\/news\/#website"},"breadcrumb":{"@id":"https:\/\/www.binauralmedia.org\/news\/arquivo\/10494#breadcrumblist"},"author":{"@id":"https:\/\/www.binauralmedia.org\/news\/arquivo\/author\/luiscosta#author"},"creator":{"@id":"https:\/\/www.binauralmedia.org\/news\/arquivo\/author\/luiscosta#author"},"image":{"@type":"ImageObject","url":"https:\/\/www.binauralmedia.org\/news\/wp-content\/uploads\/anta-paranho-de-arca.jpg","@id":"https:\/\/www.binauralmedia.org\/news\/arquivo\/10494\/#mainImage","width":1000,"height":769},"primaryImageOfPage":{"@id":"https:\/\/www.binauralmedia.org\/news\/arquivo\/10494#mainImage"},"datePublished":"2018-02-16T13:32:47+00:00","dateModified":"2021-08-16T15:40:23+00:00"},{"@type":"WebSite","@id":"https:\/\/www.binauralmedia.org\/news\/#website","url":"https:\/\/www.binauralmedia.org\/news\/","name":"binauralmedia.org","description":"Rural Based Sound\/Media Arts & Social Research","inLanguage":"pt-PT","publisher":{"@id":"https:\/\/www.binauralmedia.org\/news\/#organization"}}]},"og:locale":"pt_PT","og:site_name":"binauralmedia.org - Rural Based Sound\/Media Arts &amp; Social Research","og:type":"article","og:title":"Lendas Sonoras de Oliveira de Frades apresentadas na Biblioteca Municipal - binauralmedia.org","og:url":"https:\/\/www.binauralmedia.org\/news\/arquivo\/10494","article:published_time":"2018-02-16T13:32:47+00:00","article:modified_time":"2021-08-16T15:40:23+00:00","twitter:card":"summary_large_image","twitter:title":"Lendas Sonoras de Oliveira de Frades apresentadas na Biblioteca Municipal - binauralmedia.org"},"aioseo_meta_data":{"post_id":"10494","title":null,"description":null,"keywords":null,"keyphrases":null,"primary_term":null,"canonical_url":null,"og_title":null,"og_description":null,"og_object_type":"default","og_image_type":"default","og_image_custom_url":null,"og_image_custom_fields":null,"og_image_url":null,"og_image_width":null,"og_image_height":null,"og_video":null,"og_custom_url":null,"og_article_section":null,"og_article_tags":null,"twitter_use_og":false,"twitter_card":"default","twitter_image_type":"default","twitter_image_custom_url":null,"twitter_image_custom_fields":null,"twitter_image_url":null,"twitter_title":null,"twitter_description":null,"schema_type":"default","schema_type_options":null,"schema":{"blockGraphs":[],"customGraphs":[],"default":{"data":{"Article":[],"Course":[],"Dataset":[],"FAQPage":[],"Movie":[],"Person":[],"Product":[],"ProductReview":[],"Car":[],"Recipe":[],"Service":[],"SoftwareApplication":[],"WebPage":[]},"graphName":"","isEnabled":true},"graphs":[]},"pillar_content":false,"robots_default":true,"robots_noindex":false,"robots_noarchive":false,"robots_nosnippet":false,"robots_nofollow":false,"robots_noimageindex":false,"robots_noodp":false,"robots_notranslate":false,"robots_max_snippet":null,"robots_max_videopreview":null,"robots_max_imagepreview":"large","priority":null,"frequency":null,"local_seo":null,"limit_modified_date":false,"ai":null,"breadcrumb_settings":null,"seo_analyzer_scan_date":null,"created":"2026-08-05 03:30:03","updated":"2026-08-05 03:30:03","focus_keyword":null,"additional_keywords":null,"truseo_locale":null},"aioseo_breadcrumb":"<div class=\"aioseo-breadcrumbs\"><span class=\"aioseo-breadcrumb\">\n\t\t\t<a href=\"https:\/\/www.binauralmedia.org\/news\" title=\"Home\">Home<\/a>\n\t\t<\/span><span class=\"aioseo-breadcrumb-separator\">&raquo;<\/span><span class=\"aioseo-breadcrumb\">\n\t\t\t<a href=\"https:\/\/www.binauralmedia.org\/news\/arquivo\/category\/news\" title=\"Not\u00edcias\">Not\u00edcias<\/a>\n\t\t<\/span><span class=\"aioseo-breadcrumb-separator\">&raquo;<\/span><span class=\"aioseo-breadcrumb\">\n\t\t\tLendas Sonoras de Oliveira de Frades apresentadas na Biblioteca Municipal\n\t\t<\/span><\/div>","aioseo_breadcrumb_json":[{"label":"Home","link":"https:\/\/www.binauralmedia.org\/news"},{"label":"Not\u00edcias","link":"https:\/\/www.binauralmedia.org\/news\/arquivo\/category\/news"},{"label":"Lendas Sonoras de Oliveira de Frades apresentadas na Biblioteca Municipal","link":"https:\/\/www.binauralmedia.org\/news\/arquivo\/10494"}],"_links":{"self":[{"href":"https:\/\/www.binauralmedia.org\/news\/wp-json\/wp\/v2\/posts\/10494","targetHints":{"allow":["GET"]}}],"collection":[{"href":"https:\/\/www.binauralmedia.org\/news\/wp-json\/wp\/v2\/posts"}],"about":[{"href":"https:\/\/www.binauralmedia.org\/news\/wp-json\/wp\/v2\/types\/post"}],"author":[{"embeddable":true,"href":"https:\/\/www.binauralmedia.org\/news\/wp-json\/wp\/v2\/users\/2"}],"replies":[{"embeddable":true,"href":"https:\/\/www.binauralmedia.org\/news\/wp-json\/wp\/v2\/comments?post=10494"}],"version-history":[{"count":4,"href":"https:\/\/www.binauralmedia.org\/news\/wp-json\/wp\/v2\/posts\/10494\/revisions"}],"predecessor-version":[{"id":13309,"href":"https:\/\/www.binauralmedia.org\/news\/wp-json\/wp\/v2\/posts\/10494\/revisions\/13309"}],"wp:featuredmedia":[{"embeddable":true,"href":"https:\/\/www.binauralmedia.org\/news\/wp-json\/wp\/v2\/media\/10495"}],"wp:attachment":[{"href":"https:\/\/www.binauralmedia.org\/news\/wp-json\/wp\/v2\/media?parent=10494"}],"wp:term":[{"taxonomy":"category","embeddable":true,"href":"https:\/\/www.binauralmedia.org\/news\/wp-json\/wp\/v2\/categories?post=10494"},{"taxonomy":"post_tag","embeddable":true,"href":"https:\/\/www.binauralmedia.org\/news\/wp-json\/wp\/v2\/tags?post=10494"}],"curies":[{"name":"wp","href":"https:\/\/api.w.org\/{rel}","templated":true}]}}