{"id":10442,"date":"2017-10-16T11:36:06","date_gmt":"2017-10-16T11:36:06","guid":{"rendered":"http:\/\/binauralmedia.org\/news\/?p=10442"},"modified":"2021-08-16T15:40:18","modified_gmt":"2021-08-16T15:40:18","slug":"binaural-nodar-presente-no-bioforum-gestao-florestal-sustentavel","status":"publish","type":"post","link":"https:\/\/www.binauralmedia.org\/news\/arquivo\/10442","title":{"rendered":"Binaural\/Nodar presente no BioF\u00f3rum-Gest\u00e3o Florestal Sustent\u00e1vel"},"content":{"rendered":"<p>A\u00a0Binaural Nodar\u00a0estar\u00e1 presente no dia 27 de Outubro no\u00a0BioF\u00d3RUM &#8211; Gest\u00e3o Florestal Sustent\u00e1vel, a decorrer\u00a0Junta De Freguesia Da Branca,\u00a0Munic\u00edpio de Albergaria-a-Velha.<\/p>\n<p>O BIOForum \u00e9 dedicado ao urgente e oportuno tema da gest\u00e3o sustent\u00e1vel das florestas e \u00e0s oportunidades de diversifica\u00e7\u00e3o econ\u00f3mica, tur\u00edstica e cultural que a mesma encerra.<\/p>\n<p>Luis Gomes da Costa\u00a0desenvolver\u00e1 uma palestra intitulada &#8220;A Floresta Sonora&#8221;, com apresenta\u00e7\u00e3o de excertos de v\u00e1rios projetos sonoros<span class=\"text_exposed_show\">\u00a0em contexto de floresta, a qual tem o seguinte resumo:<\/span><\/p>\n<div class=\"text_exposed_show\">\n<p>\u201cI went to the woods because I wished to live deliberately, to front only the essential facts of life\u201d<br \/>\nHenry David Thoreau<\/p>\n<p>A floresta sonora. A floresta portuguesa \u00e9 hoje palco de m\u00faltiplas tens\u00f5es decorrentes da mudan\u00e7a social das \u00faltimas d\u00e9cadas, a qual implicou que a antiga cosmovis\u00e3o da floresta enquanto parte do mundo rural se venha a colocar paulatinamente em causa. Muitas vezes \u00e9 dif\u00edcil expressar as incomodidades e perplexidades que a floresta encerra, pelo que o autor, atrav\u00e9s do conceito de \u201cfloresta sonora\u201d, tem vindo a desenvolver exerc\u00edcios solit\u00e1rios ou partilhados (junto com comunidades art\u00edsticas, educativas e tur\u00edsticas) de escuta atenta e de posterior registo sonoro de pontos geogr\u00e1ficos espec\u00edficos de florestas dos concelhos de Arouca, Oliveira de Frades, Vouzela, S\u00e3o Pedro do Sul e Viseu. O conceito de floresta sonora ajudar\u00e1, talvez, a desfazer alguns mitos cient\u00edficos e econ\u00f3micos no discurso sobre a floresta, promovendo sentidos paralelos de individualidade silenciosa (influenciados pelos escritos de Henry David Thoreau), de responsabilidade, de aprecia\u00e7\u00e3o est\u00e9tica e de re-valoriza\u00e7\u00e3o da ancestral rela\u00e7\u00e3o umbilical entre comunidades rurais e florestas.<\/p>\n<\/div>\n","protected":false},"excerpt":{"rendered":"<p>A\u00a0Binaural Nodar\u00a0estar\u00e1 presente no dia 27 de Outubro no\u00a0BioF\u00d3RUM &#8211;  [&#8230;]<\/p>\n","protected":false},"author":2,"featured_media":10443,"comment_status":"closed","ping_status":"closed","sticky":false,"template":"","format":"standard","meta":{"_acf_changed":false,"_bbp_topic_count":0,"_bbp_reply_count":0,"_bbp_total_topic_count":0,"_bbp_total_reply_count":0,"_bbp_voice_count":0,"_bbp_anonymous_reply_count":0,"_bbp_topic_count_hidden":0,"_bbp_reply_count_hidden":0,"_bbp_forum_subforum_count":0,"footnotes":""},"categories":[1158,1],"tags":[],"class_list":["post-10442","post","type-post","status-publish","format-standard","has-post-thumbnail","hentry","category-visual-sound-ethnograhpy","category-news"],"acf":[],"aioseo_notices":[],"aioseo_head":"\n\t\t<!-- All in One SEO 5.0.1.1 - aioseo.com -->\n\t<meta name=\"description\" content=\"A Binaural Nodar estar\u00e1 presente no dia 27 de Outubro no BioF\u00d3RUM - Gest\u00e3o Florestal Sustent\u00e1vel, a decorrer Junta De Freguesia Da Branca, Munic\u00edpio de Albergaria-a-Velha. O BIOForum \u00e9 dedicado ao urgente e oportuno tema da gest\u00e3o sustent\u00e1vel das florestas e \u00e0s oportunidades de diversifica\u00e7\u00e3o econ\u00f3mica, tur\u00edstica e cultural que a mesma encerra. Luis Gomes da Costa desenvolver\u00e1 uma palestra intitulada\" \/>\n\t<meta name=\"robots\" content=\"max-image-preview:large\" \/>\n\t<meta name=\"author\" content=\"luiscosta\"\/>\n\t<link rel=\"canonical\" href=\"https:\/\/www.binauralmedia.org\/news\/arquivo\/10442\" \/>\n\t<meta name=\"generator\" content=\"All in One SEO (AIOSEO) 5.0.1.1\" \/>\n\t\t<meta property=\"og:locale\" content=\"pt_PT\" \/>\n\t\t<meta property=\"og:site_name\" content=\"binauralmedia.org - Rural Based Sound\/Media Arts &amp; Social Research\" \/>\n\t\t<meta property=\"og:type\" content=\"article\" \/>\n\t\t<meta property=\"og:title\" content=\"Binaural\/Nodar presente no BioF\u00f3rum-Gest\u00e3o Florestal Sustent\u00e1vel - binauralmedia.org\" \/>\n\t\t<meta property=\"og:description\" content=\"A Binaural Nodar estar\u00e1 presente no dia 27 de Outubro no BioF\u00d3RUM - Gest\u00e3o Florestal Sustent\u00e1vel, a decorrer Junta De Freguesia Da Branca, Munic\u00edpio de Albergaria-a-Velha. O BIOForum \u00e9 dedicado ao urgente e oportuno tema da gest\u00e3o sustent\u00e1vel das florestas e \u00e0s oportunidades de diversifica\u00e7\u00e3o econ\u00f3mica, tur\u00edstica e cultural que a mesma encerra. Luis Gomes da Costa desenvolver\u00e1 uma palestra intitulada\" \/>\n\t\t<meta property=\"og:url\" content=\"https:\/\/www.binauralmedia.org\/news\/arquivo\/10442\" \/>\n\t\t<meta property=\"article:published_time\" content=\"2017-10-16T11:36:06+00:00\" \/>\n\t\t<meta property=\"article:modified_time\" content=\"2021-08-16T15:40:18+00:00\" \/>\n\t\t<meta name=\"twitter:card\" content=\"summary_large_image\" \/>\n\t\t<meta name=\"twitter:title\" content=\"Binaural\/Nodar presente no BioF\u00f3rum-Gest\u00e3o Florestal Sustent\u00e1vel - binauralmedia.org\" \/>\n\t\t<meta name=\"twitter:description\" content=\"A Binaural Nodar estar\u00e1 presente no dia 27 de Outubro no BioF\u00d3RUM - Gest\u00e3o Florestal Sustent\u00e1vel, a decorrer Junta De Freguesia Da Branca, Munic\u00edpio de Albergaria-a-Velha. O BIOForum \u00e9 dedicado ao urgente e oportuno tema da gest\u00e3o sustent\u00e1vel das florestas e \u00e0s oportunidades de diversifica\u00e7\u00e3o econ\u00f3mica, tur\u00edstica e cultural que a mesma encerra. Luis Gomes da Costa desenvolver\u00e1 uma palestra intitulada\" \/>\n\t\t<script type=\"application\/ld+json\" class=\"aioseo-schema\">\n\t\t\t{\"@context\":\"https:\\\/\\\/schema.org\",\"@graph\":[{\"@type\":\"BlogPosting\",\"@id\":\"https:\\\/\\\/www.binauralmedia.org\\\/news\\\/arquivo\\\/10442#blogposting\",\"name\":\"Binaural\\\/Nodar presente no BioF\\u00f3rum-Gest\\u00e3o Florestal Sustent\\u00e1vel - binauralmedia.org\",\"headline\":\"Binaural\\\/Nodar presente no BioF\\u00f3rum-Gest\\u00e3o Florestal Sustent\\u00e1vel\",\"author\":{\"@id\":\"https:\\\/\\\/www.binauralmedia.org\\\/news\\\/arquivo\\\/author\\\/luiscosta#author\"},\"publisher\":{\"@id\":\"https:\\\/\\\/www.binauralmedia.org\\\/news\\\/#organization\"},\"image\":{\"@type\":\"ImageObject\",\"url\":\"https:\\\/\\\/www.binauralmedia.org\\\/news\\\/wp-content\\\/uploads\\\/22554730_1568372473209509_5209698274479339248_n.jpg\",\"width\":960,\"height\":363},\"datePublished\":\"2017-10-16T11:36:06+00:00\",\"dateModified\":\"2021-08-16T15:40:18+00:00\",\"inLanguage\":\"pt-PT\",\"mainEntityOfPage\":{\"@id\":\"https:\\\/\\\/www.binauralmedia.org\\\/news\\\/arquivo\\\/10442#webpage\"},\"isPartOf\":{\"@id\":\"https:\\\/\\\/www.binauralmedia.org\\\/news\\\/arquivo\\\/10442#webpage\"},\"articleSection\":\"Etnografia Sonora e Visual, Not\\u00edcias\"},{\"@type\":\"BreadcrumbList\",\"@id\":\"https:\\\/\\\/www.binauralmedia.org\\\/news\\\/arquivo\\\/10442#breadcrumblist\",\"itemListElement\":[{\"@type\":\"ListItem\",\"@id\":\"https:\\\/\\\/www.binauralmedia.org\\\/news#listItem\",\"position\":1,\"name\":\"Home\",\"item\":\"https:\\\/\\\/www.binauralmedia.org\\\/news\",\"nextItem\":{\"@type\":\"ListItem\",\"@id\":\"https:\\\/\\\/www.binauralmedia.org\\\/news\\\/arquivo\\\/category\\\/news#listItem\",\"name\":\"Not\\u00edcias\"}},{\"@type\":\"ListItem\",\"@id\":\"https:\\\/\\\/www.binauralmedia.org\\\/news\\\/arquivo\\\/category\\\/news#listItem\",\"position\":2,\"name\":\"Not\\u00edcias\",\"item\":\"https:\\\/\\\/www.binauralmedia.org\\\/news\\\/arquivo\\\/category\\\/news\",\"nextItem\":{\"@type\":\"ListItem\",\"@id\":\"https:\\\/\\\/www.binauralmedia.org\\\/news\\\/arquivo\\\/10442#listItem\",\"name\":\"Binaural\\\/Nodar presente no BioF\\u00f3rum-Gest\\u00e3o Florestal Sustent\\u00e1vel\"},\"previousItem\":{\"@type\":\"ListItem\",\"@id\":\"https:\\\/\\\/www.binauralmedia.org\\\/news#listItem\",\"name\":\"Home\"}},{\"@type\":\"ListItem\",\"@id\":\"https:\\\/\\\/www.binauralmedia.org\\\/news\\\/arquivo\\\/10442#listItem\",\"position\":3,\"name\":\"Binaural\\\/Nodar presente no BioF\\u00f3rum-Gest\\u00e3o Florestal Sustent\\u00e1vel\",\"previousItem\":{\"@type\":\"ListItem\",\"@id\":\"https:\\\/\\\/www.binauralmedia.org\\\/news\\\/arquivo\\\/category\\\/news#listItem\",\"name\":\"Not\\u00edcias\"}}]},{\"@type\":\"Organization\",\"@id\":\"https:\\\/\\\/www.binauralmedia.org\\\/news\\\/#organization\",\"name\":\"binauralmedia.org\",\"description\":\"Rural Based Sound\\\/Media Arts & Social Research\",\"url\":\"https:\\\/\\\/www.binauralmedia.org\\\/news\\\/\"},{\"@type\":\"Person\",\"@id\":\"https:\\\/\\\/www.binauralmedia.org\\\/news\\\/arquivo\\\/author\\\/luiscosta#author\",\"url\":\"https:\\\/\\\/www.binauralmedia.org\\\/news\\\/arquivo\\\/author\\\/luiscosta\",\"name\":\"luiscosta\"},{\"@type\":\"WebPage\",\"@id\":\"https:\\\/\\\/www.binauralmedia.org\\\/news\\\/arquivo\\\/10442#webpage\",\"url\":\"https:\\\/\\\/www.binauralmedia.org\\\/news\\\/arquivo\\\/10442\",\"name\":\"Binaural\\\/Nodar presente no BioF\\u00f3rum-Gest\\u00e3o Florestal Sustent\\u00e1vel - binauralmedia.org\",\"description\":\"A Binaural Nodar estar\\u00e1 presente no dia 27 de Outubro no BioF\\u00d3RUM - Gest\\u00e3o Florestal Sustent\\u00e1vel, a decorrer Junta De Freguesia Da Branca, Munic\\u00edpio de Albergaria-a-Velha. O BIOForum \\u00e9 dedicado ao urgente e oportuno tema da gest\\u00e3o sustent\\u00e1vel das florestas e \\u00e0s oportunidades de diversifica\\u00e7\\u00e3o econ\\u00f3mica, tur\\u00edstica e cultural que a mesma encerra. Luis Gomes da Costa desenvolver\\u00e1 uma palestra intitulada\",\"inLanguage\":\"pt-PT\",\"isPartOf\":{\"@id\":\"https:\\\/\\\/www.binauralmedia.org\\\/news\\\/#website\"},\"breadcrumb\":{\"@id\":\"https:\\\/\\\/www.binauralmedia.org\\\/news\\\/arquivo\\\/10442#breadcrumblist\"},\"author\":{\"@id\":\"https:\\\/\\\/www.binauralmedia.org\\\/news\\\/arquivo\\\/author\\\/luiscosta#author\"},\"creator\":{\"@id\":\"https:\\\/\\\/www.binauralmedia.org\\\/news\\\/arquivo\\\/author\\\/luiscosta#author\"},\"image\":{\"@type\":\"ImageObject\",\"url\":\"https:\\\/\\\/www.binauralmedia.org\\\/news\\\/wp-content\\\/uploads\\\/22554730_1568372473209509_5209698274479339248_n.jpg\",\"@id\":\"https:\\\/\\\/www.binauralmedia.org\\\/news\\\/arquivo\\\/10442\\\/#mainImage\",\"width\":960,\"height\":363},\"primaryImageOfPage\":{\"@id\":\"https:\\\/\\\/www.binauralmedia.org\\\/news\\\/arquivo\\\/10442#mainImage\"},\"datePublished\":\"2017-10-16T11:36:06+00:00\",\"dateModified\":\"2021-08-16T15:40:18+00:00\"},{\"@type\":\"WebSite\",\"@id\":\"https:\\\/\\\/www.binauralmedia.org\\\/news\\\/#website\",\"url\":\"https:\\\/\\\/www.binauralmedia.org\\\/news\\\/\",\"name\":\"binauralmedia.org\",\"description\":\"Rural Based Sound\\\/Media Arts & Social Research\",\"inLanguage\":\"pt-PT\",\"publisher\":{\"@id\":\"https:\\\/\\\/www.binauralmedia.org\\\/news\\\/#organization\"}}]}\n\t\t<\/script>\n\t\t<!-- All in One SEO -->\n\n","aioseo_head_json":{"title":"Binaural\/Nodar presente no BioF\u00f3rum-Gest\u00e3o Florestal Sustent\u00e1vel - binauralmedia.org","description":"A Binaural Nodar estar\u00e1 presente no dia 27 de Outubro no BioF\u00d3RUM - Gest\u00e3o Florestal Sustent\u00e1vel, a decorrer Junta De Freguesia Da Branca, Munic\u00edpio de Albergaria-a-Velha. O BIOForum \u00e9 dedicado ao urgente e oportuno tema da gest\u00e3o sustent\u00e1vel das florestas e \u00e0s oportunidades de diversifica\u00e7\u00e3o econ\u00f3mica, tur\u00edstica e cultural que a mesma encerra. Luis Gomes da Costa desenvolver\u00e1 uma palestra intitulada","canonical_url":"https:\/\/www.binauralmedia.org\/news\/arquivo\/10442","robots":"max-image-preview:large","keywords":"","webmasterTools":{"miscellaneous":""},"schema":{"@context":"https:\/\/schema.org","@graph":[{"@type":"BlogPosting","@id":"https:\/\/www.binauralmedia.org\/news\/arquivo\/10442#blogposting","name":"Binaural\/Nodar presente no BioF\u00f3rum-Gest\u00e3o Florestal Sustent\u00e1vel - binauralmedia.org","headline":"Binaural\/Nodar presente no BioF\u00f3rum-Gest\u00e3o Florestal Sustent\u00e1vel","author":{"@id":"https:\/\/www.binauralmedia.org\/news\/arquivo\/author\/luiscosta#author"},"publisher":{"@id":"https:\/\/www.binauralmedia.org\/news\/#organization"},"image":{"@type":"ImageObject","url":"https:\/\/www.binauralmedia.org\/news\/wp-content\/uploads\/22554730_1568372473209509_5209698274479339248_n.jpg","width":960,"height":363},"datePublished":"2017-10-16T11:36:06+00:00","dateModified":"2021-08-16T15:40:18+00:00","inLanguage":"pt-PT","mainEntityOfPage":{"@id":"https:\/\/www.binauralmedia.org\/news\/arquivo\/10442#webpage"},"isPartOf":{"@id":"https:\/\/www.binauralmedia.org\/news\/arquivo\/10442#webpage"},"articleSection":"Etnografia Sonora e Visual, Not\u00edcias"},{"@type":"BreadcrumbList","@id":"https:\/\/www.binauralmedia.org\/news\/arquivo\/10442#breadcrumblist","itemListElement":[{"@type":"ListItem","@id":"https:\/\/www.binauralmedia.org\/news#listItem","position":1,"name":"Home","item":"https:\/\/www.binauralmedia.org\/news","nextItem":{"@type":"ListItem","@id":"https:\/\/www.binauralmedia.org\/news\/arquivo\/category\/news#listItem","name":"Not\u00edcias"}},{"@type":"ListItem","@id":"https:\/\/www.binauralmedia.org\/news\/arquivo\/category\/news#listItem","position":2,"name":"Not\u00edcias","item":"https:\/\/www.binauralmedia.org\/news\/arquivo\/category\/news","nextItem":{"@type":"ListItem","@id":"https:\/\/www.binauralmedia.org\/news\/arquivo\/10442#listItem","name":"Binaural\/Nodar presente no BioF\u00f3rum-Gest\u00e3o Florestal Sustent\u00e1vel"},"previousItem":{"@type":"ListItem","@id":"https:\/\/www.binauralmedia.org\/news#listItem","name":"Home"}},{"@type":"ListItem","@id":"https:\/\/www.binauralmedia.org\/news\/arquivo\/10442#listItem","position":3,"name":"Binaural\/Nodar presente no BioF\u00f3rum-Gest\u00e3o Florestal Sustent\u00e1vel","previousItem":{"@type":"ListItem","@id":"https:\/\/www.binauralmedia.org\/news\/arquivo\/category\/news#listItem","name":"Not\u00edcias"}}]},{"@type":"Organization","@id":"https:\/\/www.binauralmedia.org\/news\/#organization","name":"binauralmedia.org","description":"Rural Based Sound\/Media Arts & Social Research","url":"https:\/\/www.binauralmedia.org\/news\/"},{"@type":"Person","@id":"https:\/\/www.binauralmedia.org\/news\/arquivo\/author\/luiscosta#author","url":"https:\/\/www.binauralmedia.org\/news\/arquivo\/author\/luiscosta","name":"luiscosta"},{"@type":"WebPage","@id":"https:\/\/www.binauralmedia.org\/news\/arquivo\/10442#webpage","url":"https:\/\/www.binauralmedia.org\/news\/arquivo\/10442","name":"Binaural\/Nodar presente no BioF\u00f3rum-Gest\u00e3o Florestal Sustent\u00e1vel - binauralmedia.org","description":"A Binaural Nodar estar\u00e1 presente no dia 27 de Outubro no BioF\u00d3RUM - Gest\u00e3o Florestal Sustent\u00e1vel, a decorrer Junta De Freguesia Da Branca, Munic\u00edpio de Albergaria-a-Velha. O BIOForum \u00e9 dedicado ao urgente e oportuno tema da gest\u00e3o sustent\u00e1vel das florestas e \u00e0s oportunidades de diversifica\u00e7\u00e3o econ\u00f3mica, tur\u00edstica e cultural que a mesma encerra. Luis Gomes da Costa desenvolver\u00e1 uma palestra intitulada","inLanguage":"pt-PT","isPartOf":{"@id":"https:\/\/www.binauralmedia.org\/news\/#website"},"breadcrumb":{"@id":"https:\/\/www.binauralmedia.org\/news\/arquivo\/10442#breadcrumblist"},"author":{"@id":"https:\/\/www.binauralmedia.org\/news\/arquivo\/author\/luiscosta#author"},"creator":{"@id":"https:\/\/www.binauralmedia.org\/news\/arquivo\/author\/luiscosta#author"},"image":{"@type":"ImageObject","url":"https:\/\/www.binauralmedia.org\/news\/wp-content\/uploads\/22554730_1568372473209509_5209698274479339248_n.jpg","@id":"https:\/\/www.binauralmedia.org\/news\/arquivo\/10442\/#mainImage","width":960,"height":363},"primaryImageOfPage":{"@id":"https:\/\/www.binauralmedia.org\/news\/arquivo\/10442#mainImage"},"datePublished":"2017-10-16T11:36:06+00:00","dateModified":"2021-08-16T15:40:18+00:00"},{"@type":"WebSite","@id":"https:\/\/www.binauralmedia.org\/news\/#website","url":"https:\/\/www.binauralmedia.org\/news\/","name":"binauralmedia.org","description":"Rural Based Sound\/Media Arts & Social Research","inLanguage":"pt-PT","publisher":{"@id":"https:\/\/www.binauralmedia.org\/news\/#organization"}}]},"og:locale":"pt_PT","og:site_name":"binauralmedia.org - Rural Based Sound\/Media Arts &amp; Social Research","og:type":"article","og:title":"Binaural\/Nodar presente no BioF\u00f3rum-Gest\u00e3o Florestal Sustent\u00e1vel - binauralmedia.org","og:description":"A Binaural Nodar estar\u00e1 presente no dia 27 de Outubro no BioF\u00d3RUM - Gest\u00e3o Florestal Sustent\u00e1vel, a decorrer Junta De Freguesia Da Branca, Munic\u00edpio de Albergaria-a-Velha. O BIOForum \u00e9 dedicado ao urgente e oportuno tema da gest\u00e3o sustent\u00e1vel das florestas e \u00e0s oportunidades de diversifica\u00e7\u00e3o econ\u00f3mica, tur\u00edstica e cultural que a mesma encerra. Luis Gomes da Costa desenvolver\u00e1 uma palestra intitulada","og:url":"https:\/\/www.binauralmedia.org\/news\/arquivo\/10442","article:published_time":"2017-10-16T11:36:06+00:00","article:modified_time":"2021-08-16T15:40:18+00:00","twitter:card":"summary_large_image","twitter:title":"Binaural\/Nodar presente no BioF\u00f3rum-Gest\u00e3o Florestal Sustent\u00e1vel - binauralmedia.org","twitter:description":"A Binaural Nodar estar\u00e1 presente no dia 27 de Outubro no BioF\u00d3RUM - Gest\u00e3o Florestal Sustent\u00e1vel, a decorrer Junta De Freguesia Da Branca, Munic\u00edpio de Albergaria-a-Velha. O BIOForum \u00e9 dedicado ao urgente e oportuno tema da gest\u00e3o sustent\u00e1vel das florestas e \u00e0s oportunidades de diversifica\u00e7\u00e3o econ\u00f3mica, tur\u00edstica e cultural que a mesma encerra. Luis Gomes da Costa desenvolver\u00e1 uma palestra intitulada"},"aioseo_meta_data":{"post_id":"10442","title":null,"description":null,"keywords":null,"keyphrases":null,"primary_term":null,"canonical_url":null,"og_title":null,"og_description":null,"og_object_type":"default","og_image_type":"default","og_image_custom_url":null,"og_image_custom_fields":null,"og_image_url":null,"og_image_width":null,"og_image_height":null,"og_video":null,"og_custom_url":null,"og_article_section":null,"og_article_tags":null,"twitter_use_og":false,"twitter_card":"default","twitter_image_type":"default","twitter_image_custom_url":null,"twitter_image_custom_fields":null,"twitter_image_url":null,"twitter_title":null,"twitter_description":null,"schema_type":"default","schema_type_options":null,"schema":{"blockGraphs":[],"customGraphs":[],"default":{"data":{"Article":[],"Course":[],"Dataset":[],"FAQPage":[],"Movie":[],"Person":[],"Product":[],"ProductReview":[],"Car":[],"Recipe":[],"Service":[],"SoftwareApplication":[],"WebPage":[]},"graphName":"","isEnabled":true},"graphs":[]},"pillar_content":false,"robots_default":true,"robots_noindex":false,"robots_noarchive":false,"robots_nosnippet":false,"robots_nofollow":false,"robots_noimageindex":false,"robots_noodp":false,"robots_notranslate":false,"robots_max_snippet":null,"robots_max_videopreview":null,"robots_max_imagepreview":"large","priority":null,"frequency":null,"local_seo":null,"limit_modified_date":false,"ai":null,"breadcrumb_settings":null,"seo_analyzer_scan_date":null,"created":"2026-08-05 03:22:34","updated":"2026-08-05 03:22:34","focus_keyword":null,"additional_keywords":null,"truseo_locale":null},"aioseo_breadcrumb":"<div class=\"aioseo-breadcrumbs\"><span class=\"aioseo-breadcrumb\">\n\t\t\t<a href=\"https:\/\/www.binauralmedia.org\/news\" title=\"Home\">Home<\/a>\n\t\t<\/span><span class=\"aioseo-breadcrumb-separator\">&raquo;<\/span><span class=\"aioseo-breadcrumb\">\n\t\t\t<a href=\"https:\/\/www.binauralmedia.org\/news\/arquivo\/category\/news\" title=\"Not\u00edcias\">Not\u00edcias<\/a>\n\t\t<\/span><span class=\"aioseo-breadcrumb-separator\">&raquo;<\/span><span class=\"aioseo-breadcrumb\">\n\t\t\tBinaural\/Nodar presente no BioF\u00f3rum-Gest\u00e3o Florestal Sustent\u00e1vel\n\t\t<\/span><\/div>","aioseo_breadcrumb_json":[{"label":"Home","link":"https:\/\/www.binauralmedia.org\/news"},{"label":"Not\u00edcias","link":"https:\/\/www.binauralmedia.org\/news\/arquivo\/category\/news"},{"label":"Binaural\/Nodar presente no BioF\u00f3rum-Gest\u00e3o Florestal Sustent\u00e1vel","link":"https:\/\/www.binauralmedia.org\/news\/arquivo\/10442"}],"_links":{"self":[{"href":"https:\/\/www.binauralmedia.org\/news\/wp-json\/wp\/v2\/posts\/10442","targetHints":{"allow":["GET"]}}],"collection":[{"href":"https:\/\/www.binauralmedia.org\/news\/wp-json\/wp\/v2\/posts"}],"about":[{"href":"https:\/\/www.binauralmedia.org\/news\/wp-json\/wp\/v2\/types\/post"}],"author":[{"embeddable":true,"href":"https:\/\/www.binauralmedia.org\/news\/wp-json\/wp\/v2\/users\/2"}],"replies":[{"embeddable":true,"href":"https:\/\/www.binauralmedia.org\/news\/wp-json\/wp\/v2\/comments?post=10442"}],"version-history":[{"count":2,"href":"https:\/\/www.binauralmedia.org\/news\/wp-json\/wp\/v2\/posts\/10442\/revisions"}],"predecessor-version":[{"id":13300,"href":"https:\/\/www.binauralmedia.org\/news\/wp-json\/wp\/v2\/posts\/10442\/revisions\/13300"}],"wp:featuredmedia":[{"embeddable":true,"href":"https:\/\/www.binauralmedia.org\/news\/wp-json\/wp\/v2\/media\/10443"}],"wp:attachment":[{"href":"https:\/\/www.binauralmedia.org\/news\/wp-json\/wp\/v2\/media?parent=10442"}],"wp:term":[{"taxonomy":"category","embeddable":true,"href":"https:\/\/www.binauralmedia.org\/news\/wp-json\/wp\/v2\/categories?post=10442"},{"taxonomy":"post_tag","embeddable":true,"href":"https:\/\/www.binauralmedia.org\/news\/wp-json\/wp\/v2\/tags?post=10442"}],"curies":[{"name":"wp","href":"https:\/\/api.w.org\/{rel}","templated":true}]}}