{"id":10439,"date":"2018-02-06T13:02:53","date_gmt":"2018-02-06T13:02:53","guid":{"rendered":"http:\/\/binauralmedia.org\/news\/?p=10439"},"modified":"2021-08-16T15:40:23","modified_gmt":"2021-08-16T15:40:23","slug":"projeto-tramontana-eleito-para-promover-o-ano-europeu-do-patrimonio-cultural","status":"publish","type":"post","link":"https:\/\/www.binauralmedia.org\/news\/arquivo\/10439","title":{"rendered":"Projeto Tramontana eleito para promover o Ano Europeu do Patrim\u00f3nio Cultural"},"content":{"rendered":"<p>O projecto Europa Criativa\u00a0R\u00e9seau Tramontana\u00a0III, do qual a\u00a0Binaural Nodar \u00e9 presentemente chefe de fila, est\u00e1 a ser promovido pela\u00a0European Commission\u00a0no \u00e2mbito do Ano Europeu do Patrim\u00f3nio Cultural 2018, como um projeto paradigm\u00e1tico do tipo de abordagem, simultaneamente ancorada nos territ\u00f3rios e suas tradi\u00e7\u00f5es e num sentido de abertura, de coopera\u00e7\u00e3o internacional e de contemporaneidade.<\/p>\n<p>Eis o v\u00eddeo produzido, a partir de material cedido pelos parceiros do projeto: Binaur<span class=\"text_exposed_show\">al Nodar (Portugal), Audiolab (Pa\u00eds Basco, Espanha), Nosauts de Big\u00f2rra, Num\u00e9riculture Gascogne e Eth Ostau Comeng\u00e9s (os tr\u00eas de Fran\u00e7a),\u00a0Bambun\u00a0e\u00a0Associazione LEM-Italia\u00a0(ambos da regi\u00e3o de Abruzzo, It\u00e1lia) e\u00a0Akademia Profil\u00a0(Pol\u00f3nia).<\/span><\/p>\n<div class=\"text_exposed_show\">\n<p>A atividade da Binaural\/Nodar no \u00e2mbito deste projeto, um denso conjunto de recolhas sonoras, v\u00eddeo, a\u00e7\u00f5es educativas, publica\u00e7\u00f5es, cria\u00e7\u00f5es art\u00edsticas, exposi\u00e7\u00f5es e espet\u00e1culos, desenvolve-se marioritariamente no Munic\u00edpio de S\u00e3o Pedro do Sul,\u00a0Munic\u00edpio de Viseu,\u00a0Munic\u00edpio de Vouzela\u00a0e\u00a0Munic\u00edpio de Oliveira de Frades.<\/p>\n<div class=\"video-shortcode\">\n<div id=\"fb-root\"><\/div>\n<p><script async=\"1\" defer=\"1\" crossorigin=\"anonymous\" src=\"https:\/\/connect.facebook.net\/en_US\/sdk.js#xfbml=1&amp;version=v6.0\"><\/script><\/p>\n<div class=\"fb-video\" data-href=\"https:\/\/www.facebook.com\/CreativeEuropeEU\/videos\/1597616120276890\/\" data-width=\"1100\">\n<blockquote cite=\"https:\/\/www.facebook.com\/CreativeEuropeEU\/videos\/1597616120276890\/\" class=\"fb-xfbml-parse-ignore\"><p><a href=\"https:\/\/www.facebook.com\/CreativeEuropeEU\/videos\/1597616120276890\/\">Creative Europe Success stories &#8211; Tramontana network<\/a><\/p>\n<p>Creative Europe success stories \u2013  Tramontana network This project aims to preserve Europe&#039;s intangible cultural heritage. Gathering 8 partners in 5 European countries &#8211; France, Italy, Portugal, Spain, Poland, it documents and shares information on environmental, agricultural, tourist and socio-ethnic heritage in rural and mountain communities. This is essential for sustainable tourism, academic records and the passing-on of knowledge between generations.Engagement of local communities was a key component throughout the project, This is also a priority of the European year of Cultural Heritage. More info on the project page: https:\/\/ec.europa.eu\/programmes\/creative-europe\/ce-project-details\/#project\/8ae094a3-a83b-4470-974d-3f67ffa83129Learn more about Creative Europe success stories at the projects results platform:  https:\/\/ec.europa.eu\/programmes\/creative-europe\/projects\/<\/p>\n<p>Posted by <a href=\"https:\/\/www.facebook.com\/CreativeEuropeEU\/\">Creative Europe<\/a> on Tuesday, January 2, 2018<\/p><\/blockquote>\n<\/div>\n<\/div>\n<p>&nbsp;<\/p>\n<\/div>\n","protected":false},"excerpt":{"rendered":"<p>O projecto Europa Criativa\u00a0R\u00e9seau Tramontana\u00a0III, do qual a\u00a0Binaural Nodar \u00e9  [&#8230;]<\/p>\n","protected":false},"author":2,"featured_media":10440,"comment_status":"closed","ping_status":"closed","sticky":false,"template":"","format":"standard","meta":{"_acf_changed":false,"_bbp_topic_count":0,"_bbp_reply_count":0,"_bbp_total_topic_count":0,"_bbp_total_reply_count":0,"_bbp_voice_count":0,"_bbp_anonymous_reply_count":0,"_bbp_topic_count_hidden":0,"_bbp_reply_count_hidden":0,"_bbp_forum_subforum_count":0,"footnotes":""},"categories":[1158,1],"tags":[],"class_list":["post-10439","post","type-post","status-publish","format-standard","has-post-thumbnail","hentry","category-visual-sound-ethnograhpy","category-news"],"acf":[],"aioseo_notices":[],"aioseo_head":"\n\t\t<!-- All in One SEO 5.0.1.1 - aioseo.com -->\n\t<meta name=\"description\" content=\"O projecto Europa Criativa R\u00e9seau Tramontana III, do qual a Binaural Nodar \u00e9 presentemente chefe de fila, est\u00e1 a ser promovido pela European Commission no \u00e2mbito do Ano Europeu do Patrim\u00f3nio Cultural 2018, como um projeto paradigm\u00e1tico do tipo de abordagem, simultaneamente ancorada nos territ\u00f3rios e suas tradi\u00e7\u00f5es e num sentido de abertura, de coopera\u00e7\u00e3o internacional e de contemporaneidade. Eis\" \/>\n\t<meta name=\"robots\" content=\"max-image-preview:large\" \/>\n\t<meta name=\"author\" content=\"luiscosta\"\/>\n\t<link rel=\"canonical\" href=\"https:\/\/www.binauralmedia.org\/news\/arquivo\/10439\" \/>\n\t<meta name=\"generator\" content=\"All in One SEO (AIOSEO) 5.0.1.1\" \/>\n\t\t<meta property=\"og:locale\" content=\"pt_PT\" \/>\n\t\t<meta property=\"og:site_name\" content=\"binauralmedia.org - Rural Based Sound\/Media Arts &amp; Social Research\" \/>\n\t\t<meta property=\"og:type\" content=\"article\" \/>\n\t\t<meta property=\"og:title\" content=\"Projeto Tramontana eleito para promover o Ano Europeu do Patrim\u00f3nio Cultural - binauralmedia.org\" \/>\n\t\t<meta property=\"og:description\" content=\"O projecto Europa Criativa R\u00e9seau Tramontana III, do qual a Binaural Nodar \u00e9 presentemente chefe de fila, est\u00e1 a ser promovido pela European Commission no \u00e2mbito do Ano Europeu do Patrim\u00f3nio Cultural 2018, como um projeto paradigm\u00e1tico do tipo de abordagem, simultaneamente ancorada nos territ\u00f3rios e suas tradi\u00e7\u00f5es e num sentido de abertura, de coopera\u00e7\u00e3o internacional e de contemporaneidade. Eis\" \/>\n\t\t<meta property=\"og:url\" content=\"https:\/\/www.binauralmedia.org\/news\/arquivo\/10439\" \/>\n\t\t<meta property=\"article:published_time\" content=\"2018-02-06T13:02:53+00:00\" \/>\n\t\t<meta property=\"article:modified_time\" content=\"2021-08-16T15:40:23+00:00\" \/>\n\t\t<meta name=\"twitter:card\" content=\"summary_large_image\" \/>\n\t\t<meta name=\"twitter:title\" content=\"Projeto Tramontana eleito para promover o Ano Europeu do Patrim\u00f3nio Cultural - binauralmedia.org\" \/>\n\t\t<meta name=\"twitter:description\" content=\"O projecto Europa Criativa R\u00e9seau Tramontana III, do qual a Binaural Nodar \u00e9 presentemente chefe de fila, est\u00e1 a ser promovido pela European Commission no \u00e2mbito do Ano Europeu do Patrim\u00f3nio Cultural 2018, como um projeto paradigm\u00e1tico do tipo de abordagem, simultaneamente ancorada nos territ\u00f3rios e suas tradi\u00e7\u00f5es e num sentido de abertura, de coopera\u00e7\u00e3o internacional e de contemporaneidade. Eis\" \/>\n\t\t<script type=\"application\/ld+json\" class=\"aioseo-schema\">\n\t\t\t{\"@context\":\"https:\\\/\\\/schema.org\",\"@graph\":[{\"@type\":\"BlogPosting\",\"@id\":\"https:\\\/\\\/www.binauralmedia.org\\\/news\\\/arquivo\\\/10439#blogposting\",\"name\":\"Projeto Tramontana eleito para promover o Ano Europeu do Patrim\\u00f3nio Cultural - binauralmedia.org\",\"headline\":\"Projeto Tramontana eleito para promover o Ano Europeu do Patrim\\u00f3nio Cultural\",\"author\":{\"@id\":\"https:\\\/\\\/www.binauralmedia.org\\\/news\\\/arquivo\\\/author\\\/luiscosta#author\"},\"publisher\":{\"@id\":\"https:\\\/\\\/www.binauralmedia.org\\\/news\\\/#organization\"},\"image\":{\"@type\":\"ImageObject\",\"url\":\"https:\\\/\\\/www.binauralmedia.org\\\/news\\\/wp-content\\\/uploads\\\/Capturar-1.jpg\",\"width\":652,\"height\":497},\"datePublished\":\"2018-02-06T13:02:53+00:00\",\"dateModified\":\"2021-08-16T15:40:23+00:00\",\"inLanguage\":\"pt-PT\",\"mainEntityOfPage\":{\"@id\":\"https:\\\/\\\/www.binauralmedia.org\\\/news\\\/arquivo\\\/10439#webpage\"},\"isPartOf\":{\"@id\":\"https:\\\/\\\/www.binauralmedia.org\\\/news\\\/arquivo\\\/10439#webpage\"},\"articleSection\":\"Etnografia Sonora e Visual, Not\\u00edcias\"},{\"@type\":\"BreadcrumbList\",\"@id\":\"https:\\\/\\\/www.binauralmedia.org\\\/news\\\/arquivo\\\/10439#breadcrumblist\",\"itemListElement\":[{\"@type\":\"ListItem\",\"@id\":\"https:\\\/\\\/www.binauralmedia.org\\\/news#listItem\",\"position\":1,\"name\":\"Home\",\"item\":\"https:\\\/\\\/www.binauralmedia.org\\\/news\",\"nextItem\":{\"@type\":\"ListItem\",\"@id\":\"https:\\\/\\\/www.binauralmedia.org\\\/news\\\/arquivo\\\/category\\\/news#listItem\",\"name\":\"Not\\u00edcias\"}},{\"@type\":\"ListItem\",\"@id\":\"https:\\\/\\\/www.binauralmedia.org\\\/news\\\/arquivo\\\/category\\\/news#listItem\",\"position\":2,\"name\":\"Not\\u00edcias\",\"item\":\"https:\\\/\\\/www.binauralmedia.org\\\/news\\\/arquivo\\\/category\\\/news\",\"nextItem\":{\"@type\":\"ListItem\",\"@id\":\"https:\\\/\\\/www.binauralmedia.org\\\/news\\\/arquivo\\\/10439#listItem\",\"name\":\"Projeto Tramontana eleito para promover o Ano Europeu do Patrim\\u00f3nio Cultural\"},\"previousItem\":{\"@type\":\"ListItem\",\"@id\":\"https:\\\/\\\/www.binauralmedia.org\\\/news#listItem\",\"name\":\"Home\"}},{\"@type\":\"ListItem\",\"@id\":\"https:\\\/\\\/www.binauralmedia.org\\\/news\\\/arquivo\\\/10439#listItem\",\"position\":3,\"name\":\"Projeto Tramontana eleito para promover o Ano Europeu do Patrim\\u00f3nio Cultural\",\"previousItem\":{\"@type\":\"ListItem\",\"@id\":\"https:\\\/\\\/www.binauralmedia.org\\\/news\\\/arquivo\\\/category\\\/news#listItem\",\"name\":\"Not\\u00edcias\"}}]},{\"@type\":\"Organization\",\"@id\":\"https:\\\/\\\/www.binauralmedia.org\\\/news\\\/#organization\",\"name\":\"binauralmedia.org\",\"description\":\"Rural Based Sound\\\/Media Arts & Social Research\",\"url\":\"https:\\\/\\\/www.binauralmedia.org\\\/news\\\/\"},{\"@type\":\"Person\",\"@id\":\"https:\\\/\\\/www.binauralmedia.org\\\/news\\\/arquivo\\\/author\\\/luiscosta#author\",\"url\":\"https:\\\/\\\/www.binauralmedia.org\\\/news\\\/arquivo\\\/author\\\/luiscosta\",\"name\":\"luiscosta\"},{\"@type\":\"WebPage\",\"@id\":\"https:\\\/\\\/www.binauralmedia.org\\\/news\\\/arquivo\\\/10439#webpage\",\"url\":\"https:\\\/\\\/www.binauralmedia.org\\\/news\\\/arquivo\\\/10439\",\"name\":\"Projeto Tramontana eleito para promover o Ano Europeu do Patrim\\u00f3nio Cultural - binauralmedia.org\",\"description\":\"O projecto Europa Criativa R\\u00e9seau Tramontana III, do qual a Binaural Nodar \\u00e9 presentemente chefe de fila, est\\u00e1 a ser promovido pela European Commission no \\u00e2mbito do Ano Europeu do Patrim\\u00f3nio Cultural 2018, como um projeto paradigm\\u00e1tico do tipo de abordagem, simultaneamente ancorada nos territ\\u00f3rios e suas tradi\\u00e7\\u00f5es e num sentido de abertura, de coopera\\u00e7\\u00e3o internacional e de contemporaneidade. Eis\",\"inLanguage\":\"pt-PT\",\"isPartOf\":{\"@id\":\"https:\\\/\\\/www.binauralmedia.org\\\/news\\\/#website\"},\"breadcrumb\":{\"@id\":\"https:\\\/\\\/www.binauralmedia.org\\\/news\\\/arquivo\\\/10439#breadcrumblist\"},\"author\":{\"@id\":\"https:\\\/\\\/www.binauralmedia.org\\\/news\\\/arquivo\\\/author\\\/luiscosta#author\"},\"creator\":{\"@id\":\"https:\\\/\\\/www.binauralmedia.org\\\/news\\\/arquivo\\\/author\\\/luiscosta#author\"},\"image\":{\"@type\":\"ImageObject\",\"url\":\"https:\\\/\\\/www.binauralmedia.org\\\/news\\\/wp-content\\\/uploads\\\/Capturar-1.jpg\",\"@id\":\"https:\\\/\\\/www.binauralmedia.org\\\/news\\\/arquivo\\\/10439\\\/#mainImage\",\"width\":652,\"height\":497},\"primaryImageOfPage\":{\"@id\":\"https:\\\/\\\/www.binauralmedia.org\\\/news\\\/arquivo\\\/10439#mainImage\"},\"datePublished\":\"2018-02-06T13:02:53+00:00\",\"dateModified\":\"2021-08-16T15:40:23+00:00\"},{\"@type\":\"WebSite\",\"@id\":\"https:\\\/\\\/www.binauralmedia.org\\\/news\\\/#website\",\"url\":\"https:\\\/\\\/www.binauralmedia.org\\\/news\\\/\",\"name\":\"binauralmedia.org\",\"description\":\"Rural Based Sound\\\/Media Arts & Social Research\",\"inLanguage\":\"pt-PT\",\"publisher\":{\"@id\":\"https:\\\/\\\/www.binauralmedia.org\\\/news\\\/#organization\"}}]}\n\t\t<\/script>\n\t\t<!-- All in One SEO -->\n\n","aioseo_head_json":{"title":"Projeto Tramontana eleito para promover o Ano Europeu do Patrim\u00f3nio Cultural - binauralmedia.org","description":"O projecto Europa Criativa R\u00e9seau Tramontana III, do qual a Binaural Nodar \u00e9 presentemente chefe de fila, est\u00e1 a ser promovido pela European Commission no \u00e2mbito do Ano Europeu do Patrim\u00f3nio Cultural 2018, como um projeto paradigm\u00e1tico do tipo de abordagem, simultaneamente ancorada nos territ\u00f3rios e suas tradi\u00e7\u00f5es e num sentido de abertura, de coopera\u00e7\u00e3o internacional e de contemporaneidade. Eis","canonical_url":"https:\/\/www.binauralmedia.org\/news\/arquivo\/10439","robots":"max-image-preview:large","keywords":"","webmasterTools":{"miscellaneous":""},"schema":{"@context":"https:\/\/schema.org","@graph":[{"@type":"BlogPosting","@id":"https:\/\/www.binauralmedia.org\/news\/arquivo\/10439#blogposting","name":"Projeto Tramontana eleito para promover o Ano Europeu do Patrim\u00f3nio Cultural - binauralmedia.org","headline":"Projeto Tramontana eleito para promover o Ano Europeu do Patrim\u00f3nio Cultural","author":{"@id":"https:\/\/www.binauralmedia.org\/news\/arquivo\/author\/luiscosta#author"},"publisher":{"@id":"https:\/\/www.binauralmedia.org\/news\/#organization"},"image":{"@type":"ImageObject","url":"https:\/\/www.binauralmedia.org\/news\/wp-content\/uploads\/Capturar-1.jpg","width":652,"height":497},"datePublished":"2018-02-06T13:02:53+00:00","dateModified":"2021-08-16T15:40:23+00:00","inLanguage":"pt-PT","mainEntityOfPage":{"@id":"https:\/\/www.binauralmedia.org\/news\/arquivo\/10439#webpage"},"isPartOf":{"@id":"https:\/\/www.binauralmedia.org\/news\/arquivo\/10439#webpage"},"articleSection":"Etnografia Sonora e Visual, Not\u00edcias"},{"@type":"BreadcrumbList","@id":"https:\/\/www.binauralmedia.org\/news\/arquivo\/10439#breadcrumblist","itemListElement":[{"@type":"ListItem","@id":"https:\/\/www.binauralmedia.org\/news#listItem","position":1,"name":"Home","item":"https:\/\/www.binauralmedia.org\/news","nextItem":{"@type":"ListItem","@id":"https:\/\/www.binauralmedia.org\/news\/arquivo\/category\/news#listItem","name":"Not\u00edcias"}},{"@type":"ListItem","@id":"https:\/\/www.binauralmedia.org\/news\/arquivo\/category\/news#listItem","position":2,"name":"Not\u00edcias","item":"https:\/\/www.binauralmedia.org\/news\/arquivo\/category\/news","nextItem":{"@type":"ListItem","@id":"https:\/\/www.binauralmedia.org\/news\/arquivo\/10439#listItem","name":"Projeto Tramontana eleito para promover o Ano Europeu do Patrim\u00f3nio Cultural"},"previousItem":{"@type":"ListItem","@id":"https:\/\/www.binauralmedia.org\/news#listItem","name":"Home"}},{"@type":"ListItem","@id":"https:\/\/www.binauralmedia.org\/news\/arquivo\/10439#listItem","position":3,"name":"Projeto Tramontana eleito para promover o Ano Europeu do Patrim\u00f3nio Cultural","previousItem":{"@type":"ListItem","@id":"https:\/\/www.binauralmedia.org\/news\/arquivo\/category\/news#listItem","name":"Not\u00edcias"}}]},{"@type":"Organization","@id":"https:\/\/www.binauralmedia.org\/news\/#organization","name":"binauralmedia.org","description":"Rural Based Sound\/Media Arts & Social Research","url":"https:\/\/www.binauralmedia.org\/news\/"},{"@type":"Person","@id":"https:\/\/www.binauralmedia.org\/news\/arquivo\/author\/luiscosta#author","url":"https:\/\/www.binauralmedia.org\/news\/arquivo\/author\/luiscosta","name":"luiscosta"},{"@type":"WebPage","@id":"https:\/\/www.binauralmedia.org\/news\/arquivo\/10439#webpage","url":"https:\/\/www.binauralmedia.org\/news\/arquivo\/10439","name":"Projeto Tramontana eleito para promover o Ano Europeu do Patrim\u00f3nio Cultural - binauralmedia.org","description":"O projecto Europa Criativa R\u00e9seau Tramontana III, do qual a Binaural Nodar \u00e9 presentemente chefe de fila, est\u00e1 a ser promovido pela European Commission no \u00e2mbito do Ano Europeu do Patrim\u00f3nio Cultural 2018, como um projeto paradigm\u00e1tico do tipo de abordagem, simultaneamente ancorada nos territ\u00f3rios e suas tradi\u00e7\u00f5es e num sentido de abertura, de coopera\u00e7\u00e3o internacional e de contemporaneidade. Eis","inLanguage":"pt-PT","isPartOf":{"@id":"https:\/\/www.binauralmedia.org\/news\/#website"},"breadcrumb":{"@id":"https:\/\/www.binauralmedia.org\/news\/arquivo\/10439#breadcrumblist"},"author":{"@id":"https:\/\/www.binauralmedia.org\/news\/arquivo\/author\/luiscosta#author"},"creator":{"@id":"https:\/\/www.binauralmedia.org\/news\/arquivo\/author\/luiscosta#author"},"image":{"@type":"ImageObject","url":"https:\/\/www.binauralmedia.org\/news\/wp-content\/uploads\/Capturar-1.jpg","@id":"https:\/\/www.binauralmedia.org\/news\/arquivo\/10439\/#mainImage","width":652,"height":497},"primaryImageOfPage":{"@id":"https:\/\/www.binauralmedia.org\/news\/arquivo\/10439#mainImage"},"datePublished":"2018-02-06T13:02:53+00:00","dateModified":"2021-08-16T15:40:23+00:00"},{"@type":"WebSite","@id":"https:\/\/www.binauralmedia.org\/news\/#website","url":"https:\/\/www.binauralmedia.org\/news\/","name":"binauralmedia.org","description":"Rural Based Sound\/Media Arts & Social Research","inLanguage":"pt-PT","publisher":{"@id":"https:\/\/www.binauralmedia.org\/news\/#organization"}}]},"og:locale":"pt_PT","og:site_name":"binauralmedia.org - Rural Based Sound\/Media Arts &amp; Social Research","og:type":"article","og:title":"Projeto Tramontana eleito para promover o Ano Europeu do Patrim\u00f3nio Cultural - binauralmedia.org","og:description":"O projecto Europa Criativa R\u00e9seau Tramontana III, do qual a Binaural Nodar \u00e9 presentemente chefe de fila, est\u00e1 a ser promovido pela European Commission no \u00e2mbito do Ano Europeu do Patrim\u00f3nio Cultural 2018, como um projeto paradigm\u00e1tico do tipo de abordagem, simultaneamente ancorada nos territ\u00f3rios e suas tradi\u00e7\u00f5es e num sentido de abertura, de coopera\u00e7\u00e3o internacional e de contemporaneidade. Eis","og:url":"https:\/\/www.binauralmedia.org\/news\/arquivo\/10439","article:published_time":"2018-02-06T13:02:53+00:00","article:modified_time":"2021-08-16T15:40:23+00:00","twitter:card":"summary_large_image","twitter:title":"Projeto Tramontana eleito para promover o Ano Europeu do Patrim\u00f3nio Cultural - binauralmedia.org","twitter:description":"O projecto Europa Criativa R\u00e9seau Tramontana III, do qual a Binaural Nodar \u00e9 presentemente chefe de fila, est\u00e1 a ser promovido pela European Commission no \u00e2mbito do Ano Europeu do Patrim\u00f3nio Cultural 2018, como um projeto paradigm\u00e1tico do tipo de abordagem, simultaneamente ancorada nos territ\u00f3rios e suas tradi\u00e7\u00f5es e num sentido de abertura, de coopera\u00e7\u00e3o internacional e de contemporaneidade. Eis"},"aioseo_meta_data":{"post_id":"10439","title":null,"description":null,"keywords":null,"keyphrases":null,"primary_term":null,"canonical_url":null,"og_title":null,"og_description":null,"og_object_type":"default","og_image_type":"default","og_image_custom_url":null,"og_image_custom_fields":null,"og_image_url":null,"og_image_width":null,"og_image_height":null,"og_video":null,"og_custom_url":null,"og_article_section":null,"og_article_tags":null,"twitter_use_og":false,"twitter_card":"default","twitter_image_type":"default","twitter_image_custom_url":null,"twitter_image_custom_fields":null,"twitter_image_url":null,"twitter_title":null,"twitter_description":null,"schema_type":"default","schema_type_options":null,"schema":{"blockGraphs":[],"customGraphs":[],"default":{"data":{"Article":[],"Course":[],"Dataset":[],"FAQPage":[],"Movie":[],"Person":[],"Product":[],"ProductReview":[],"Car":[],"Recipe":[],"Service":[],"SoftwareApplication":[],"WebPage":[]},"graphName":"","isEnabled":true},"graphs":[]},"pillar_content":false,"robots_default":true,"robots_noindex":false,"robots_noarchive":false,"robots_nosnippet":false,"robots_nofollow":false,"robots_noimageindex":false,"robots_noodp":false,"robots_notranslate":false,"robots_max_snippet":null,"robots_max_videopreview":null,"robots_max_imagepreview":"large","priority":null,"frequency":null,"local_seo":null,"limit_modified_date":false,"ai":null,"breadcrumb_settings":null,"seo_analyzer_scan_date":null,"created":"2026-08-05 03:30:03","updated":"2026-08-05 03:30:03","focus_keyword":null,"additional_keywords":null,"truseo_locale":null},"aioseo_breadcrumb":"<div class=\"aioseo-breadcrumbs\"><span class=\"aioseo-breadcrumb\">\n\t\t\t<a href=\"https:\/\/www.binauralmedia.org\/news\" title=\"Home\">Home<\/a>\n\t\t<\/span><span class=\"aioseo-breadcrumb-separator\">&raquo;<\/span><span class=\"aioseo-breadcrumb\">\n\t\t\t<a href=\"https:\/\/www.binauralmedia.org\/news\/arquivo\/category\/news\" title=\"Not\u00edcias\">Not\u00edcias<\/a>\n\t\t<\/span><span class=\"aioseo-breadcrumb-separator\">&raquo;<\/span><span class=\"aioseo-breadcrumb\">\n\t\t\tProjeto Tramontana eleito para promover o Ano Europeu do Patrim\u00f3nio Cultural\n\t\t<\/span><\/div>","aioseo_breadcrumb_json":[{"label":"Home","link":"https:\/\/www.binauralmedia.org\/news"},{"label":"Not\u00edcias","link":"https:\/\/www.binauralmedia.org\/news\/arquivo\/category\/news"},{"label":"Projeto Tramontana eleito para promover o Ano Europeu do Patrim\u00f3nio Cultural","link":"https:\/\/www.binauralmedia.org\/news\/arquivo\/10439"}],"_links":{"self":[{"href":"https:\/\/www.binauralmedia.org\/news\/wp-json\/wp\/v2\/posts\/10439","targetHints":{"allow":["GET"]}}],"collection":[{"href":"https:\/\/www.binauralmedia.org\/news\/wp-json\/wp\/v2\/posts"}],"about":[{"href":"https:\/\/www.binauralmedia.org\/news\/wp-json\/wp\/v2\/types\/post"}],"author":[{"embeddable":true,"href":"https:\/\/www.binauralmedia.org\/news\/wp-json\/wp\/v2\/users\/2"}],"replies":[{"embeddable":true,"href":"https:\/\/www.binauralmedia.org\/news\/wp-json\/wp\/v2\/comments?post=10439"}],"version-history":[{"count":2,"href":"https:\/\/www.binauralmedia.org\/news\/wp-json\/wp\/v2\/posts\/10439\/revisions"}],"predecessor-version":[{"id":13308,"href":"https:\/\/www.binauralmedia.org\/news\/wp-json\/wp\/v2\/posts\/10439\/revisions\/13308"}],"wp:featuredmedia":[{"embeddable":true,"href":"https:\/\/www.binauralmedia.org\/news\/wp-json\/wp\/v2\/media\/10440"}],"wp:attachment":[{"href":"https:\/\/www.binauralmedia.org\/news\/wp-json\/wp\/v2\/media?parent=10439"}],"wp:term":[{"taxonomy":"category","embeddable":true,"href":"https:\/\/www.binauralmedia.org\/news\/wp-json\/wp\/v2\/categories?post=10439"},{"taxonomy":"post_tag","embeddable":true,"href":"https:\/\/www.binauralmedia.org\/news\/wp-json\/wp\/v2\/tags?post=10439"}],"curies":[{"name":"wp","href":"https:\/\/api.w.org\/{rel}","templated":true}]}}