{"id":10427,"date":"2017-09-21T12:12:39","date_gmt":"2017-09-21T12:12:39","guid":{"rendered":"http:\/\/binauralmedia.org\/news\/?p=10427"},"modified":"2021-08-16T15:40:18","modified_gmt":"2021-08-16T15:40:18","slug":"forum-tramontana-polonia","status":"publish","type":"post","link":"https:\/\/www.binauralmedia.org\/news\/arquivo\/10427","title":{"rendered":"F\u00f3rum Tramontana &#8211; Pol\u00f3nia"},"content":{"rendered":"<p>Decorrer\u00e1 entre 8 e 11 de Outubro na cidade polaca de Radziejowice o F\u00f3rum Tramontana, um evento de ateli\u00eas internos e apresenta\u00e7\u00f5es p\u00fablicas do\u00a0R\u00e9seau Tramontana, projeto europeu coordenado pela\u00a0Binaural Nodar\u00a0e co-financiado pelo Programa\u00a0Creative Europe\u00a0da\u00a0European Commission\u00a0e que conta com 8 organiza\u00e7\u00f5es europeias dedicadas \u00e0 pesquisa etnogr\u00e1fica sonora e multim\u00e9dia em contextos rurais de montanha.<\/p>\n<p>o coordenador da Binaural\/Nodar\u00a0Luis Gomes da Costa\u00a0estar\u00e1 presente no F\u00f3<span class=\"text_exposed_show\">rum Tramontana, coordenado os v\u00e1rios workshops internos, apresentando alguns excertos do trabalho recente da associa\u00e7\u00e3o nos concelhos da\u00a0Regi\u00e3o de Laf\u00f5es, do\u00a0Munic\u00edpio de Viseu\u00a0e dos munic\u00edpios da\u00a0Comunidade Intermunicipal Viseu D\u00e3o Laf\u00f5es, para al\u00e9m de apresentar um recital de voz, som e v\u00eddeo intitulado &#8220;Lendas Sonoras de Laf\u00f5es&#8221; (na sua vers\u00e3o em Ingl\u00eas).<\/span><\/p>\n<div class=\"text_exposed_show\">\n<p>S\u00e3o parceiros principais da Rede Tramontana, a\u00a0Binaural Nodar\u00a0(chefe-de-fila),\u00a0Nosauts de Bigorra,\u00a0JP Ostau Comeng\u00e9s,\u00a0Bambun,\u00a0Associazione LEM-Italia, Audiolab e Num\u00e9riculture Gascogne.<\/p>\n<\/div>\n","protected":false},"excerpt":{"rendered":"<p>Decorrer\u00e1 entre 8 e 11 de Outubro na cidade polaca  [&#8230;]<\/p>\n","protected":false},"author":2,"featured_media":10428,"comment_status":"closed","ping_status":"closed","sticky":false,"template":"","format":"standard","meta":{"_acf_changed":false,"_bbp_topic_count":0,"_bbp_reply_count":0,"_bbp_total_topic_count":0,"_bbp_total_reply_count":0,"_bbp_voice_count":0,"_bbp_anonymous_reply_count":0,"_bbp_topic_count_hidden":0,"_bbp_reply_count_hidden":0,"_bbp_forum_subforum_count":0,"footnotes":""},"categories":[1158,1],"tags":[],"class_list":["post-10427","post","type-post","status-publish","format-standard","has-post-thumbnail","hentry","category-visual-sound-ethnograhpy","category-news"],"acf":[],"aioseo_notices":[],"aioseo_head":"\n\t\t<!-- All in One SEO 5.0.1.1 - aioseo.com -->\n\t<meta name=\"description\" content=\"Decorrer\u00e1 entre 8 e 11 de Outubro na cidade polaca de Radziejowice o F\u00f3rum Tramontana, um evento de ateli\u00eas internos e apresenta\u00e7\u00f5es p\u00fablicas do R\u00e9seau Tramontana, projeto europeu coordenado pela Binaural Nodar e co-financiado pelo Programa Creative Europe da European Commission e que conta com 8 organiza\u00e7\u00f5es europeias dedicadas \u00e0 pesquisa etnogr\u00e1fica sonora e multim\u00e9dia em contextos rurais de montanha. o coordenador\" \/>\n\t<meta name=\"robots\" content=\"max-image-preview:large\" \/>\n\t<meta name=\"author\" content=\"luiscosta\"\/>\n\t<link rel=\"canonical\" href=\"https:\/\/www.binauralmedia.org\/news\/arquivo\/10427\" \/>\n\t<meta name=\"generator\" content=\"All in One SEO (AIOSEO) 5.0.1.1\" \/>\n\t\t<meta property=\"og:locale\" content=\"pt_PT\" \/>\n\t\t<meta property=\"og:site_name\" content=\"binauralmedia.org - Rural Based Sound\/Media Arts &amp; Social Research\" \/>\n\t\t<meta property=\"og:type\" content=\"article\" \/>\n\t\t<meta property=\"og:title\" content=\"F\u00f3rum Tramontana \u2013 Pol\u00f3nia - binauralmedia.org\" \/>\n\t\t<meta property=\"og:description\" content=\"Decorrer\u00e1 entre 8 e 11 de Outubro na cidade polaca de Radziejowice o F\u00f3rum Tramontana, um evento de ateli\u00eas internos e apresenta\u00e7\u00f5es p\u00fablicas do R\u00e9seau Tramontana, projeto europeu coordenado pela Binaural Nodar e co-financiado pelo Programa Creative Europe da European Commission e que conta com 8 organiza\u00e7\u00f5es europeias dedicadas \u00e0 pesquisa etnogr\u00e1fica sonora e multim\u00e9dia em contextos rurais de montanha. o coordenador\" \/>\n\t\t<meta property=\"og:url\" content=\"https:\/\/www.binauralmedia.org\/news\/arquivo\/10427\" \/>\n\t\t<meta property=\"article:published_time\" content=\"2017-09-21T12:12:39+00:00\" \/>\n\t\t<meta property=\"article:modified_time\" content=\"2021-08-16T15:40:18+00:00\" \/>\n\t\t<meta name=\"twitter:card\" content=\"summary_large_image\" \/>\n\t\t<meta name=\"twitter:title\" content=\"F\u00f3rum Tramontana \u2013 Pol\u00f3nia - binauralmedia.org\" \/>\n\t\t<meta name=\"twitter:description\" content=\"Decorrer\u00e1 entre 8 e 11 de Outubro na cidade polaca de Radziejowice o F\u00f3rum Tramontana, um evento de ateli\u00eas internos e apresenta\u00e7\u00f5es p\u00fablicas do R\u00e9seau Tramontana, projeto europeu coordenado pela Binaural Nodar e co-financiado pelo Programa Creative Europe da European Commission e que conta com 8 organiza\u00e7\u00f5es europeias dedicadas \u00e0 pesquisa etnogr\u00e1fica sonora e multim\u00e9dia em contextos rurais de montanha. o coordenador\" \/>\n\t\t<script type=\"application\/ld+json\" class=\"aioseo-schema\">\n\t\t\t{\"@context\":\"https:\\\/\\\/schema.org\",\"@graph\":[{\"@type\":\"BlogPosting\",\"@id\":\"https:\\\/\\\/www.binauralmedia.org\\\/news\\\/arquivo\\\/10427#blogposting\",\"name\":\"F\\u00f3rum Tramontana \\u2013 Pol\\u00f3nia - binauralmedia.org\",\"headline\":\"F\\u00f3rum Tramontana &#8211; Pol\\u00f3nia\",\"author\":{\"@id\":\"https:\\\/\\\/www.binauralmedia.org\\\/news\\\/arquivo\\\/author\\\/luiscosta#author\"},\"publisher\":{\"@id\":\"https:\\\/\\\/www.binauralmedia.org\\\/news\\\/#organization\"},\"image\":{\"@type\":\"ImageObject\",\"url\":\"https:\\\/\\\/www.binauralmedia.org\\\/news\\\/wp-content\\\/uploads\\\/21752184_1908771182716463_2671397617894016538_n.jpg\",\"width\":679,\"height\":960},\"datePublished\":\"2017-09-21T12:12:39+00:00\",\"dateModified\":\"2021-08-16T15:40:18+00:00\",\"inLanguage\":\"pt-PT\",\"mainEntityOfPage\":{\"@id\":\"https:\\\/\\\/www.binauralmedia.org\\\/news\\\/arquivo\\\/10427#webpage\"},\"isPartOf\":{\"@id\":\"https:\\\/\\\/www.binauralmedia.org\\\/news\\\/arquivo\\\/10427#webpage\"},\"articleSection\":\"Etnografia Sonora e Visual, Not\\u00edcias\"},{\"@type\":\"BreadcrumbList\",\"@id\":\"https:\\\/\\\/www.binauralmedia.org\\\/news\\\/arquivo\\\/10427#breadcrumblist\",\"itemListElement\":[{\"@type\":\"ListItem\",\"@id\":\"https:\\\/\\\/www.binauralmedia.org\\\/news#listItem\",\"position\":1,\"name\":\"Home\",\"item\":\"https:\\\/\\\/www.binauralmedia.org\\\/news\",\"nextItem\":{\"@type\":\"ListItem\",\"@id\":\"https:\\\/\\\/www.binauralmedia.org\\\/news\\\/arquivo\\\/category\\\/news#listItem\",\"name\":\"Not\\u00edcias\"}},{\"@type\":\"ListItem\",\"@id\":\"https:\\\/\\\/www.binauralmedia.org\\\/news\\\/arquivo\\\/category\\\/news#listItem\",\"position\":2,\"name\":\"Not\\u00edcias\",\"item\":\"https:\\\/\\\/www.binauralmedia.org\\\/news\\\/arquivo\\\/category\\\/news\",\"nextItem\":{\"@type\":\"ListItem\",\"@id\":\"https:\\\/\\\/www.binauralmedia.org\\\/news\\\/arquivo\\\/10427#listItem\",\"name\":\"F\\u00f3rum Tramontana &#8211; Pol\\u00f3nia\"},\"previousItem\":{\"@type\":\"ListItem\",\"@id\":\"https:\\\/\\\/www.binauralmedia.org\\\/news#listItem\",\"name\":\"Home\"}},{\"@type\":\"ListItem\",\"@id\":\"https:\\\/\\\/www.binauralmedia.org\\\/news\\\/arquivo\\\/10427#listItem\",\"position\":3,\"name\":\"F\\u00f3rum Tramontana &#8211; Pol\\u00f3nia\",\"previousItem\":{\"@type\":\"ListItem\",\"@id\":\"https:\\\/\\\/www.binauralmedia.org\\\/news\\\/arquivo\\\/category\\\/news#listItem\",\"name\":\"Not\\u00edcias\"}}]},{\"@type\":\"Organization\",\"@id\":\"https:\\\/\\\/www.binauralmedia.org\\\/news\\\/#organization\",\"name\":\"binauralmedia.org\",\"description\":\"Rural Based Sound\\\/Media Arts & Social Research\",\"url\":\"https:\\\/\\\/www.binauralmedia.org\\\/news\\\/\"},{\"@type\":\"Person\",\"@id\":\"https:\\\/\\\/www.binauralmedia.org\\\/news\\\/arquivo\\\/author\\\/luiscosta#author\",\"url\":\"https:\\\/\\\/www.binauralmedia.org\\\/news\\\/arquivo\\\/author\\\/luiscosta\",\"name\":\"luiscosta\"},{\"@type\":\"WebPage\",\"@id\":\"https:\\\/\\\/www.binauralmedia.org\\\/news\\\/arquivo\\\/10427#webpage\",\"url\":\"https:\\\/\\\/www.binauralmedia.org\\\/news\\\/arquivo\\\/10427\",\"name\":\"F\\u00f3rum Tramontana \\u2013 Pol\\u00f3nia - binauralmedia.org\",\"description\":\"Decorrer\\u00e1 entre 8 e 11 de Outubro na cidade polaca de Radziejowice o F\\u00f3rum Tramontana, um evento de ateli\\u00eas internos e apresenta\\u00e7\\u00f5es p\\u00fablicas do R\\u00e9seau Tramontana, projeto europeu coordenado pela Binaural Nodar e co-financiado pelo Programa Creative Europe da European Commission e que conta com 8 organiza\\u00e7\\u00f5es europeias dedicadas \\u00e0 pesquisa etnogr\\u00e1fica sonora e multim\\u00e9dia em contextos rurais de montanha. o coordenador\",\"inLanguage\":\"pt-PT\",\"isPartOf\":{\"@id\":\"https:\\\/\\\/www.binauralmedia.org\\\/news\\\/#website\"},\"breadcrumb\":{\"@id\":\"https:\\\/\\\/www.binauralmedia.org\\\/news\\\/arquivo\\\/10427#breadcrumblist\"},\"author\":{\"@id\":\"https:\\\/\\\/www.binauralmedia.org\\\/news\\\/arquivo\\\/author\\\/luiscosta#author\"},\"creator\":{\"@id\":\"https:\\\/\\\/www.binauralmedia.org\\\/news\\\/arquivo\\\/author\\\/luiscosta#author\"},\"image\":{\"@type\":\"ImageObject\",\"url\":\"https:\\\/\\\/www.binauralmedia.org\\\/news\\\/wp-content\\\/uploads\\\/21752184_1908771182716463_2671397617894016538_n.jpg\",\"@id\":\"https:\\\/\\\/www.binauralmedia.org\\\/news\\\/arquivo\\\/10427\\\/#mainImage\",\"width\":679,\"height\":960},\"primaryImageOfPage\":{\"@id\":\"https:\\\/\\\/www.binauralmedia.org\\\/news\\\/arquivo\\\/10427#mainImage\"},\"datePublished\":\"2017-09-21T12:12:39+00:00\",\"dateModified\":\"2021-08-16T15:40:18+00:00\"},{\"@type\":\"WebSite\",\"@id\":\"https:\\\/\\\/www.binauralmedia.org\\\/news\\\/#website\",\"url\":\"https:\\\/\\\/www.binauralmedia.org\\\/news\\\/\",\"name\":\"binauralmedia.org\",\"description\":\"Rural Based Sound\\\/Media Arts & Social Research\",\"inLanguage\":\"pt-PT\",\"publisher\":{\"@id\":\"https:\\\/\\\/www.binauralmedia.org\\\/news\\\/#organization\"}}]}\n\t\t<\/script>\n\t\t<!-- All in One SEO -->\n\n","aioseo_head_json":{"title":"F\u00f3rum Tramontana \u2013 Pol\u00f3nia - binauralmedia.org","description":"Decorrer\u00e1 entre 8 e 11 de Outubro na cidade polaca de Radziejowice o F\u00f3rum Tramontana, um evento de ateli\u00eas internos e apresenta\u00e7\u00f5es p\u00fablicas do R\u00e9seau Tramontana, projeto europeu coordenado pela Binaural Nodar e co-financiado pelo Programa Creative Europe da European Commission e que conta com 8 organiza\u00e7\u00f5es europeias dedicadas \u00e0 pesquisa etnogr\u00e1fica sonora e multim\u00e9dia em contextos rurais de montanha. o coordenador","canonical_url":"https:\/\/www.binauralmedia.org\/news\/arquivo\/10427","robots":"max-image-preview:large","keywords":"","webmasterTools":{"miscellaneous":""},"schema":{"@context":"https:\/\/schema.org","@graph":[{"@type":"BlogPosting","@id":"https:\/\/www.binauralmedia.org\/news\/arquivo\/10427#blogposting","name":"F\u00f3rum Tramontana \u2013 Pol\u00f3nia - binauralmedia.org","headline":"F\u00f3rum Tramontana &#8211; Pol\u00f3nia","author":{"@id":"https:\/\/www.binauralmedia.org\/news\/arquivo\/author\/luiscosta#author"},"publisher":{"@id":"https:\/\/www.binauralmedia.org\/news\/#organization"},"image":{"@type":"ImageObject","url":"https:\/\/www.binauralmedia.org\/news\/wp-content\/uploads\/21752184_1908771182716463_2671397617894016538_n.jpg","width":679,"height":960},"datePublished":"2017-09-21T12:12:39+00:00","dateModified":"2021-08-16T15:40:18+00:00","inLanguage":"pt-PT","mainEntityOfPage":{"@id":"https:\/\/www.binauralmedia.org\/news\/arquivo\/10427#webpage"},"isPartOf":{"@id":"https:\/\/www.binauralmedia.org\/news\/arquivo\/10427#webpage"},"articleSection":"Etnografia Sonora e Visual, Not\u00edcias"},{"@type":"BreadcrumbList","@id":"https:\/\/www.binauralmedia.org\/news\/arquivo\/10427#breadcrumblist","itemListElement":[{"@type":"ListItem","@id":"https:\/\/www.binauralmedia.org\/news#listItem","position":1,"name":"Home","item":"https:\/\/www.binauralmedia.org\/news","nextItem":{"@type":"ListItem","@id":"https:\/\/www.binauralmedia.org\/news\/arquivo\/category\/news#listItem","name":"Not\u00edcias"}},{"@type":"ListItem","@id":"https:\/\/www.binauralmedia.org\/news\/arquivo\/category\/news#listItem","position":2,"name":"Not\u00edcias","item":"https:\/\/www.binauralmedia.org\/news\/arquivo\/category\/news","nextItem":{"@type":"ListItem","@id":"https:\/\/www.binauralmedia.org\/news\/arquivo\/10427#listItem","name":"F\u00f3rum Tramontana &#8211; Pol\u00f3nia"},"previousItem":{"@type":"ListItem","@id":"https:\/\/www.binauralmedia.org\/news#listItem","name":"Home"}},{"@type":"ListItem","@id":"https:\/\/www.binauralmedia.org\/news\/arquivo\/10427#listItem","position":3,"name":"F\u00f3rum Tramontana &#8211; Pol\u00f3nia","previousItem":{"@type":"ListItem","@id":"https:\/\/www.binauralmedia.org\/news\/arquivo\/category\/news#listItem","name":"Not\u00edcias"}}]},{"@type":"Organization","@id":"https:\/\/www.binauralmedia.org\/news\/#organization","name":"binauralmedia.org","description":"Rural Based Sound\/Media Arts & Social Research","url":"https:\/\/www.binauralmedia.org\/news\/"},{"@type":"Person","@id":"https:\/\/www.binauralmedia.org\/news\/arquivo\/author\/luiscosta#author","url":"https:\/\/www.binauralmedia.org\/news\/arquivo\/author\/luiscosta","name":"luiscosta"},{"@type":"WebPage","@id":"https:\/\/www.binauralmedia.org\/news\/arquivo\/10427#webpage","url":"https:\/\/www.binauralmedia.org\/news\/arquivo\/10427","name":"F\u00f3rum Tramontana \u2013 Pol\u00f3nia - binauralmedia.org","description":"Decorrer\u00e1 entre 8 e 11 de Outubro na cidade polaca de Radziejowice o F\u00f3rum Tramontana, um evento de ateli\u00eas internos e apresenta\u00e7\u00f5es p\u00fablicas do R\u00e9seau Tramontana, projeto europeu coordenado pela Binaural Nodar e co-financiado pelo Programa Creative Europe da European Commission e que conta com 8 organiza\u00e7\u00f5es europeias dedicadas \u00e0 pesquisa etnogr\u00e1fica sonora e multim\u00e9dia em contextos rurais de montanha. o coordenador","inLanguage":"pt-PT","isPartOf":{"@id":"https:\/\/www.binauralmedia.org\/news\/#website"},"breadcrumb":{"@id":"https:\/\/www.binauralmedia.org\/news\/arquivo\/10427#breadcrumblist"},"author":{"@id":"https:\/\/www.binauralmedia.org\/news\/arquivo\/author\/luiscosta#author"},"creator":{"@id":"https:\/\/www.binauralmedia.org\/news\/arquivo\/author\/luiscosta#author"},"image":{"@type":"ImageObject","url":"https:\/\/www.binauralmedia.org\/news\/wp-content\/uploads\/21752184_1908771182716463_2671397617894016538_n.jpg","@id":"https:\/\/www.binauralmedia.org\/news\/arquivo\/10427\/#mainImage","width":679,"height":960},"primaryImageOfPage":{"@id":"https:\/\/www.binauralmedia.org\/news\/arquivo\/10427#mainImage"},"datePublished":"2017-09-21T12:12:39+00:00","dateModified":"2021-08-16T15:40:18+00:00"},{"@type":"WebSite","@id":"https:\/\/www.binauralmedia.org\/news\/#website","url":"https:\/\/www.binauralmedia.org\/news\/","name":"binauralmedia.org","description":"Rural Based Sound\/Media Arts & Social Research","inLanguage":"pt-PT","publisher":{"@id":"https:\/\/www.binauralmedia.org\/news\/#organization"}}]},"og:locale":"pt_PT","og:site_name":"binauralmedia.org - Rural Based Sound\/Media Arts &amp; Social Research","og:type":"article","og:title":"F\u00f3rum Tramontana \u2013 Pol\u00f3nia - binauralmedia.org","og:description":"Decorrer\u00e1 entre 8 e 11 de Outubro na cidade polaca de Radziejowice o F\u00f3rum Tramontana, um evento de ateli\u00eas internos e apresenta\u00e7\u00f5es p\u00fablicas do R\u00e9seau Tramontana, projeto europeu coordenado pela Binaural Nodar e co-financiado pelo Programa Creative Europe da European Commission e que conta com 8 organiza\u00e7\u00f5es europeias dedicadas \u00e0 pesquisa etnogr\u00e1fica sonora e multim\u00e9dia em contextos rurais de montanha. o coordenador","og:url":"https:\/\/www.binauralmedia.org\/news\/arquivo\/10427","article:published_time":"2017-09-21T12:12:39+00:00","article:modified_time":"2021-08-16T15:40:18+00:00","twitter:card":"summary_large_image","twitter:title":"F\u00f3rum Tramontana \u2013 Pol\u00f3nia - binauralmedia.org","twitter:description":"Decorrer\u00e1 entre 8 e 11 de Outubro na cidade polaca de Radziejowice o F\u00f3rum Tramontana, um evento de ateli\u00eas internos e apresenta\u00e7\u00f5es p\u00fablicas do R\u00e9seau Tramontana, projeto europeu coordenado pela Binaural Nodar e co-financiado pelo Programa Creative Europe da European Commission e que conta com 8 organiza\u00e7\u00f5es europeias dedicadas \u00e0 pesquisa etnogr\u00e1fica sonora e multim\u00e9dia em contextos rurais de montanha. o coordenador"},"aioseo_meta_data":{"post_id":"10427","title":null,"description":null,"keywords":null,"keyphrases":null,"primary_term":null,"canonical_url":null,"og_title":null,"og_description":null,"og_object_type":"default","og_image_type":"default","og_image_custom_url":null,"og_image_custom_fields":null,"og_image_url":null,"og_image_width":null,"og_image_height":null,"og_video":null,"og_custom_url":null,"og_article_section":null,"og_article_tags":null,"twitter_use_og":false,"twitter_card":"default","twitter_image_type":"default","twitter_image_custom_url":null,"twitter_image_custom_fields":null,"twitter_image_url":null,"twitter_title":null,"twitter_description":null,"schema_type":"default","schema_type_options":null,"schema":{"blockGraphs":[],"customGraphs":[],"default":{"data":{"Article":[],"Course":[],"Dataset":[],"FAQPage":[],"Movie":[],"Person":[],"Product":[],"ProductReview":[],"Car":[],"Recipe":[],"Service":[],"SoftwareApplication":[],"WebPage":[]},"graphName":"","isEnabled":true},"graphs":[]},"pillar_content":false,"robots_default":true,"robots_noindex":false,"robots_noarchive":false,"robots_nosnippet":false,"robots_nofollow":false,"robots_noimageindex":false,"robots_noodp":false,"robots_notranslate":false,"robots_max_snippet":null,"robots_max_videopreview":null,"robots_max_imagepreview":"large","priority":null,"frequency":null,"local_seo":null,"limit_modified_date":false,"ai":null,"breadcrumb_settings":null,"seo_analyzer_scan_date":null,"created":"2026-08-05 03:22:34","updated":"2026-08-05 03:22:34","focus_keyword":null,"additional_keywords":null,"truseo_locale":null},"aioseo_breadcrumb":"<div class=\"aioseo-breadcrumbs\"><span class=\"aioseo-breadcrumb\">\n\t\t\t<a href=\"https:\/\/www.binauralmedia.org\/news\" title=\"Home\">Home<\/a>\n\t\t<\/span><span class=\"aioseo-breadcrumb-separator\">&raquo;<\/span><span class=\"aioseo-breadcrumb\">\n\t\t\t<a href=\"https:\/\/www.binauralmedia.org\/news\/arquivo\/category\/news\" title=\"Not\u00edcias\">Not\u00edcias<\/a>\n\t\t<\/span><span class=\"aioseo-breadcrumb-separator\">&raquo;<\/span><span class=\"aioseo-breadcrumb\">\n\t\t\tF\u00f3rum Tramontana \u2013 Pol\u00f3nia\n\t\t<\/span><\/div>","aioseo_breadcrumb_json":[{"label":"Home","link":"https:\/\/www.binauralmedia.org\/news"},{"label":"Not\u00edcias","link":"https:\/\/www.binauralmedia.org\/news\/arquivo\/category\/news"},{"label":"F\u00f3rum Tramontana &#8211; Pol\u00f3nia","link":"https:\/\/www.binauralmedia.org\/news\/arquivo\/10427"}],"_links":{"self":[{"href":"https:\/\/www.binauralmedia.org\/news\/wp-json\/wp\/v2\/posts\/10427","targetHints":{"allow":["GET"]}}],"collection":[{"href":"https:\/\/www.binauralmedia.org\/news\/wp-json\/wp\/v2\/posts"}],"about":[{"href":"https:\/\/www.binauralmedia.org\/news\/wp-json\/wp\/v2\/types\/post"}],"author":[{"embeddable":true,"href":"https:\/\/www.binauralmedia.org\/news\/wp-json\/wp\/v2\/users\/2"}],"replies":[{"embeddable":true,"href":"https:\/\/www.binauralmedia.org\/news\/wp-json\/wp\/v2\/comments?post=10427"}],"version-history":[{"count":2,"href":"https:\/\/www.binauralmedia.org\/news\/wp-json\/wp\/v2\/posts\/10427\/revisions"}],"predecessor-version":[{"id":13298,"href":"https:\/\/www.binauralmedia.org\/news\/wp-json\/wp\/v2\/posts\/10427\/revisions\/13298"}],"wp:featuredmedia":[{"embeddable":true,"href":"https:\/\/www.binauralmedia.org\/news\/wp-json\/wp\/v2\/media\/10428"}],"wp:attachment":[{"href":"https:\/\/www.binauralmedia.org\/news\/wp-json\/wp\/v2\/media?parent=10427"}],"wp:term":[{"taxonomy":"category","embeddable":true,"href":"https:\/\/www.binauralmedia.org\/news\/wp-json\/wp\/v2\/categories?post=10427"},{"taxonomy":"post_tag","embeddable":true,"href":"https:\/\/www.binauralmedia.org\/news\/wp-json\/wp\/v2\/tags?post=10427"}],"curies":[{"name":"wp","href":"https:\/\/api.w.org\/{rel}","templated":true}]}}