{"id":10408,"date":"2017-07-16T17:17:55","date_gmt":"2017-07-16T17:17:55","guid":{"rendered":"http:\/\/binauralmedia.org\/news\/?p=10408"},"modified":"2021-08-16T15:40:16","modified_gmt":"2021-08-16T15:40:16","slug":"documentario-lugar-sentido-carvalhal-de-vermilhas-da-autoria-de-catia-rebelo-e-de-luis-costa","status":"publish","type":"post","link":"https:\/\/www.binauralmedia.org\/news\/arquivo\/10408","title":{"rendered":"Document\u00e1rio &#8220;Lugar Sentido: Carvalhal de Vermilhas&#8221;, da autoria de C\u00e1tia Rebelo e de Luis Costa"},"content":{"rendered":"<div class=\"fusion-fullwidth fullwidth-box fusion-builder-row-1 nonhundred-percent-fullwidth non-hundred-percent-height-scrolling\" style=\"--awb-border-radius-top-left:0px;--awb-border-radius-top-right:0px;--awb-border-radius-bottom-right:0px;--awb-border-radius-bottom-left:0px;--awb-flex-wrap:wrap;\" ><div class=\"fusion-builder-row fusion-row\"><div class=\"fusion-layout-column fusion_builder_column fusion-builder-column-0 fusion_builder_column_1_1 1_1 fusion-one-full fusion-column-first fusion-column-last\" style=\"--awb-bg-size:cover;--awb-margin-bottom:0px;\"><div class=\"fusion-column-wrapper fusion-flex-column-wrapper-legacy\"><div class=\"fusion-text fusion-text-1\"><p>Entre Fevereiro e Maio de 2017, a Binaural\/Nodar acolheu no seu Laf\u00f5es.Cult.Lab de Vouzela a investigadora social da Universidade de Cardiff, Dra. C\u00e1tia Rebelo, no \u00e2mbito do projeto Europeu Susplace, financiado pelas\u00a0Marie Sk\u0142odowska-Curie Actions\u00a0da\u00a0European Commission, tendo a mesma investigadora desenvolvido trabalho numa aldeia onde a\u00a0Binaural\/Nodar\u00a0tem vindo a fazer pesquisa etnogr\u00e1fica h\u00e1 j\u00e1 tr\u00eas anos:\u00a0Carvalhal De Vermilhas, Viseu, Portugal,\u00a0Munic\u00edpio de Vouzela,\u00a0Comunidade<span class=\"text_exposed_show\">\u00a0Intermunicipal da Regi\u00e3o D\u00e3o Laf\u00f5es<\/span><span class=\"text_exposed_show\">.<\/span><\/p>\n<div class=\"text_exposed_show\">\n<p>Como resultado desse acolhimento foi realizado o document\u00e1rio &#8220;LUGAR SENTIDO: CARVALHAL DE VERMILHAS&#8221;, da autoria de\u00a0C\u00e1tia Rebelo\u00a0e de\u00a0Luis Gomes da Costa, com assist\u00eancia de realiza\u00e7\u00e3o de\u00a0Liliana Silva. O referido document\u00e1rio consistiu numa avalia\u00e7\u00e3o coletiva pelos habitantes da aldeia sobre o sentido do lugar da mesma, o que correspondeu a perguntar a cada um\/a: o que torna esta aldeia especial?<\/p>\n<p>Como a curiosidade tem sido muita sobre este filme e como estamos num per\u00edodo em que os emigrantes da aldeia est\u00e3o de volta \u00e0s suas ra\u00edzes, nem que seja por um breve per\u00edodo, decidimos publicar o filme na \u00edntegra, para que o mesmo possa ser visualizado por todos\/as os\/as que amam ou t\u00eam interesse em conhecer esta bel\u00edssima aldeia na encosta da serra do Caramulo.<\/p>\n<p>Resta-nos agradecer a colabora\u00e7\u00e3o dos habitantes da aldeia que participaram no filme, com especial destaque para a incans\u00e1vel\u00a0Isabel Moita, coordenadora do\u00a0Rancho Folcl\u00f3rico de Carvalhal de Vermilhas\u00a0que convocou\/convenceu a maioria das pessoas a participar!<\/p>\n<p>Eis o document\u00e1rio &#8220;LUGAR SENTIDO: CARVALHAL DE VERMILHAS&#8221;. Esperamos que gostem!<\/p>\n<div class=\"video-shortcode\"><iframe title=\"Lugar Sentido: Carvalhal de Vermilhas  | Um filme de C&amp;aacute;tia Rebelo e Lu&amp;iacute;s Costa\" src=\"https:\/\/player.vimeo.com\/video\/225767117?dnt=1&amp;app_id=122963\" width=\"1100\" height=\"619\" frameborder=\"0\" allow=\"autoplay; fullscreen\" allowfullscreen><\/iframe><\/div>\n<\/div>\n<\/div><div class=\"fusion-clearfix\"><\/div><\/div><\/div><\/div><\/div>\n","protected":false},"excerpt":{"rendered":"","protected":false},"author":2,"featured_media":10409,"comment_status":"closed","ping_status":"closed","sticky":false,"template":"","format":"standard","meta":{"_acf_changed":false,"_bbp_topic_count":0,"_bbp_reply_count":0,"_bbp_total_topic_count":0,"_bbp_total_reply_count":0,"_bbp_voice_count":0,"_bbp_anonymous_reply_count":0,"_bbp_topic_count_hidden":0,"_bbp_reply_count_hidden":0,"_bbp_forum_subforum_count":0,"footnotes":""},"categories":[1158,1],"tags":[],"class_list":["post-10408","post","type-post","status-publish","format-standard","has-post-thumbnail","hentry","category-visual-sound-ethnograhpy","category-news"],"acf":[],"aioseo_notices":[],"aioseo_head":"\n\t\t<!-- All in One SEO 5.0.1.1 - aioseo.com -->\n\t<meta name=\"description\" content=\"Entre Fevereiro e Maio de 2017, a Binaural\/Nodar acolheu no seu Laf\u00f5es.Cult.Lab de Vouzela a investigadora social da Universidade de Cardiff, Dra. C\u00e1tia Rebelo, no \u00e2mbito do projeto Europeu Susplace, financiado pelas Marie Sk\u0142odowska-Curie Actions da European Commission, tendo a mesma investigadora desenvolvido trabalho numa aldeia onde a Binaural\/Nodar tem vindo a fazer pesquisa etnogr\u00e1fica h\u00e1 j\u00e1 tr\u00eas anos: Carvalhal De\" \/>\n\t<meta name=\"robots\" content=\"max-image-preview:large\" \/>\n\t<meta name=\"author\" content=\"luiscosta\"\/>\n\t<link rel=\"canonical\" href=\"https:\/\/www.binauralmedia.org\/news\/arquivo\/10408\" \/>\n\t<meta name=\"generator\" content=\"All in One SEO (AIOSEO) 5.0.1.1\" \/>\n\t\t<meta property=\"og:locale\" content=\"pt_PT\" \/>\n\t\t<meta property=\"og:site_name\" content=\"binauralmedia.org - Rural Based Sound\/Media Arts &amp; Social Research\" \/>\n\t\t<meta property=\"og:type\" content=\"article\" \/>\n\t\t<meta property=\"og:title\" content=\"Document\u00e1rio \u201cLugar Sentido: Carvalhal de Vermilhas\u201d, da autoria de C\u00e1tia Rebelo e de Luis Costa - binauralmedia.org\" \/>\n\t\t<meta property=\"og:description\" content=\"Entre Fevereiro e Maio de 2017, a Binaural\/Nodar acolheu no seu Laf\u00f5es.Cult.Lab de Vouzela a investigadora social da Universidade de Cardiff, Dra. C\u00e1tia Rebelo, no \u00e2mbito do projeto Europeu Susplace, financiado pelas Marie Sk\u0142odowska-Curie Actions da European Commission, tendo a mesma investigadora desenvolvido trabalho numa aldeia onde a Binaural\/Nodar tem vindo a fazer pesquisa etnogr\u00e1fica h\u00e1 j\u00e1 tr\u00eas anos: Carvalhal De\" \/>\n\t\t<meta property=\"og:url\" content=\"https:\/\/www.binauralmedia.org\/news\/arquivo\/10408\" \/>\n\t\t<meta property=\"article:published_time\" content=\"2017-07-16T17:17:55+00:00\" \/>\n\t\t<meta property=\"article:modified_time\" content=\"2021-08-16T15:40:16+00:00\" \/>\n\t\t<meta name=\"twitter:card\" content=\"summary_large_image\" \/>\n\t\t<meta name=\"twitter:title\" content=\"Document\u00e1rio \u201cLugar Sentido: Carvalhal de Vermilhas\u201d, da autoria de C\u00e1tia Rebelo e de Luis Costa - binauralmedia.org\" \/>\n\t\t<meta name=\"twitter:description\" content=\"Entre Fevereiro e Maio de 2017, a Binaural\/Nodar acolheu no seu Laf\u00f5es.Cult.Lab de Vouzela a investigadora social da Universidade de Cardiff, Dra. C\u00e1tia Rebelo, no \u00e2mbito do projeto Europeu Susplace, financiado pelas Marie Sk\u0142odowska-Curie Actions da European Commission, tendo a mesma investigadora desenvolvido trabalho numa aldeia onde a Binaural\/Nodar tem vindo a fazer pesquisa etnogr\u00e1fica h\u00e1 j\u00e1 tr\u00eas anos: Carvalhal De\" \/>\n\t\t<script type=\"application\/ld+json\" class=\"aioseo-schema\">\n\t\t\t{\"@context\":\"https:\\\/\\\/schema.org\",\"@graph\":[{\"@type\":\"BlogPosting\",\"@id\":\"https:\\\/\\\/www.binauralmedia.org\\\/news\\\/arquivo\\\/10408#blogposting\",\"name\":\"Document\\u00e1rio \\u201cLugar Sentido: Carvalhal de Vermilhas\\u201d, da autoria de C\\u00e1tia Rebelo e de Luis Costa - binauralmedia.org\",\"headline\":\"Document\\u00e1rio &#8220;Lugar Sentido: Carvalhal de Vermilhas&#8221;, da autoria de C\\u00e1tia Rebelo e de Luis Costa\",\"author\":{\"@id\":\"https:\\\/\\\/www.binauralmedia.org\\\/news\\\/arquivo\\\/author\\\/luiscosta#author\"},\"publisher\":{\"@id\":\"https:\\\/\\\/www.binauralmedia.org\\\/news\\\/#organization\"},\"image\":{\"@type\":\"ImageObject\",\"url\":\"https:\\\/\\\/www.binauralmedia.org\\\/news\\\/wp-content\\\/uploads\\\/Capturar.jpg\",\"width\":478,\"height\":249},\"datePublished\":\"2017-07-16T17:17:55+00:00\",\"dateModified\":\"2021-08-16T15:40:16+00:00\",\"inLanguage\":\"pt-PT\",\"mainEntityOfPage\":{\"@id\":\"https:\\\/\\\/www.binauralmedia.org\\\/news\\\/arquivo\\\/10408#webpage\"},\"isPartOf\":{\"@id\":\"https:\\\/\\\/www.binauralmedia.org\\\/news\\\/arquivo\\\/10408#webpage\"},\"articleSection\":\"Etnografia Sonora e Visual, Not\\u00edcias\"},{\"@type\":\"BreadcrumbList\",\"@id\":\"https:\\\/\\\/www.binauralmedia.org\\\/news\\\/arquivo\\\/10408#breadcrumblist\",\"itemListElement\":[{\"@type\":\"ListItem\",\"@id\":\"https:\\\/\\\/www.binauralmedia.org\\\/news#listItem\",\"position\":1,\"name\":\"Home\",\"item\":\"https:\\\/\\\/www.binauralmedia.org\\\/news\",\"nextItem\":{\"@type\":\"ListItem\",\"@id\":\"https:\\\/\\\/www.binauralmedia.org\\\/news\\\/arquivo\\\/category\\\/news#listItem\",\"name\":\"Not\\u00edcias\"}},{\"@type\":\"ListItem\",\"@id\":\"https:\\\/\\\/www.binauralmedia.org\\\/news\\\/arquivo\\\/category\\\/news#listItem\",\"position\":2,\"name\":\"Not\\u00edcias\",\"item\":\"https:\\\/\\\/www.binauralmedia.org\\\/news\\\/arquivo\\\/category\\\/news\",\"nextItem\":{\"@type\":\"ListItem\",\"@id\":\"https:\\\/\\\/www.binauralmedia.org\\\/news\\\/arquivo\\\/10408#listItem\",\"name\":\"Document\\u00e1rio &#8220;Lugar Sentido: Carvalhal de Vermilhas&#8221;, da autoria de C\\u00e1tia Rebelo e de Luis Costa\"},\"previousItem\":{\"@type\":\"ListItem\",\"@id\":\"https:\\\/\\\/www.binauralmedia.org\\\/news#listItem\",\"name\":\"Home\"}},{\"@type\":\"ListItem\",\"@id\":\"https:\\\/\\\/www.binauralmedia.org\\\/news\\\/arquivo\\\/10408#listItem\",\"position\":3,\"name\":\"Document\\u00e1rio &#8220;Lugar Sentido: Carvalhal de Vermilhas&#8221;, da autoria de C\\u00e1tia Rebelo e de Luis Costa\",\"previousItem\":{\"@type\":\"ListItem\",\"@id\":\"https:\\\/\\\/www.binauralmedia.org\\\/news\\\/arquivo\\\/category\\\/news#listItem\",\"name\":\"Not\\u00edcias\"}}]},{\"@type\":\"Organization\",\"@id\":\"https:\\\/\\\/www.binauralmedia.org\\\/news\\\/#organization\",\"name\":\"binauralmedia.org\",\"description\":\"Rural Based Sound\\\/Media Arts & Social Research\",\"url\":\"https:\\\/\\\/www.binauralmedia.org\\\/news\\\/\"},{\"@type\":\"Person\",\"@id\":\"https:\\\/\\\/www.binauralmedia.org\\\/news\\\/arquivo\\\/author\\\/luiscosta#author\",\"url\":\"https:\\\/\\\/www.binauralmedia.org\\\/news\\\/arquivo\\\/author\\\/luiscosta\",\"name\":\"luiscosta\"},{\"@type\":\"WebPage\",\"@id\":\"https:\\\/\\\/www.binauralmedia.org\\\/news\\\/arquivo\\\/10408#webpage\",\"url\":\"https:\\\/\\\/www.binauralmedia.org\\\/news\\\/arquivo\\\/10408\",\"name\":\"Document\\u00e1rio \\u201cLugar Sentido: Carvalhal de Vermilhas\\u201d, da autoria de C\\u00e1tia Rebelo e de Luis Costa - binauralmedia.org\",\"description\":\"Entre Fevereiro e Maio de 2017, a Binaural\\\/Nodar acolheu no seu Laf\\u00f5es.Cult.Lab de Vouzela a investigadora social da Universidade de Cardiff, Dra. C\\u00e1tia Rebelo, no \\u00e2mbito do projeto Europeu Susplace, financiado pelas Marie Sk\\u0142odowska-Curie Actions da European Commission, tendo a mesma investigadora desenvolvido trabalho numa aldeia onde a Binaural\\\/Nodar tem vindo a fazer pesquisa etnogr\\u00e1fica h\\u00e1 j\\u00e1 tr\\u00eas anos: Carvalhal De\",\"inLanguage\":\"pt-PT\",\"isPartOf\":{\"@id\":\"https:\\\/\\\/www.binauralmedia.org\\\/news\\\/#website\"},\"breadcrumb\":{\"@id\":\"https:\\\/\\\/www.binauralmedia.org\\\/news\\\/arquivo\\\/10408#breadcrumblist\"},\"author\":{\"@id\":\"https:\\\/\\\/www.binauralmedia.org\\\/news\\\/arquivo\\\/author\\\/luiscosta#author\"},\"creator\":{\"@id\":\"https:\\\/\\\/www.binauralmedia.org\\\/news\\\/arquivo\\\/author\\\/luiscosta#author\"},\"image\":{\"@type\":\"ImageObject\",\"url\":\"https:\\\/\\\/www.binauralmedia.org\\\/news\\\/wp-content\\\/uploads\\\/Capturar.jpg\",\"@id\":\"https:\\\/\\\/www.binauralmedia.org\\\/news\\\/arquivo\\\/10408\\\/#mainImage\",\"width\":478,\"height\":249},\"primaryImageOfPage\":{\"@id\":\"https:\\\/\\\/www.binauralmedia.org\\\/news\\\/arquivo\\\/10408#mainImage\"},\"datePublished\":\"2017-07-16T17:17:55+00:00\",\"dateModified\":\"2021-08-16T15:40:16+00:00\"},{\"@type\":\"WebSite\",\"@id\":\"https:\\\/\\\/www.binauralmedia.org\\\/news\\\/#website\",\"url\":\"https:\\\/\\\/www.binauralmedia.org\\\/news\\\/\",\"name\":\"binauralmedia.org\",\"description\":\"Rural Based Sound\\\/Media Arts & Social Research\",\"inLanguage\":\"pt-PT\",\"publisher\":{\"@id\":\"https:\\\/\\\/www.binauralmedia.org\\\/news\\\/#organization\"}}]}\n\t\t<\/script>\n\t\t<!-- All in One SEO -->\n\n","aioseo_head_json":{"title":"Document\u00e1rio \u201cLugar Sentido: Carvalhal de Vermilhas\u201d, da autoria de C\u00e1tia Rebelo e de Luis Costa - binauralmedia.org","description":"Entre Fevereiro e Maio de 2017, a Binaural\/Nodar acolheu no seu Laf\u00f5es.Cult.Lab de Vouzela a investigadora social da Universidade de Cardiff, Dra. C\u00e1tia Rebelo, no \u00e2mbito do projeto Europeu Susplace, financiado pelas Marie Sk\u0142odowska-Curie Actions da European Commission, tendo a mesma investigadora desenvolvido trabalho numa aldeia onde a Binaural\/Nodar tem vindo a fazer pesquisa etnogr\u00e1fica h\u00e1 j\u00e1 tr\u00eas anos: Carvalhal De","canonical_url":"https:\/\/www.binauralmedia.org\/news\/arquivo\/10408","robots":"max-image-preview:large","keywords":"","webmasterTools":{"miscellaneous":""},"schema":{"@context":"https:\/\/schema.org","@graph":[{"@type":"BlogPosting","@id":"https:\/\/www.binauralmedia.org\/news\/arquivo\/10408#blogposting","name":"Document\u00e1rio \u201cLugar Sentido: Carvalhal de Vermilhas\u201d, da autoria de C\u00e1tia Rebelo e de Luis Costa - binauralmedia.org","headline":"Document\u00e1rio &#8220;Lugar Sentido: Carvalhal de Vermilhas&#8221;, da autoria de C\u00e1tia Rebelo e de Luis Costa","author":{"@id":"https:\/\/www.binauralmedia.org\/news\/arquivo\/author\/luiscosta#author"},"publisher":{"@id":"https:\/\/www.binauralmedia.org\/news\/#organization"},"image":{"@type":"ImageObject","url":"https:\/\/www.binauralmedia.org\/news\/wp-content\/uploads\/Capturar.jpg","width":478,"height":249},"datePublished":"2017-07-16T17:17:55+00:00","dateModified":"2021-08-16T15:40:16+00:00","inLanguage":"pt-PT","mainEntityOfPage":{"@id":"https:\/\/www.binauralmedia.org\/news\/arquivo\/10408#webpage"},"isPartOf":{"@id":"https:\/\/www.binauralmedia.org\/news\/arquivo\/10408#webpage"},"articleSection":"Etnografia Sonora e Visual, Not\u00edcias"},{"@type":"BreadcrumbList","@id":"https:\/\/www.binauralmedia.org\/news\/arquivo\/10408#breadcrumblist","itemListElement":[{"@type":"ListItem","@id":"https:\/\/www.binauralmedia.org\/news#listItem","position":1,"name":"Home","item":"https:\/\/www.binauralmedia.org\/news","nextItem":{"@type":"ListItem","@id":"https:\/\/www.binauralmedia.org\/news\/arquivo\/category\/news#listItem","name":"Not\u00edcias"}},{"@type":"ListItem","@id":"https:\/\/www.binauralmedia.org\/news\/arquivo\/category\/news#listItem","position":2,"name":"Not\u00edcias","item":"https:\/\/www.binauralmedia.org\/news\/arquivo\/category\/news","nextItem":{"@type":"ListItem","@id":"https:\/\/www.binauralmedia.org\/news\/arquivo\/10408#listItem","name":"Document\u00e1rio &#8220;Lugar Sentido: Carvalhal de Vermilhas&#8221;, da autoria de C\u00e1tia Rebelo e de Luis Costa"},"previousItem":{"@type":"ListItem","@id":"https:\/\/www.binauralmedia.org\/news#listItem","name":"Home"}},{"@type":"ListItem","@id":"https:\/\/www.binauralmedia.org\/news\/arquivo\/10408#listItem","position":3,"name":"Document\u00e1rio &#8220;Lugar Sentido: Carvalhal de Vermilhas&#8221;, da autoria de C\u00e1tia Rebelo e de Luis Costa","previousItem":{"@type":"ListItem","@id":"https:\/\/www.binauralmedia.org\/news\/arquivo\/category\/news#listItem","name":"Not\u00edcias"}}]},{"@type":"Organization","@id":"https:\/\/www.binauralmedia.org\/news\/#organization","name":"binauralmedia.org","description":"Rural Based Sound\/Media Arts & Social Research","url":"https:\/\/www.binauralmedia.org\/news\/"},{"@type":"Person","@id":"https:\/\/www.binauralmedia.org\/news\/arquivo\/author\/luiscosta#author","url":"https:\/\/www.binauralmedia.org\/news\/arquivo\/author\/luiscosta","name":"luiscosta"},{"@type":"WebPage","@id":"https:\/\/www.binauralmedia.org\/news\/arquivo\/10408#webpage","url":"https:\/\/www.binauralmedia.org\/news\/arquivo\/10408","name":"Document\u00e1rio \u201cLugar Sentido: Carvalhal de Vermilhas\u201d, da autoria de C\u00e1tia Rebelo e de Luis Costa - binauralmedia.org","description":"Entre Fevereiro e Maio de 2017, a Binaural\/Nodar acolheu no seu Laf\u00f5es.Cult.Lab de Vouzela a investigadora social da Universidade de Cardiff, Dra. C\u00e1tia Rebelo, no \u00e2mbito do projeto Europeu Susplace, financiado pelas Marie Sk\u0142odowska-Curie Actions da European Commission, tendo a mesma investigadora desenvolvido trabalho numa aldeia onde a Binaural\/Nodar tem vindo a fazer pesquisa etnogr\u00e1fica h\u00e1 j\u00e1 tr\u00eas anos: Carvalhal De","inLanguage":"pt-PT","isPartOf":{"@id":"https:\/\/www.binauralmedia.org\/news\/#website"},"breadcrumb":{"@id":"https:\/\/www.binauralmedia.org\/news\/arquivo\/10408#breadcrumblist"},"author":{"@id":"https:\/\/www.binauralmedia.org\/news\/arquivo\/author\/luiscosta#author"},"creator":{"@id":"https:\/\/www.binauralmedia.org\/news\/arquivo\/author\/luiscosta#author"},"image":{"@type":"ImageObject","url":"https:\/\/www.binauralmedia.org\/news\/wp-content\/uploads\/Capturar.jpg","@id":"https:\/\/www.binauralmedia.org\/news\/arquivo\/10408\/#mainImage","width":478,"height":249},"primaryImageOfPage":{"@id":"https:\/\/www.binauralmedia.org\/news\/arquivo\/10408#mainImage"},"datePublished":"2017-07-16T17:17:55+00:00","dateModified":"2021-08-16T15:40:16+00:00"},{"@type":"WebSite","@id":"https:\/\/www.binauralmedia.org\/news\/#website","url":"https:\/\/www.binauralmedia.org\/news\/","name":"binauralmedia.org","description":"Rural Based Sound\/Media Arts & Social Research","inLanguage":"pt-PT","publisher":{"@id":"https:\/\/www.binauralmedia.org\/news\/#organization"}}]},"og:locale":"pt_PT","og:site_name":"binauralmedia.org - Rural Based Sound\/Media Arts &amp; Social Research","og:type":"article","og:title":"Document\u00e1rio \u201cLugar Sentido: Carvalhal de Vermilhas\u201d, da autoria de C\u00e1tia Rebelo e de Luis Costa - binauralmedia.org","og:description":"Entre Fevereiro e Maio de 2017, a Binaural\/Nodar acolheu no seu Laf\u00f5es.Cult.Lab de Vouzela a investigadora social da Universidade de Cardiff, Dra. C\u00e1tia Rebelo, no \u00e2mbito do projeto Europeu Susplace, financiado pelas Marie Sk\u0142odowska-Curie Actions da European Commission, tendo a mesma investigadora desenvolvido trabalho numa aldeia onde a Binaural\/Nodar tem vindo a fazer pesquisa etnogr\u00e1fica h\u00e1 j\u00e1 tr\u00eas anos: Carvalhal De","og:url":"https:\/\/www.binauralmedia.org\/news\/arquivo\/10408","article:published_time":"2017-07-16T17:17:55+00:00","article:modified_time":"2021-08-16T15:40:16+00:00","twitter:card":"summary_large_image","twitter:title":"Document\u00e1rio \u201cLugar Sentido: Carvalhal de Vermilhas\u201d, da autoria de C\u00e1tia Rebelo e de Luis Costa - binauralmedia.org","twitter:description":"Entre Fevereiro e Maio de 2017, a Binaural\/Nodar acolheu no seu Laf\u00f5es.Cult.Lab de Vouzela a investigadora social da Universidade de Cardiff, Dra. C\u00e1tia Rebelo, no \u00e2mbito do projeto Europeu Susplace, financiado pelas Marie Sk\u0142odowska-Curie Actions da European Commission, tendo a mesma investigadora desenvolvido trabalho numa aldeia onde a Binaural\/Nodar tem vindo a fazer pesquisa etnogr\u00e1fica h\u00e1 j\u00e1 tr\u00eas anos: Carvalhal De"},"aioseo_meta_data":{"post_id":"10408","title":null,"description":null,"keywords":null,"keyphrases":null,"primary_term":null,"canonical_url":null,"og_title":null,"og_description":null,"og_object_type":"default","og_image_type":"default","og_image_custom_url":null,"og_image_custom_fields":null,"og_image_url":null,"og_image_width":null,"og_image_height":null,"og_video":null,"og_custom_url":null,"og_article_section":null,"og_article_tags":null,"twitter_use_og":false,"twitter_card":"default","twitter_image_type":"default","twitter_image_custom_url":null,"twitter_image_custom_fields":null,"twitter_image_url":null,"twitter_title":null,"twitter_description":null,"schema_type":"default","schema_type_options":null,"schema":{"blockGraphs":[],"customGraphs":[],"default":{"data":{"Article":[],"Course":[],"Dataset":[],"FAQPage":[],"Movie":[],"Person":[],"Product":[],"ProductReview":[],"Car":[],"Recipe":[],"Service":[],"SoftwareApplication":[],"WebPage":[]},"graphName":"","isEnabled":true},"graphs":[]},"pillar_content":false,"robots_default":true,"robots_noindex":false,"robots_noarchive":false,"robots_nosnippet":false,"robots_nofollow":false,"robots_noimageindex":false,"robots_noodp":false,"robots_notranslate":false,"robots_max_snippet":null,"robots_max_videopreview":null,"robots_max_imagepreview":"large","priority":null,"frequency":null,"local_seo":null,"limit_modified_date":false,"ai":null,"breadcrumb_settings":null,"seo_analyzer_scan_date":null,"created":"2026-08-05 03:14:56","updated":"2026-08-05 03:14:56","focus_keyword":null,"additional_keywords":null,"truseo_locale":null},"aioseo_breadcrumb":"<div class=\"aioseo-breadcrumbs\"><span class=\"aioseo-breadcrumb\">\n\t\t\t<a href=\"https:\/\/www.binauralmedia.org\/news\" title=\"Home\">Home<\/a>\n\t\t<\/span><span class=\"aioseo-breadcrumb-separator\">&raquo;<\/span><span class=\"aioseo-breadcrumb\">\n\t\t\t<a href=\"https:\/\/www.binauralmedia.org\/news\/arquivo\/category\/news\" title=\"Not\u00edcias\">Not\u00edcias<\/a>\n\t\t<\/span><span class=\"aioseo-breadcrumb-separator\">&raquo;<\/span><span class=\"aioseo-breadcrumb\">\n\t\t\tDocument\u00e1rio \u201cLugar Sentido: Carvalhal de Vermilhas\u201d, da autoria de C\u00e1tia Rebelo e de Luis Costa\n\t\t<\/span><\/div>","aioseo_breadcrumb_json":[{"label":"Home","link":"https:\/\/www.binauralmedia.org\/news"},{"label":"Not\u00edcias","link":"https:\/\/www.binauralmedia.org\/news\/arquivo\/category\/news"},{"label":"Document\u00e1rio &#8220;Lugar Sentido: Carvalhal de Vermilhas&#8221;, da autoria de C\u00e1tia Rebelo e de Luis Costa","link":"https:\/\/www.binauralmedia.org\/news\/arquivo\/10408"}],"_links":{"self":[{"href":"https:\/\/www.binauralmedia.org\/news\/wp-json\/wp\/v2\/posts\/10408","targetHints":{"allow":["GET"]}}],"collection":[{"href":"https:\/\/www.binauralmedia.org\/news\/wp-json\/wp\/v2\/posts"}],"about":[{"href":"https:\/\/www.binauralmedia.org\/news\/wp-json\/wp\/v2\/types\/post"}],"author":[{"embeddable":true,"href":"https:\/\/www.binauralmedia.org\/news\/wp-json\/wp\/v2\/users\/2"}],"replies":[{"embeddable":true,"href":"https:\/\/www.binauralmedia.org\/news\/wp-json\/wp\/v2\/comments?post=10408"}],"version-history":[{"count":3,"href":"https:\/\/www.binauralmedia.org\/news\/wp-json\/wp\/v2\/posts\/10408\/revisions"}],"predecessor-version":[{"id":13293,"href":"https:\/\/www.binauralmedia.org\/news\/wp-json\/wp\/v2\/posts\/10408\/revisions\/13293"}],"wp:featuredmedia":[{"embeddable":true,"href":"https:\/\/www.binauralmedia.org\/news\/wp-json\/wp\/v2\/media\/10409"}],"wp:attachment":[{"href":"https:\/\/www.binauralmedia.org\/news\/wp-json\/wp\/v2\/media?parent=10408"}],"wp:term":[{"taxonomy":"category","embeddable":true,"href":"https:\/\/www.binauralmedia.org\/news\/wp-json\/wp\/v2\/categories?post=10408"},{"taxonomy":"post_tag","embeddable":true,"href":"https:\/\/www.binauralmedia.org\/news\/wp-json\/wp\/v2\/tags?post=10408"}],"curies":[{"name":"wp","href":"https:\/\/api.w.org\/{rel}","templated":true}]}}