{"id":30636,"date":"2018-01-18T11:44:22","date_gmt":"2018-01-18T11:44:22","guid":{"rendered":"https:\/\/www.binauralmedia.org\/news\/arquivo\/30636"},"modified":"2018-01-18T11:44:22","modified_gmt":"2018-01-18T11:44:22","slug":"binaural-nodar-hosts-exhibition-of-cinclus-vouzela-nature-image-festival","status":"publish","type":"post","link":"https:\/\/www.binauralmedia.org\/news\/en\/arquivo\/30636","title":{"rendered":"Binaural\/Nodar hosts exhibition of Cinclus \u2013 Vouzela Nature Image Festival"},"content":{"rendered":"<p>Binaural Nodar joins once again this year the Cinclus Festival de Imagem de Natureza, co-organized by the Municipality of Vouzela, which will take place from 26 to 28 January, hosting at its Laf\u00f5es.Cult.Lab space an exhibition entitled &#8220;Parque Natural Vouga-Caramulo, destrui\u00e7\u00e3o e esperan\u00e7a&#8221; (&#8220;Vouga-Caramulo Natural Park, destruction and hope&#8221;).<\/p>\n","protected":false},"excerpt":{"rendered":"<p>Binaural Nodar joins once again this year the Cinclus Festival  [&#8230;]<\/p>\n","protected":false},"author":2,"featured_media":14906,"comment_status":"closed","ping_status":"closed","sticky":false,"template":"","format":"standard","meta":{"_acf_changed":false,"_bbp_topic_count":0,"_bbp_reply_count":0,"_bbp_total_topic_count":0,"_bbp_total_reply_count":0,"_bbp_voice_count":0,"_bbp_anonymous_reply_count":0,"_bbp_topic_count_hidden":0,"_bbp_reply_count_hidden":0,"_bbp_forum_subforum_count":0,"footnotes":""},"categories":[1184],"tags":[],"class_list":["post-30636","post","type-post","status-publish","format-standard","has-post-thumbnail","hentry","category-news-2"],"acf":[],"aioseo_notices":[],"aioseo_head":"\n\t\t<!-- All in One SEO 5.0.1.1 - aioseo.com -->\n\t<meta name=\"description\" content=\"Binaural Nodar joins once again this year the Cinclus Festival de Imagem de Natureza, co-organized by the Municipality of Vouzela, which will take place from 26 to 28 January, hosting at its Laf\u00f5es.Cult.Lab space an exhibition entitled \u201cParque Natural Vouga-Caramulo, destrui\u00e7\u00e3o e esperan\u00e7a\u201d (\u201cVouga-Caramulo Natural Park, destruction and hope\u201d).\" \/>\n\t<meta name=\"robots\" content=\"max-image-preview:large\" \/>\n\t<meta name=\"author\" content=\"luiscosta\"\/>\n\t<link rel=\"canonical\" href=\"https:\/\/www.binauralmedia.org\/news\/en\/arquivo\/30636\" \/>\n\t<meta name=\"generator\" content=\"All in One SEO (AIOSEO) 5.0.1.1\" \/>\n\t\t<meta property=\"og:locale\" content=\"en_US\" \/>\n\t\t<meta property=\"og:site_name\" content=\"binauralmedia.org - Rural Based Sound\/Media Arts &amp; Social Research\" \/>\n\t\t<meta property=\"og:type\" content=\"article\" \/>\n\t\t<meta property=\"og:title\" content=\"Binaural\/Nodar hosts exhibition of Cinclus \u2013 Vouzela Nature Image Festival - binauralmedia.org\" \/>\n\t\t<meta property=\"og:description\" content=\"Binaural Nodar joins once again this year the Cinclus Festival de Imagem de Natureza, co-organized by the Municipality of Vouzela, which will take place from 26 to 28 January, hosting at its Laf\u00f5es.Cult.Lab space an exhibition entitled \u201cParque Natural Vouga-Caramulo, destrui\u00e7\u00e3o e esperan\u00e7a\u201d (\u201cVouga-Caramulo Natural Park, destruction and hope\u201d).\" \/>\n\t\t<meta property=\"og:url\" content=\"https:\/\/www.binauralmedia.org\/news\/en\/arquivo\/30636\" \/>\n\t\t<meta property=\"article:published_time\" content=\"2018-01-18T11:44:22+00:00\" \/>\n\t\t<meta property=\"article:modified_time\" content=\"2018-01-18T11:44:22+00:00\" \/>\n\t\t<meta name=\"twitter:card\" content=\"summary_large_image\" \/>\n\t\t<meta name=\"twitter:title\" content=\"Binaural\/Nodar hosts exhibition of Cinclus \u2013 Vouzela Nature Image Festival - binauralmedia.org\" \/>\n\t\t<meta name=\"twitter:description\" content=\"Binaural Nodar joins once again this year the Cinclus Festival de Imagem de Natureza, co-organized by the Municipality of Vouzela, which will take place from 26 to 28 January, hosting at its Laf\u00f5es.Cult.Lab space an exhibition entitled \u201cParque Natural Vouga-Caramulo, destrui\u00e7\u00e3o e esperan\u00e7a\u201d (\u201cVouga-Caramulo Natural Park, destruction and hope\u201d).\" \/>\n\t\t<script type=\"application\/ld+json\" class=\"aioseo-schema\">\n\t\t\t{\"@context\":\"https:\\\/\\\/schema.org\",\"@graph\":[{\"@type\":\"BlogPosting\",\"@id\":\"https:\\\/\\\/www.binauralmedia.org\\\/news\\\/en\\\/arquivo\\\/30636#blogposting\",\"name\":\"Binaural\\\/Nodar hosts exhibition of Cinclus \\u2013 Vouzela Nature Image Festival - binauralmedia.org\",\"headline\":\"Binaural\\\/Nodar hosts exhibition of Cinclus \\u2013 Vouzela Nature Image Festival\",\"author\":{\"@id\":\"https:\\\/\\\/www.binauralmedia.org\\\/news\\\/en\\\/arquivo\\\/author\\\/luiscosta#author\"},\"publisher\":{\"@id\":\"https:\\\/\\\/www.binauralmedia.org\\\/news\\\/en\\\/#organization\"},\"image\":{\"@type\":\"ImageObject\",\"url\":\"https:\\\/\\\/www.binauralmedia.org\\\/news\\\/wp-content\\\/uploads\\\/26907508_1658545640858858_6132226930405993910_n.png\",\"width\":960,\"height\":540},\"datePublished\":\"2018-01-18T11:44:22+00:00\",\"dateModified\":\"2018-01-18T11:44:22+00:00\",\"inLanguage\":\"en-US\",\"mainEntityOfPage\":{\"@id\":\"https:\\\/\\\/www.binauralmedia.org\\\/news\\\/en\\\/arquivo\\\/30636#webpage\"},\"isPartOf\":{\"@id\":\"https:\\\/\\\/www.binauralmedia.org\\\/news\\\/en\\\/arquivo\\\/30636#webpage\"},\"articleSection\":\"News\"},{\"@type\":\"BreadcrumbList\",\"@id\":\"https:\\\/\\\/www.binauralmedia.org\\\/news\\\/en\\\/arquivo\\\/30636#breadcrumblist\",\"itemListElement\":[{\"@type\":\"ListItem\",\"@id\":\"https:\\\/\\\/www.binauralmedia.org\\\/news\\\/en#listItem\",\"position\":1,\"name\":\"Home\",\"item\":\"https:\\\/\\\/www.binauralmedia.org\\\/news\\\/en\",\"nextItem\":{\"@type\":\"ListItem\",\"@id\":\"https:\\\/\\\/www.binauralmedia.org\\\/news\\\/en\\\/arquivo\\\/category\\\/news-2#listItem\",\"name\":\"News\"}},{\"@type\":\"ListItem\",\"@id\":\"https:\\\/\\\/www.binauralmedia.org\\\/news\\\/en\\\/arquivo\\\/category\\\/news-2#listItem\",\"position\":2,\"name\":\"News\",\"item\":\"https:\\\/\\\/www.binauralmedia.org\\\/news\\\/en\\\/arquivo\\\/category\\\/news-2\",\"nextItem\":{\"@type\":\"ListItem\",\"@id\":\"https:\\\/\\\/www.binauralmedia.org\\\/news\\\/en\\\/arquivo\\\/30636#listItem\",\"name\":\"Binaural\\\/Nodar hosts exhibition of Cinclus \\u2013 Vouzela Nature Image Festival\"},\"previousItem\":{\"@type\":\"ListItem\",\"@id\":\"https:\\\/\\\/www.binauralmedia.org\\\/news\\\/en#listItem\",\"name\":\"Home\"}},{\"@type\":\"ListItem\",\"@id\":\"https:\\\/\\\/www.binauralmedia.org\\\/news\\\/en\\\/arquivo\\\/30636#listItem\",\"position\":3,\"name\":\"Binaural\\\/Nodar hosts exhibition of Cinclus \\u2013 Vouzela Nature Image Festival\",\"previousItem\":{\"@type\":\"ListItem\",\"@id\":\"https:\\\/\\\/www.binauralmedia.org\\\/news\\\/en\\\/arquivo\\\/category\\\/news-2#listItem\",\"name\":\"News\"}}]},{\"@type\":\"Organization\",\"@id\":\"https:\\\/\\\/www.binauralmedia.org\\\/news\\\/en\\\/#organization\",\"name\":\"binauralmedia.org\",\"description\":\"Rural Based Sound\\\/Media Arts & Social Research\",\"url\":\"https:\\\/\\\/www.binauralmedia.org\\\/news\\\/en\\\/\"},{\"@type\":\"Person\",\"@id\":\"https:\\\/\\\/www.binauralmedia.org\\\/news\\\/en\\\/arquivo\\\/author\\\/luiscosta#author\",\"url\":\"https:\\\/\\\/www.binauralmedia.org\\\/news\\\/en\\\/arquivo\\\/author\\\/luiscosta\",\"name\":\"luiscosta\"},{\"@type\":\"WebPage\",\"@id\":\"https:\\\/\\\/www.binauralmedia.org\\\/news\\\/en\\\/arquivo\\\/30636#webpage\",\"url\":\"https:\\\/\\\/www.binauralmedia.org\\\/news\\\/en\\\/arquivo\\\/30636\",\"name\":\"Binaural\\\/Nodar hosts exhibition of Cinclus \\u2013 Vouzela Nature Image Festival - binauralmedia.org\",\"description\":\"Binaural Nodar joins once again this year the Cinclus Festival de Imagem de Natureza, co-organized by the Municipality of Vouzela, which will take place from 26 to 28 January, hosting at its Laf\\u00f5es.Cult.Lab space an exhibition entitled \\u201cParque Natural Vouga-Caramulo, destrui\\u00e7\\u00e3o e esperan\\u00e7a\\u201d (\\u201cVouga-Caramulo Natural Park, destruction and hope\\u201d).\",\"inLanguage\":\"en-US\",\"isPartOf\":{\"@id\":\"https:\\\/\\\/www.binauralmedia.org\\\/news\\\/en\\\/#website\"},\"breadcrumb\":{\"@id\":\"https:\\\/\\\/www.binauralmedia.org\\\/news\\\/en\\\/arquivo\\\/30636#breadcrumblist\"},\"author\":{\"@id\":\"https:\\\/\\\/www.binauralmedia.org\\\/news\\\/en\\\/arquivo\\\/author\\\/luiscosta#author\"},\"creator\":{\"@id\":\"https:\\\/\\\/www.binauralmedia.org\\\/news\\\/en\\\/arquivo\\\/author\\\/luiscosta#author\"},\"image\":{\"@type\":\"ImageObject\",\"url\":\"https:\\\/\\\/www.binauralmedia.org\\\/news\\\/wp-content\\\/uploads\\\/26907508_1658545640858858_6132226930405993910_n.png\",\"@id\":\"https:\\\/\\\/www.binauralmedia.org\\\/news\\\/en\\\/arquivo\\\/30636\\\/#mainImage\",\"width\":960,\"height\":540},\"primaryImageOfPage\":{\"@id\":\"https:\\\/\\\/www.binauralmedia.org\\\/news\\\/en\\\/arquivo\\\/30636#mainImage\"},\"datePublished\":\"2018-01-18T11:44:22+00:00\",\"dateModified\":\"2018-01-18T11:44:22+00:00\"},{\"@type\":\"WebSite\",\"@id\":\"https:\\\/\\\/www.binauralmedia.org\\\/news\\\/en\\\/#website\",\"url\":\"https:\\\/\\\/www.binauralmedia.org\\\/news\\\/en\\\/\",\"name\":\"binauralmedia.org\",\"description\":\"Rural Based Sound\\\/Media Arts & Social Research\",\"inLanguage\":\"en-US\",\"publisher\":{\"@id\":\"https:\\\/\\\/www.binauralmedia.org\\\/news\\\/en\\\/#organization\"}}]}\n\t\t<\/script>\n\t\t<!-- All in One SEO -->\n\n","aioseo_head_json":{"title":"Binaural\/Nodar hosts exhibition of Cinclus \u2013 Vouzela Nature Image Festival - binauralmedia.org","description":"Binaural Nodar joins once again this year the Cinclus Festival de Imagem de Natureza, co-organized by the Municipality of Vouzela, which will take place from 26 to 28 January, hosting at its Laf\u00f5es.Cult.Lab space an exhibition entitled \u201cParque Natural Vouga-Caramulo, destrui\u00e7\u00e3o e esperan\u00e7a\u201d (\u201cVouga-Caramulo Natural Park, destruction and hope\u201d).","canonical_url":"https:\/\/www.binauralmedia.org\/news\/en\/arquivo\/30636","robots":"max-image-preview:large","keywords":"","webmasterTools":{"miscellaneous":""},"schema":{"@context":"https:\/\/schema.org","@graph":[{"@type":"BlogPosting","@id":"https:\/\/www.binauralmedia.org\/news\/en\/arquivo\/30636#blogposting","name":"Binaural\/Nodar hosts exhibition of Cinclus \u2013 Vouzela Nature Image Festival - binauralmedia.org","headline":"Binaural\/Nodar hosts exhibition of Cinclus \u2013 Vouzela Nature Image Festival","author":{"@id":"https:\/\/www.binauralmedia.org\/news\/en\/arquivo\/author\/luiscosta#author"},"publisher":{"@id":"https:\/\/www.binauralmedia.org\/news\/en\/#organization"},"image":{"@type":"ImageObject","url":"https:\/\/www.binauralmedia.org\/news\/wp-content\/uploads\/26907508_1658545640858858_6132226930405993910_n.png","width":960,"height":540},"datePublished":"2018-01-18T11:44:22+00:00","dateModified":"2018-01-18T11:44:22+00:00","inLanguage":"en-US","mainEntityOfPage":{"@id":"https:\/\/www.binauralmedia.org\/news\/en\/arquivo\/30636#webpage"},"isPartOf":{"@id":"https:\/\/www.binauralmedia.org\/news\/en\/arquivo\/30636#webpage"},"articleSection":"News"},{"@type":"BreadcrumbList","@id":"https:\/\/www.binauralmedia.org\/news\/en\/arquivo\/30636#breadcrumblist","itemListElement":[{"@type":"ListItem","@id":"https:\/\/www.binauralmedia.org\/news\/en#listItem","position":1,"name":"Home","item":"https:\/\/www.binauralmedia.org\/news\/en","nextItem":{"@type":"ListItem","@id":"https:\/\/www.binauralmedia.org\/news\/en\/arquivo\/category\/news-2#listItem","name":"News"}},{"@type":"ListItem","@id":"https:\/\/www.binauralmedia.org\/news\/en\/arquivo\/category\/news-2#listItem","position":2,"name":"News","item":"https:\/\/www.binauralmedia.org\/news\/en\/arquivo\/category\/news-2","nextItem":{"@type":"ListItem","@id":"https:\/\/www.binauralmedia.org\/news\/en\/arquivo\/30636#listItem","name":"Binaural\/Nodar hosts exhibition of Cinclus \u2013 Vouzela Nature Image Festival"},"previousItem":{"@type":"ListItem","@id":"https:\/\/www.binauralmedia.org\/news\/en#listItem","name":"Home"}},{"@type":"ListItem","@id":"https:\/\/www.binauralmedia.org\/news\/en\/arquivo\/30636#listItem","position":3,"name":"Binaural\/Nodar hosts exhibition of Cinclus \u2013 Vouzela Nature Image Festival","previousItem":{"@type":"ListItem","@id":"https:\/\/www.binauralmedia.org\/news\/en\/arquivo\/category\/news-2#listItem","name":"News"}}]},{"@type":"Organization","@id":"https:\/\/www.binauralmedia.org\/news\/en\/#organization","name":"binauralmedia.org","description":"Rural Based Sound\/Media Arts & Social Research","url":"https:\/\/www.binauralmedia.org\/news\/en\/"},{"@type":"Person","@id":"https:\/\/www.binauralmedia.org\/news\/en\/arquivo\/author\/luiscosta#author","url":"https:\/\/www.binauralmedia.org\/news\/en\/arquivo\/author\/luiscosta","name":"luiscosta"},{"@type":"WebPage","@id":"https:\/\/www.binauralmedia.org\/news\/en\/arquivo\/30636#webpage","url":"https:\/\/www.binauralmedia.org\/news\/en\/arquivo\/30636","name":"Binaural\/Nodar hosts exhibition of Cinclus \u2013 Vouzela Nature Image Festival - binauralmedia.org","description":"Binaural Nodar joins once again this year the Cinclus Festival de Imagem de Natureza, co-organized by the Municipality of Vouzela, which will take place from 26 to 28 January, hosting at its Laf\u00f5es.Cult.Lab space an exhibition entitled \u201cParque Natural Vouga-Caramulo, destrui\u00e7\u00e3o e esperan\u00e7a\u201d (\u201cVouga-Caramulo Natural Park, destruction and hope\u201d).","inLanguage":"en-US","isPartOf":{"@id":"https:\/\/www.binauralmedia.org\/news\/en\/#website"},"breadcrumb":{"@id":"https:\/\/www.binauralmedia.org\/news\/en\/arquivo\/30636#breadcrumblist"},"author":{"@id":"https:\/\/www.binauralmedia.org\/news\/en\/arquivo\/author\/luiscosta#author"},"creator":{"@id":"https:\/\/www.binauralmedia.org\/news\/en\/arquivo\/author\/luiscosta#author"},"image":{"@type":"ImageObject","url":"https:\/\/www.binauralmedia.org\/news\/wp-content\/uploads\/26907508_1658545640858858_6132226930405993910_n.png","@id":"https:\/\/www.binauralmedia.org\/news\/en\/arquivo\/30636\/#mainImage","width":960,"height":540},"primaryImageOfPage":{"@id":"https:\/\/www.binauralmedia.org\/news\/en\/arquivo\/30636#mainImage"},"datePublished":"2018-01-18T11:44:22+00:00","dateModified":"2018-01-18T11:44:22+00:00"},{"@type":"WebSite","@id":"https:\/\/www.binauralmedia.org\/news\/en\/#website","url":"https:\/\/www.binauralmedia.org\/news\/en\/","name":"binauralmedia.org","description":"Rural Based Sound\/Media Arts & Social Research","inLanguage":"en-US","publisher":{"@id":"https:\/\/www.binauralmedia.org\/news\/en\/#organization"}}]},"og:locale":"en_US","og:site_name":"binauralmedia.org - Rural Based Sound\/Media Arts &amp; Social Research","og:type":"article","og:title":"Binaural\/Nodar hosts exhibition of Cinclus \u2013 Vouzela Nature Image Festival - binauralmedia.org","og:description":"Binaural Nodar joins once again this year the Cinclus Festival de Imagem de Natureza, co-organized by the Municipality of Vouzela, which will take place from 26 to 28 January, hosting at its Laf\u00f5es.Cult.Lab space an exhibition entitled \u201cParque Natural Vouga-Caramulo, destrui\u00e7\u00e3o e esperan\u00e7a\u201d (\u201cVouga-Caramulo Natural Park, destruction and hope\u201d).","og:url":"https:\/\/www.binauralmedia.org\/news\/en\/arquivo\/30636","article:published_time":"2018-01-18T11:44:22+00:00","article:modified_time":"2018-01-18T11:44:22+00:00","twitter:card":"summary_large_image","twitter:title":"Binaural\/Nodar hosts exhibition of Cinclus \u2013 Vouzela Nature Image Festival - binauralmedia.org","twitter:description":"Binaural Nodar joins once again this year the Cinclus Festival de Imagem de Natureza, co-organized by the Municipality of Vouzela, which will take place from 26 to 28 January, hosting at its Laf\u00f5es.Cult.Lab space an exhibition entitled \u201cParque Natural Vouga-Caramulo, destrui\u00e7\u00e3o e esperan\u00e7a\u201d (\u201cVouga-Caramulo Natural Park, destruction and hope\u201d)."},"aioseo_meta_data":{"post_id":"30636","title":null,"description":null,"keywords":null,"keyphrases":null,"primary_term":null,"canonical_url":null,"og_title":null,"og_description":null,"og_object_type":"default","og_image_type":"default","og_image_custom_url":null,"og_image_custom_fields":null,"og_image_url":null,"og_image_width":null,"og_image_height":null,"og_video":null,"og_custom_url":null,"og_article_section":null,"og_article_tags":null,"twitter_use_og":false,"twitter_card":"default","twitter_image_type":"default","twitter_image_custom_url":null,"twitter_image_custom_fields":null,"twitter_image_url":null,"twitter_title":null,"twitter_description":null,"schema_type":"default","schema_type_options":null,"schema":{"blockGraphs":[],"customGraphs":[],"default":{"data":{"Article":[],"Course":[],"Dataset":[],"FAQPage":[],"Movie":[],"Person":[],"Product":[],"ProductReview":[],"Car":[],"Recipe":[],"Service":[],"SoftwareApplication":[],"WebPage":[]},"graphName":"","isEnabled":true},"graphs":[]},"pillar_content":false,"robots_default":true,"robots_noindex":false,"robots_noarchive":false,"robots_nosnippet":false,"robots_nofollow":false,"robots_noimageindex":false,"robots_noodp":false,"robots_notranslate":false,"robots_max_snippet":null,"robots_max_videopreview":null,"robots_max_imagepreview":"large","priority":null,"frequency":null,"local_seo":null,"limit_modified_date":false,"ai":null,"breadcrumb_settings":null,"seo_analyzer_scan_date":null,"created":"2026-08-05 03:26:32","updated":"2026-08-05 03:26:32","focus_keyword":null,"additional_keywords":null,"truseo_locale":null},"aioseo_breadcrumb":"<div class=\"aioseo-breadcrumbs\"><span class=\"aioseo-breadcrumb\">\n\t\t\t<a href=\"https:\/\/www.binauralmedia.org\/news\/en\" title=\"Home\">Home<\/a>\n\t\t<\/span><span class=\"aioseo-breadcrumb-separator\">&raquo;<\/span><span class=\"aioseo-breadcrumb\">\n\t\t\t<a href=\"https:\/\/www.binauralmedia.org\/news\/en\/arquivo\/category\/news-2\" title=\"News\">News<\/a>\n\t\t<\/span><span class=\"aioseo-breadcrumb-separator\">&raquo;<\/span><span class=\"aioseo-breadcrumb\">\n\t\t\tBinaural\/Nodar hosts exhibition of Cinclus \u2013 Vouzela Nature Image Festival\n\t\t<\/span><\/div>","aioseo_breadcrumb_json":[{"label":"Home","link":"https:\/\/www.binauralmedia.org\/news\/en"},{"label":"News","link":"https:\/\/www.binauralmedia.org\/news\/en\/arquivo\/category\/news-2"},{"label":"Binaural\/Nodar hosts exhibition of Cinclus \u2013 Vouzela Nature Image Festival","link":"https:\/\/www.binauralmedia.org\/news\/en\/arquivo\/30636"}],"_links":{"self":[{"href":"https:\/\/www.binauralmedia.org\/news\/en\/wp-json\/wp\/v2\/posts\/30636","targetHints":{"allow":["GET"]}}],"collection":[{"href":"https:\/\/www.binauralmedia.org\/news\/en\/wp-json\/wp\/v2\/posts"}],"about":[{"href":"https:\/\/www.binauralmedia.org\/news\/en\/wp-json\/wp\/v2\/types\/post"}],"author":[{"embeddable":true,"href":"https:\/\/www.binauralmedia.org\/news\/en\/wp-json\/wp\/v2\/users\/2"}],"replies":[{"embeddable":true,"href":"https:\/\/www.binauralmedia.org\/news\/en\/wp-json\/wp\/v2\/comments?post=30636"}],"version-history":[{"count":0,"href":"https:\/\/www.binauralmedia.org\/news\/en\/wp-json\/wp\/v2\/posts\/30636\/revisions"}],"wp:featuredmedia":[{"embeddable":true,"href":"https:\/\/www.binauralmedia.org\/news\/en\/wp-json\/wp\/v2\/media\/14906"}],"wp:attachment":[{"href":"https:\/\/www.binauralmedia.org\/news\/en\/wp-json\/wp\/v2\/media?parent=30636"}],"wp:term":[{"taxonomy":"category","embeddable":true,"href":"https:\/\/www.binauralmedia.org\/news\/en\/wp-json\/wp\/v2\/categories?post=30636"},{"taxonomy":"post_tag","embeddable":true,"href":"https:\/\/www.binauralmedia.org\/news\/en\/wp-json\/wp\/v2\/tags?post=30636"}],"curies":[{"name":"wp","href":"https:\/\/api.w.org\/{rel}","templated":true}]}}