{"id":30633,"date":"2018-02-06T13:02:53","date_gmt":"2018-02-06T13:02:53","guid":{"rendered":"https:\/\/www.binauralmedia.org\/news\/arquivo\/30633"},"modified":"2018-02-06T13:02:53","modified_gmt":"2018-02-06T13:02:53","slug":"tramontana-project-chosen-to-promote-the-european-year-of-cultural-heritage","status":"publish","type":"post","link":"https:\/\/www.binauralmedia.org\/news\/en\/arquivo\/30633","title":{"rendered":"Tramontana project chosen to promote the European Year of Cultural Heritage"},"content":{"rendered":"<p>The Creative Europe project R\u00e9seau Tramontana III, of which Binaural Nodar is currently the lead partner, is being promoted by the European Commission as part of the European Year of Cultural Heritage 2018, as a paradigmatic project of the type of approach, simultaneously anchored in the territories and their traditions and in a sense of openness, international cooperation and contemporaneity.<\/p>\n<p>Here is the video produced, based on material provided by the project partners: Binaur<span class=\"text_exposed_show\">al Nodar (Portugal), Audiolab (Basque Country, Spain), Nosauts de Big\u00f2rra, Num\u00e9riculture Gascogne and Eth Ostau Comeng\u00e9s (all three from France), Bambun and Associazione LEM-Italia (both from the Abruzzo region, Italy) and Akademia Profil (Poland).<\/span><\/p>\n<div class=\"text_exposed_show\">\n<p>Binaural\/Nodar&#8217;s activity within this project, a dense set of sound recordings, video, educational actions, publications, artistic creations, exhibitions and performances, takes place mainly in the Municipality of S\u00e3o Pedro do Sul, Municipality of Viseu, Municipality of Vouzela and Municipality of Oliveira de Frades.<\/p>\n<div class=\"video-shortcode\">\n<div id=\"fb-root\"><\/div>\n<p><script async=\"1\" defer=\"1\" crossorigin=\"anonymous\" src=\"https:\/\/connect.facebook.net\/en_US\/sdk.js#xfbml=1&#038;version=v6.0\"><\/script><\/p>\n<div class=\"fb-video\" data-href=\"https:\/\/www.facebook.com\/CreativeEuropeEU\/videos\/1597616120276890\/\" data-width=\"1100\">\n<blockquote cite=\"https:\/\/www.facebook.com\/CreativeEuropeEU\/videos\/1597616120276890\/\" class=\"fb-xfbml-parse-ignore\">\n<p><a href=\"https:\/\/www.facebook.com\/CreativeEuropeEU\/videos\/1597616120276890\/\">Creative Europe Success stories &#8211; Tramontana network<\/a><\/p>\n<p>Creative Europe success stories &#8211; Tramontana network This project aims to preserve Europe&#8217;s intangible cultural heritage. Gathering 8 partners in 5 European countries &#8211; France, Italy, Portugal, Spain, Poland, it documents and shares information on environmental, agricultural, tourist and socio-ethnic heritage in rural and mountain communities. This is essential for sustainable tourism, academic records and the passing-on of knowledge between generations.Engagement of local communities was a key component throughout the project, This is also a priority of the European year of Cultural Heritage. More info on the project page: https:\/\/ec.europa.eu\/programmes\/creative-europe\/ce-project-details\/#project\/8ae094a3-a83b-4470-974d-3f67ffa83129Learn more about Creative Europe success stories at the projects results platform: https:\/\/ec.europa.eu\/programmes\/creative-europe\/projects\/<\/p>\n<p>Posted by <a href=\"https:\/\/www.facebook.com\/CreativeEuropeEU\/\">Creative Europe<\/a> on Tuesday, January 2, 2018<\/p>\n<\/blockquote>\n<\/div>\n<\/div>\n<p>&nbsp;<\/p>\n<\/div>\n","protected":false},"excerpt":{"rendered":"<p>The Creative Europe project R\u00e9seau Tramontana III, of which Binaural  [&#8230;]<\/p>\n","protected":false},"author":2,"featured_media":14902,"comment_status":"closed","ping_status":"closed","sticky":false,"template":"","format":"standard","meta":{"_acf_changed":false,"_bbp_topic_count":0,"_bbp_reply_count":0,"_bbp_total_topic_count":0,"_bbp_total_reply_count":0,"_bbp_voice_count":0,"_bbp_anonymous_reply_count":0,"_bbp_topic_count_hidden":0,"_bbp_reply_count_hidden":0,"_bbp_forum_subforum_count":0,"footnotes":""},"categories":[1184,1193],"tags":[],"class_list":["post-30633","post","type-post","status-publish","format-standard","has-post-thumbnail","hentry","category-news-2","category-visual-sound-ethnograhpy-en"],"acf":[],"aioseo_notices":[],"aioseo_head":"\n\t\t<!-- All in One SEO 5.0.1.1 - aioseo.com -->\n\t<meta name=\"description\" content=\"The Creative Europe project R\u00e9seau Tramontana III, of which Binaural Nodar is currently the lead partner, is being promoted by the European Commission as part of the European Year of Cultural Heritage 2018, as a paradigmatic project of the type of approach, simultaneously anchored in the territories and their traditions and in a sense of\" \/>\n\t<meta name=\"robots\" content=\"max-image-preview:large\" \/>\n\t<meta name=\"author\" content=\"luiscosta\"\/>\n\t<link rel=\"canonical\" href=\"https:\/\/www.binauralmedia.org\/news\/en\/arquivo\/30633\" \/>\n\t<meta name=\"generator\" content=\"All in One SEO (AIOSEO) 5.0.1.1\" \/>\n\t\t<meta property=\"og:locale\" content=\"en_US\" \/>\n\t\t<meta property=\"og:site_name\" content=\"binauralmedia.org - Rural Based Sound\/Media Arts &amp; Social Research\" \/>\n\t\t<meta property=\"og:type\" content=\"article\" \/>\n\t\t<meta property=\"og:title\" content=\"Tramontana project chosen to promote the European Year of Cultural Heritage - binauralmedia.org\" \/>\n\t\t<meta property=\"og:description\" content=\"The Creative Europe project R\u00e9seau Tramontana III, of which Binaural Nodar is currently the lead partner, is being promoted by the European Commission as part of the European Year of Cultural Heritage 2018, as a paradigmatic project of the type of approach, simultaneously anchored in the territories and their traditions and in a sense of\" \/>\n\t\t<meta property=\"og:url\" content=\"https:\/\/www.binauralmedia.org\/news\/en\/arquivo\/30633\" \/>\n\t\t<meta property=\"article:published_time\" content=\"2018-02-06T13:02:53+00:00\" \/>\n\t\t<meta property=\"article:modified_time\" content=\"2018-02-06T13:02:53+00:00\" \/>\n\t\t<meta name=\"twitter:card\" content=\"summary_large_image\" \/>\n\t\t<meta name=\"twitter:title\" content=\"Tramontana project chosen to promote the European Year of Cultural Heritage - binauralmedia.org\" \/>\n\t\t<meta name=\"twitter:description\" content=\"The Creative Europe project R\u00e9seau Tramontana III, of which Binaural Nodar is currently the lead partner, is being promoted by the European Commission as part of the European Year of Cultural Heritage 2018, as a paradigmatic project of the type of approach, simultaneously anchored in the territories and their traditions and in a sense of\" \/>\n\t\t<script type=\"application\/ld+json\" class=\"aioseo-schema\">\n\t\t\t{\"@context\":\"https:\\\/\\\/schema.org\",\"@graph\":[{\"@type\":\"BlogPosting\",\"@id\":\"https:\\\/\\\/www.binauralmedia.org\\\/news\\\/en\\\/arquivo\\\/30633#blogposting\",\"name\":\"Tramontana project chosen to promote the European Year of Cultural Heritage - binauralmedia.org\",\"headline\":\"Tramontana project chosen to promote the European Year of Cultural Heritage\",\"author\":{\"@id\":\"https:\\\/\\\/www.binauralmedia.org\\\/news\\\/en\\\/arquivo\\\/author\\\/luiscosta#author\"},\"publisher\":{\"@id\":\"https:\\\/\\\/www.binauralmedia.org\\\/news\\\/en\\\/#organization\"},\"image\":{\"@type\":\"ImageObject\",\"url\":\"https:\\\/\\\/www.binauralmedia.org\\\/news\\\/wp-content\\\/uploads\\\/Capturar-1.jpg\",\"width\":652,\"height\":497},\"datePublished\":\"2018-02-06T13:02:53+00:00\",\"dateModified\":\"2018-02-06T13:02:53+00:00\",\"inLanguage\":\"en-US\",\"mainEntityOfPage\":{\"@id\":\"https:\\\/\\\/www.binauralmedia.org\\\/news\\\/en\\\/arquivo\\\/30633#webpage\"},\"isPartOf\":{\"@id\":\"https:\\\/\\\/www.binauralmedia.org\\\/news\\\/en\\\/arquivo\\\/30633#webpage\"},\"articleSection\":\"News, Visual and Sound Ethnography\"},{\"@type\":\"BreadcrumbList\",\"@id\":\"https:\\\/\\\/www.binauralmedia.org\\\/news\\\/en\\\/arquivo\\\/30633#breadcrumblist\",\"itemListElement\":[{\"@type\":\"ListItem\",\"@id\":\"https:\\\/\\\/www.binauralmedia.org\\\/news\\\/en#listItem\",\"position\":1,\"name\":\"Home\",\"item\":\"https:\\\/\\\/www.binauralmedia.org\\\/news\\\/en\",\"nextItem\":{\"@type\":\"ListItem\",\"@id\":\"https:\\\/\\\/www.binauralmedia.org\\\/news\\\/en\\\/arquivo\\\/category\\\/news-2#listItem\",\"name\":\"News\"}},{\"@type\":\"ListItem\",\"@id\":\"https:\\\/\\\/www.binauralmedia.org\\\/news\\\/en\\\/arquivo\\\/category\\\/news-2#listItem\",\"position\":2,\"name\":\"News\",\"item\":\"https:\\\/\\\/www.binauralmedia.org\\\/news\\\/en\\\/arquivo\\\/category\\\/news-2\",\"nextItem\":{\"@type\":\"ListItem\",\"@id\":\"https:\\\/\\\/www.binauralmedia.org\\\/news\\\/en\\\/arquivo\\\/30633#listItem\",\"name\":\"Tramontana project chosen to promote the European Year of Cultural Heritage\"},\"previousItem\":{\"@type\":\"ListItem\",\"@id\":\"https:\\\/\\\/www.binauralmedia.org\\\/news\\\/en#listItem\",\"name\":\"Home\"}},{\"@type\":\"ListItem\",\"@id\":\"https:\\\/\\\/www.binauralmedia.org\\\/news\\\/en\\\/arquivo\\\/30633#listItem\",\"position\":3,\"name\":\"Tramontana project chosen to promote the European Year of Cultural Heritage\",\"previousItem\":{\"@type\":\"ListItem\",\"@id\":\"https:\\\/\\\/www.binauralmedia.org\\\/news\\\/en\\\/arquivo\\\/category\\\/news-2#listItem\",\"name\":\"News\"}}]},{\"@type\":\"Organization\",\"@id\":\"https:\\\/\\\/www.binauralmedia.org\\\/news\\\/en\\\/#organization\",\"name\":\"binauralmedia.org\",\"description\":\"Rural Based Sound\\\/Media Arts & Social Research\",\"url\":\"https:\\\/\\\/www.binauralmedia.org\\\/news\\\/en\\\/\"},{\"@type\":\"Person\",\"@id\":\"https:\\\/\\\/www.binauralmedia.org\\\/news\\\/en\\\/arquivo\\\/author\\\/luiscosta#author\",\"url\":\"https:\\\/\\\/www.binauralmedia.org\\\/news\\\/en\\\/arquivo\\\/author\\\/luiscosta\",\"name\":\"luiscosta\"},{\"@type\":\"WebPage\",\"@id\":\"https:\\\/\\\/www.binauralmedia.org\\\/news\\\/en\\\/arquivo\\\/30633#webpage\",\"url\":\"https:\\\/\\\/www.binauralmedia.org\\\/news\\\/en\\\/arquivo\\\/30633\",\"name\":\"Tramontana project chosen to promote the European Year of Cultural Heritage - binauralmedia.org\",\"description\":\"The Creative Europe project R\\u00e9seau Tramontana III, of which Binaural Nodar is currently the lead partner, is being promoted by the European Commission as part of the European Year of Cultural Heritage 2018, as a paradigmatic project of the type of approach, simultaneously anchored in the territories and their traditions and in a sense of\",\"inLanguage\":\"en-US\",\"isPartOf\":{\"@id\":\"https:\\\/\\\/www.binauralmedia.org\\\/news\\\/en\\\/#website\"},\"breadcrumb\":{\"@id\":\"https:\\\/\\\/www.binauralmedia.org\\\/news\\\/en\\\/arquivo\\\/30633#breadcrumblist\"},\"author\":{\"@id\":\"https:\\\/\\\/www.binauralmedia.org\\\/news\\\/en\\\/arquivo\\\/author\\\/luiscosta#author\"},\"creator\":{\"@id\":\"https:\\\/\\\/www.binauralmedia.org\\\/news\\\/en\\\/arquivo\\\/author\\\/luiscosta#author\"},\"image\":{\"@type\":\"ImageObject\",\"url\":\"https:\\\/\\\/www.binauralmedia.org\\\/news\\\/wp-content\\\/uploads\\\/Capturar-1.jpg\",\"@id\":\"https:\\\/\\\/www.binauralmedia.org\\\/news\\\/en\\\/arquivo\\\/30633\\\/#mainImage\",\"width\":652,\"height\":497},\"primaryImageOfPage\":{\"@id\":\"https:\\\/\\\/www.binauralmedia.org\\\/news\\\/en\\\/arquivo\\\/30633#mainImage\"},\"datePublished\":\"2018-02-06T13:02:53+00:00\",\"dateModified\":\"2018-02-06T13:02:53+00:00\"},{\"@type\":\"WebSite\",\"@id\":\"https:\\\/\\\/www.binauralmedia.org\\\/news\\\/en\\\/#website\",\"url\":\"https:\\\/\\\/www.binauralmedia.org\\\/news\\\/en\\\/\",\"name\":\"binauralmedia.org\",\"description\":\"Rural Based Sound\\\/Media Arts & Social Research\",\"inLanguage\":\"en-US\",\"publisher\":{\"@id\":\"https:\\\/\\\/www.binauralmedia.org\\\/news\\\/en\\\/#organization\"}}]}\n\t\t<\/script>\n\t\t<!-- All in One SEO -->\n\n","aioseo_head_json":{"title":"Tramontana project chosen to promote the European Year of Cultural Heritage - binauralmedia.org","description":"The Creative Europe project R\u00e9seau Tramontana III, of which Binaural Nodar is currently the lead partner, is being promoted by the European Commission as part of the European Year of Cultural Heritage 2018, as a paradigmatic project of the type of approach, simultaneously anchored in the territories and their traditions and in a sense of","canonical_url":"https:\/\/www.binauralmedia.org\/news\/en\/arquivo\/30633","robots":"max-image-preview:large","keywords":"","webmasterTools":{"miscellaneous":""},"schema":{"@context":"https:\/\/schema.org","@graph":[{"@type":"BlogPosting","@id":"https:\/\/www.binauralmedia.org\/news\/en\/arquivo\/30633#blogposting","name":"Tramontana project chosen to promote the European Year of Cultural Heritage - binauralmedia.org","headline":"Tramontana project chosen to promote the European Year of Cultural Heritage","author":{"@id":"https:\/\/www.binauralmedia.org\/news\/en\/arquivo\/author\/luiscosta#author"},"publisher":{"@id":"https:\/\/www.binauralmedia.org\/news\/en\/#organization"},"image":{"@type":"ImageObject","url":"https:\/\/www.binauralmedia.org\/news\/wp-content\/uploads\/Capturar-1.jpg","width":652,"height":497},"datePublished":"2018-02-06T13:02:53+00:00","dateModified":"2018-02-06T13:02:53+00:00","inLanguage":"en-US","mainEntityOfPage":{"@id":"https:\/\/www.binauralmedia.org\/news\/en\/arquivo\/30633#webpage"},"isPartOf":{"@id":"https:\/\/www.binauralmedia.org\/news\/en\/arquivo\/30633#webpage"},"articleSection":"News, Visual and Sound Ethnography"},{"@type":"BreadcrumbList","@id":"https:\/\/www.binauralmedia.org\/news\/en\/arquivo\/30633#breadcrumblist","itemListElement":[{"@type":"ListItem","@id":"https:\/\/www.binauralmedia.org\/news\/en#listItem","position":1,"name":"Home","item":"https:\/\/www.binauralmedia.org\/news\/en","nextItem":{"@type":"ListItem","@id":"https:\/\/www.binauralmedia.org\/news\/en\/arquivo\/category\/news-2#listItem","name":"News"}},{"@type":"ListItem","@id":"https:\/\/www.binauralmedia.org\/news\/en\/arquivo\/category\/news-2#listItem","position":2,"name":"News","item":"https:\/\/www.binauralmedia.org\/news\/en\/arquivo\/category\/news-2","nextItem":{"@type":"ListItem","@id":"https:\/\/www.binauralmedia.org\/news\/en\/arquivo\/30633#listItem","name":"Tramontana project chosen to promote the European Year of Cultural Heritage"},"previousItem":{"@type":"ListItem","@id":"https:\/\/www.binauralmedia.org\/news\/en#listItem","name":"Home"}},{"@type":"ListItem","@id":"https:\/\/www.binauralmedia.org\/news\/en\/arquivo\/30633#listItem","position":3,"name":"Tramontana project chosen to promote the European Year of Cultural Heritage","previousItem":{"@type":"ListItem","@id":"https:\/\/www.binauralmedia.org\/news\/en\/arquivo\/category\/news-2#listItem","name":"News"}}]},{"@type":"Organization","@id":"https:\/\/www.binauralmedia.org\/news\/en\/#organization","name":"binauralmedia.org","description":"Rural Based Sound\/Media Arts & Social Research","url":"https:\/\/www.binauralmedia.org\/news\/en\/"},{"@type":"Person","@id":"https:\/\/www.binauralmedia.org\/news\/en\/arquivo\/author\/luiscosta#author","url":"https:\/\/www.binauralmedia.org\/news\/en\/arquivo\/author\/luiscosta","name":"luiscosta"},{"@type":"WebPage","@id":"https:\/\/www.binauralmedia.org\/news\/en\/arquivo\/30633#webpage","url":"https:\/\/www.binauralmedia.org\/news\/en\/arquivo\/30633","name":"Tramontana project chosen to promote the European Year of Cultural Heritage - binauralmedia.org","description":"The Creative Europe project R\u00e9seau Tramontana III, of which Binaural Nodar is currently the lead partner, is being promoted by the European Commission as part of the European Year of Cultural Heritage 2018, as a paradigmatic project of the type of approach, simultaneously anchored in the territories and their traditions and in a sense of","inLanguage":"en-US","isPartOf":{"@id":"https:\/\/www.binauralmedia.org\/news\/en\/#website"},"breadcrumb":{"@id":"https:\/\/www.binauralmedia.org\/news\/en\/arquivo\/30633#breadcrumblist"},"author":{"@id":"https:\/\/www.binauralmedia.org\/news\/en\/arquivo\/author\/luiscosta#author"},"creator":{"@id":"https:\/\/www.binauralmedia.org\/news\/en\/arquivo\/author\/luiscosta#author"},"image":{"@type":"ImageObject","url":"https:\/\/www.binauralmedia.org\/news\/wp-content\/uploads\/Capturar-1.jpg","@id":"https:\/\/www.binauralmedia.org\/news\/en\/arquivo\/30633\/#mainImage","width":652,"height":497},"primaryImageOfPage":{"@id":"https:\/\/www.binauralmedia.org\/news\/en\/arquivo\/30633#mainImage"},"datePublished":"2018-02-06T13:02:53+00:00","dateModified":"2018-02-06T13:02:53+00:00"},{"@type":"WebSite","@id":"https:\/\/www.binauralmedia.org\/news\/en\/#website","url":"https:\/\/www.binauralmedia.org\/news\/en\/","name":"binauralmedia.org","description":"Rural Based Sound\/Media Arts & Social Research","inLanguage":"en-US","publisher":{"@id":"https:\/\/www.binauralmedia.org\/news\/en\/#organization"}}]},"og:locale":"en_US","og:site_name":"binauralmedia.org - Rural Based Sound\/Media Arts &amp; Social Research","og:type":"article","og:title":"Tramontana project chosen to promote the European Year of Cultural Heritage - binauralmedia.org","og:description":"The Creative Europe project R\u00e9seau Tramontana III, of which Binaural Nodar is currently the lead partner, is being promoted by the European Commission as part of the European Year of Cultural Heritage 2018, as a paradigmatic project of the type of approach, simultaneously anchored in the territories and their traditions and in a sense of","og:url":"https:\/\/www.binauralmedia.org\/news\/en\/arquivo\/30633","article:published_time":"2018-02-06T13:02:53+00:00","article:modified_time":"2018-02-06T13:02:53+00:00","twitter:card":"summary_large_image","twitter:title":"Tramontana project chosen to promote the European Year of Cultural Heritage - binauralmedia.org","twitter:description":"The Creative Europe project R\u00e9seau Tramontana III, of which Binaural Nodar is currently the lead partner, is being promoted by the European Commission as part of the European Year of Cultural Heritage 2018, as a paradigmatic project of the type of approach, simultaneously anchored in the territories and their traditions and in a sense of"},"aioseo_meta_data":{"post_id":"30633","title":null,"description":null,"keywords":null,"keyphrases":null,"primary_term":null,"canonical_url":null,"og_title":null,"og_description":null,"og_object_type":"default","og_image_type":"default","og_image_custom_url":null,"og_image_custom_fields":null,"og_image_url":null,"og_image_width":null,"og_image_height":null,"og_video":null,"og_custom_url":null,"og_article_section":null,"og_article_tags":null,"twitter_use_og":false,"twitter_card":"default","twitter_image_type":"default","twitter_image_custom_url":null,"twitter_image_custom_fields":null,"twitter_image_url":null,"twitter_title":null,"twitter_description":null,"schema_type":"default","schema_type_options":null,"schema":{"blockGraphs":[],"customGraphs":[],"default":{"data":{"Article":[],"Course":[],"Dataset":[],"FAQPage":[],"Movie":[],"Person":[],"Product":[],"ProductReview":[],"Car":[],"Recipe":[],"Service":[],"SoftwareApplication":[],"WebPage":[]},"graphName":"","isEnabled":true},"graphs":[]},"pillar_content":false,"robots_default":true,"robots_noindex":false,"robots_noarchive":false,"robots_nosnippet":false,"robots_nofollow":false,"robots_noimageindex":false,"robots_noodp":false,"robots_notranslate":false,"robots_max_snippet":null,"robots_max_videopreview":null,"robots_max_imagepreview":"large","priority":null,"frequency":null,"local_seo":null,"limit_modified_date":false,"ai":null,"breadcrumb_settings":null,"seo_analyzer_scan_date":null,"created":"2026-08-05 03:30:03","updated":"2026-08-05 03:30:03","focus_keyword":null,"additional_keywords":null,"truseo_locale":null},"aioseo_breadcrumb":"<div class=\"aioseo-breadcrumbs\"><span class=\"aioseo-breadcrumb\">\n\t\t\t<a href=\"https:\/\/www.binauralmedia.org\/news\/en\" title=\"Home\">Home<\/a>\n\t\t<\/span><span class=\"aioseo-breadcrumb-separator\">&raquo;<\/span><span class=\"aioseo-breadcrumb\">\n\t\t\t<a href=\"https:\/\/www.binauralmedia.org\/news\/en\/arquivo\/category\/news-2\" title=\"News\">News<\/a>\n\t\t<\/span><span class=\"aioseo-breadcrumb-separator\">&raquo;<\/span><span class=\"aioseo-breadcrumb\">\n\t\t\tTramontana project chosen to promote the European Year of Cultural Heritage\n\t\t<\/span><\/div>","aioseo_breadcrumb_json":[{"label":"Home","link":"https:\/\/www.binauralmedia.org\/news\/en"},{"label":"News","link":"https:\/\/www.binauralmedia.org\/news\/en\/arquivo\/category\/news-2"},{"label":"Tramontana project chosen to promote the European Year of Cultural Heritage","link":"https:\/\/www.binauralmedia.org\/news\/en\/arquivo\/30633"}],"_links":{"self":[{"href":"https:\/\/www.binauralmedia.org\/news\/en\/wp-json\/wp\/v2\/posts\/30633","targetHints":{"allow":["GET"]}}],"collection":[{"href":"https:\/\/www.binauralmedia.org\/news\/en\/wp-json\/wp\/v2\/posts"}],"about":[{"href":"https:\/\/www.binauralmedia.org\/news\/en\/wp-json\/wp\/v2\/types\/post"}],"author":[{"embeddable":true,"href":"https:\/\/www.binauralmedia.org\/news\/en\/wp-json\/wp\/v2\/users\/2"}],"replies":[{"embeddable":true,"href":"https:\/\/www.binauralmedia.org\/news\/en\/wp-json\/wp\/v2\/comments?post=30633"}],"version-history":[{"count":0,"href":"https:\/\/www.binauralmedia.org\/news\/en\/wp-json\/wp\/v2\/posts\/30633\/revisions"}],"wp:featuredmedia":[{"embeddable":true,"href":"https:\/\/www.binauralmedia.org\/news\/en\/wp-json\/wp\/v2\/media\/14902"}],"wp:attachment":[{"href":"https:\/\/www.binauralmedia.org\/news\/en\/wp-json\/wp\/v2\/media?parent=30633"}],"wp:term":[{"taxonomy":"category","embeddable":true,"href":"https:\/\/www.binauralmedia.org\/news\/en\/wp-json\/wp\/v2\/categories?post=30633"},{"taxonomy":"post_tag","embeddable":true,"href":"https:\/\/www.binauralmedia.org\/news\/en\/wp-json\/wp\/v2\/tags?post=30633"}],"curies":[{"name":"wp","href":"https:\/\/api.w.org\/{rel}","templated":true}]}}