{"id":30539,"date":"2019-01-28T17:43:29","date_gmt":"2019-01-28T17:43:29","guid":{"rendered":"https:\/\/www.binauralmedia.org\/news\/arquivo\/30539"},"modified":"2026-07-14T12:09:12","modified_gmt":"2026-07-14T12:09:12","slug":"cultural-network-brings-new-performances-to-the-dao-lafoes-region","status":"publish","type":"post","link":"https:\/\/www.binauralmedia.org\/news\/en\/arquivo\/30539","title":{"rendered":"Cultural Network brings new performances to the D\u00e3o Laf\u00f5es region"},"content":{"rendered":"<div class=\"fusion-fullwidth fullwidth-box fusion-builder-row-1 nonhundred-percent-fullwidth non-hundred-percent-height-scrolling\" style=\"--awb-border-radius-top-left:0px;--awb-border-radius-top-right:0px;--awb-border-radius-bottom-right:0px;--awb-border-radius-bottom-left:0px;--awb-flex-wrap:wrap;\" ><div class=\"fusion-builder-row fusion-row\"><div class=\"fusion-layout-column fusion_builder_column fusion-builder-column-0 fusion_builder_column_1_1 1_1 fusion-one-full fusion-column-first fusion-column-last\" style=\"--awb-bg-size:cover;--awb-margin-bottom:0px;\"><div class=\"fusion-column-wrapper fusion-flex-column-wrapper-legacy\"><div class=\"fusion-text fusion-text-1\"><p>Binaural Nodar\u2019s coordinator, Luis Gomes da Costa, was present today, 28\/1, at the press conference announcing the 2019 programme of the Viseu D\u00e3o Laf\u00f5es Cultural Network, held at the Parador Casa da \u00cdnsua in Penalva do Castelo.<\/p>\n<p>Binaural\/Nodar will have three proposals touring during 2019: \u201cImers\u00e3o sonora termal\u201d (Thermal Sound Immersion), with presentations at the thermal spas of S. Pedro do Sul, Castro Daire and Nelas, which combines a wellness-related experience and a certain <span class=\"text_exposed_show\">meditative state with the specific stories of each thermal site, told by the local population and spa workers; the show \u201cPontes perenes sobre \u00e1guas tempor\u00e1rias\u201d (Perennial Bridges over Temporary Waters), a multisensory narrative about the territory\u2019s bridges; and the exhibition \u201cNovas Express\u00f5es do Territ\u00f3rio\u201d (New Expressions of the Territory), which will attempt to show, through contemporary artistic content, the infinite potential of local heritage.<\/span><\/p>\n<div class=\"text_exposed_show\">\n<p>The Viseu D\u00e3o Laf\u00f5es Cultural Network brings together Binaural\/Nodar, Teatro Viriato, ACERT Tondela, Cine Clube de Viseu, Teatro Regional da Serra do Montemuro and Companhia Paulo Ribeiro, working together with the Viseu D\u00e3o Laf\u00f5es Intermunicipal Community in designing cultural experiences across various artistic fields (theatre, dance, cinema, sound art and multimedia, etc.) connected to the region\u2019s heritage.<\/p>\n<p>https:\/\/www.jornaldocentro.pt\/online\/cultura\/rede-cultural-leva-novos-espetaculos-a-regiao-dao-lafoes\/?fbclid=IwAR1nB8iyZGdSKaAzKrllxjhy7B18MpEwWCn66vaArNFP73lBUqIqIxCVheQ<\/p>\n<h1><\/h1>\n<\/div>\n<p>\n<\/div><div class=\"fusion-clearfix\"><\/div><\/div><\/div><\/div><\/div>\n","protected":false},"excerpt":{"rendered":"","protected":false},"author":2,"featured_media":15068,"comment_status":"closed","ping_status":"closed","sticky":false,"template":"","format":"standard","meta":{"_acf_changed":false,"_bbp_topic_count":0,"_bbp_reply_count":0,"_bbp_total_topic_count":0,"_bbp_total_reply_count":0,"_bbp_voice_count":0,"_bbp_anonymous_reply_count":0,"_bbp_topic_count_hidden":0,"_bbp_reply_count_hidden":0,"_bbp_forum_subforum_count":0,"footnotes":""},"categories":[1184],"tags":[],"class_list":["post-30539","post","type-post","status-publish","format-standard","has-post-thumbnail","hentry","category-news-2"],"acf":[],"aioseo_notices":[],"aioseo_head":"\n\t\t<!-- All in One SEO 5.0.1.1 - aioseo.com -->\n\t<meta name=\"description\" content=\"Binaural Nodar\u2019s coordinator, Luis Gomes da Costa, was present today, 28\/1, at the press conference announcing the 2019 programme of the Viseu D\u00e3o Laf\u00f5es Cultural Network, held at the Parador Casa da \u00cdnsua in Penalva do Castelo. Binaural\/Nodar will have three proposals touring during 2019: \u201cImers\u00e3o sonora termal\u201d (Thermal Sound Immersion), with presentations at the\" \/>\n\t<meta name=\"robots\" content=\"max-image-preview:large\" \/>\n\t<meta name=\"author\" content=\"luiscosta\"\/>\n\t<link rel=\"canonical\" href=\"https:\/\/www.binauralmedia.org\/news\/en\/arquivo\/30539\" \/>\n\t<meta name=\"generator\" content=\"All in One SEO (AIOSEO) 5.0.1.1\" \/>\n\t\t<meta property=\"og:locale\" content=\"en_US\" \/>\n\t\t<meta property=\"og:site_name\" content=\"binauralmedia.org - Rural Based Sound\/Media Arts &amp; Social Research\" \/>\n\t\t<meta property=\"og:type\" content=\"article\" \/>\n\t\t<meta property=\"og:title\" content=\"Cultural Network brings new performances to the D\u00e3o Laf\u00f5es region - binauralmedia.org\" \/>\n\t\t<meta property=\"og:description\" content=\"Binaural Nodar\u2019s coordinator, Luis Gomes da Costa, was present today, 28\/1, at the press conference announcing the 2019 programme of the Viseu D\u00e3o Laf\u00f5es Cultural Network, held at the Parador Casa da \u00cdnsua in Penalva do Castelo. Binaural\/Nodar will have three proposals touring during 2019: \u201cImers\u00e3o sonora termal\u201d (Thermal Sound Immersion), with presentations at the\" \/>\n\t\t<meta property=\"og:url\" content=\"https:\/\/www.binauralmedia.org\/news\/en\/arquivo\/30539\" \/>\n\t\t<meta property=\"article:published_time\" content=\"2019-01-28T17:43:29+00:00\" \/>\n\t\t<meta property=\"article:modified_time\" content=\"2026-07-14T12:09:12+00:00\" \/>\n\t\t<meta name=\"twitter:card\" content=\"summary_large_image\" \/>\n\t\t<meta name=\"twitter:title\" content=\"Cultural Network brings new performances to the D\u00e3o Laf\u00f5es region - binauralmedia.org\" \/>\n\t\t<meta name=\"twitter:description\" content=\"Binaural Nodar\u2019s coordinator, Luis Gomes da Costa, was present today, 28\/1, at the press conference announcing the 2019 programme of the Viseu D\u00e3o Laf\u00f5es Cultural Network, held at the Parador Casa da \u00cdnsua in Penalva do Castelo. Binaural\/Nodar will have three proposals touring during 2019: \u201cImers\u00e3o sonora termal\u201d (Thermal Sound Immersion), with presentations at the\" \/>\n\t\t<script type=\"application\/ld+json\" class=\"aioseo-schema\">\n\t\t\t{\"@context\":\"https:\\\/\\\/schema.org\",\"@graph\":[{\"@type\":\"BlogPosting\",\"@id\":\"https:\\\/\\\/www.binauralmedia.org\\\/news\\\/en\\\/arquivo\\\/30539#blogposting\",\"name\":\"Cultural Network brings new performances to the D\\u00e3o Laf\\u00f5es region - binauralmedia.org\",\"headline\":\"Cultural Network brings new performances to the D\\u00e3o Laf\\u00f5es region\",\"author\":{\"@id\":\"https:\\\/\\\/www.binauralmedia.org\\\/news\\\/en\\\/arquivo\\\/author\\\/luiscosta#author\"},\"publisher\":{\"@id\":\"https:\\\/\\\/www.binauralmedia.org\\\/news\\\/en\\\/#organization\"},\"image\":{\"@type\":\"ImageObject\",\"url\":\"https:\\\/\\\/www.binauralmedia.org\\\/news\\\/wp-content\\\/uploads\\\/Capturar-16.jpg\",\"width\":401,\"height\":258},\"datePublished\":\"2019-01-28T17:43:29+00:00\",\"dateModified\":\"2026-07-14T12:09:12+00:00\",\"inLanguage\":\"en-US\",\"mainEntityOfPage\":{\"@id\":\"https:\\\/\\\/www.binauralmedia.org\\\/news\\\/en\\\/arquivo\\\/30539#webpage\"},\"isPartOf\":{\"@id\":\"https:\\\/\\\/www.binauralmedia.org\\\/news\\\/en\\\/arquivo\\\/30539#webpage\"},\"articleSection\":\"News\"},{\"@type\":\"BreadcrumbList\",\"@id\":\"https:\\\/\\\/www.binauralmedia.org\\\/news\\\/en\\\/arquivo\\\/30539#breadcrumblist\",\"itemListElement\":[{\"@type\":\"ListItem\",\"@id\":\"https:\\\/\\\/www.binauralmedia.org\\\/news\\\/en#listItem\",\"position\":1,\"name\":\"Home\",\"item\":\"https:\\\/\\\/www.binauralmedia.org\\\/news\\\/en\",\"nextItem\":{\"@type\":\"ListItem\",\"@id\":\"https:\\\/\\\/www.binauralmedia.org\\\/news\\\/en\\\/arquivo\\\/category\\\/news-2#listItem\",\"name\":\"News\"}},{\"@type\":\"ListItem\",\"@id\":\"https:\\\/\\\/www.binauralmedia.org\\\/news\\\/en\\\/arquivo\\\/category\\\/news-2#listItem\",\"position\":2,\"name\":\"News\",\"item\":\"https:\\\/\\\/www.binauralmedia.org\\\/news\\\/en\\\/arquivo\\\/category\\\/news-2\",\"nextItem\":{\"@type\":\"ListItem\",\"@id\":\"https:\\\/\\\/www.binauralmedia.org\\\/news\\\/en\\\/arquivo\\\/30539#listItem\",\"name\":\"Cultural Network brings new performances to the D\\u00e3o Laf\\u00f5es region\"},\"previousItem\":{\"@type\":\"ListItem\",\"@id\":\"https:\\\/\\\/www.binauralmedia.org\\\/news\\\/en#listItem\",\"name\":\"Home\"}},{\"@type\":\"ListItem\",\"@id\":\"https:\\\/\\\/www.binauralmedia.org\\\/news\\\/en\\\/arquivo\\\/30539#listItem\",\"position\":3,\"name\":\"Cultural Network brings new performances to the D\\u00e3o Laf\\u00f5es region\",\"previousItem\":{\"@type\":\"ListItem\",\"@id\":\"https:\\\/\\\/www.binauralmedia.org\\\/news\\\/en\\\/arquivo\\\/category\\\/news-2#listItem\",\"name\":\"News\"}}]},{\"@type\":\"Organization\",\"@id\":\"https:\\\/\\\/www.binauralmedia.org\\\/news\\\/en\\\/#organization\",\"name\":\"binauralmedia.org\",\"description\":\"Rural Based Sound\\\/Media Arts & Social Research\",\"url\":\"https:\\\/\\\/www.binauralmedia.org\\\/news\\\/en\\\/\"},{\"@type\":\"Person\",\"@id\":\"https:\\\/\\\/www.binauralmedia.org\\\/news\\\/en\\\/arquivo\\\/author\\\/luiscosta#author\",\"url\":\"https:\\\/\\\/www.binauralmedia.org\\\/news\\\/en\\\/arquivo\\\/author\\\/luiscosta\",\"name\":\"luiscosta\"},{\"@type\":\"WebPage\",\"@id\":\"https:\\\/\\\/www.binauralmedia.org\\\/news\\\/en\\\/arquivo\\\/30539#webpage\",\"url\":\"https:\\\/\\\/www.binauralmedia.org\\\/news\\\/en\\\/arquivo\\\/30539\",\"name\":\"Cultural Network brings new performances to the D\\u00e3o Laf\\u00f5es region - binauralmedia.org\",\"description\":\"Binaural Nodar\\u2019s coordinator, Luis Gomes da Costa, was present today, 28\\\/1, at the press conference announcing the 2019 programme of the Viseu D\\u00e3o Laf\\u00f5es Cultural Network, held at the Parador Casa da \\u00cdnsua in Penalva do Castelo. Binaural\\\/Nodar will have three proposals touring during 2019: \\u201cImers\\u00e3o sonora termal\\u201d (Thermal Sound Immersion), with presentations at the\",\"inLanguage\":\"en-US\",\"isPartOf\":{\"@id\":\"https:\\\/\\\/www.binauralmedia.org\\\/news\\\/en\\\/#website\"},\"breadcrumb\":{\"@id\":\"https:\\\/\\\/www.binauralmedia.org\\\/news\\\/en\\\/arquivo\\\/30539#breadcrumblist\"},\"author\":{\"@id\":\"https:\\\/\\\/www.binauralmedia.org\\\/news\\\/en\\\/arquivo\\\/author\\\/luiscosta#author\"},\"creator\":{\"@id\":\"https:\\\/\\\/www.binauralmedia.org\\\/news\\\/en\\\/arquivo\\\/author\\\/luiscosta#author\"},\"image\":{\"@type\":\"ImageObject\",\"url\":\"https:\\\/\\\/www.binauralmedia.org\\\/news\\\/wp-content\\\/uploads\\\/Capturar-16.jpg\",\"@id\":\"https:\\\/\\\/www.binauralmedia.org\\\/news\\\/en\\\/arquivo\\\/30539\\\/#mainImage\",\"width\":401,\"height\":258},\"primaryImageOfPage\":{\"@id\":\"https:\\\/\\\/www.binauralmedia.org\\\/news\\\/en\\\/arquivo\\\/30539#mainImage\"},\"datePublished\":\"2019-01-28T17:43:29+00:00\",\"dateModified\":\"2026-07-14T12:09:12+00:00\"},{\"@type\":\"WebSite\",\"@id\":\"https:\\\/\\\/www.binauralmedia.org\\\/news\\\/en\\\/#website\",\"url\":\"https:\\\/\\\/www.binauralmedia.org\\\/news\\\/en\\\/\",\"name\":\"binauralmedia.org\",\"description\":\"Rural Based Sound\\\/Media Arts & Social Research\",\"inLanguage\":\"en-US\",\"publisher\":{\"@id\":\"https:\\\/\\\/www.binauralmedia.org\\\/news\\\/en\\\/#organization\"}}]}\n\t\t<\/script>\n\t\t<!-- All in One SEO -->\n\n","aioseo_head_json":{"title":"Cultural Network brings new performances to the D\u00e3o Laf\u00f5es region - binauralmedia.org","description":"Binaural Nodar\u2019s coordinator, Luis Gomes da Costa, was present today, 28\/1, at the press conference announcing the 2019 programme of the Viseu D\u00e3o Laf\u00f5es Cultural Network, held at the Parador Casa da \u00cdnsua in Penalva do Castelo. Binaural\/Nodar will have three proposals touring during 2019: \u201cImers\u00e3o sonora termal\u201d (Thermal Sound Immersion), with presentations at the","canonical_url":"https:\/\/www.binauralmedia.org\/news\/en\/arquivo\/30539","robots":"max-image-preview:large","keywords":"","webmasterTools":{"miscellaneous":""},"schema":{"@context":"https:\/\/schema.org","@graph":[{"@type":"BlogPosting","@id":"https:\/\/www.binauralmedia.org\/news\/en\/arquivo\/30539#blogposting","name":"Cultural Network brings new performances to the D\u00e3o Laf\u00f5es region - binauralmedia.org","headline":"Cultural Network brings new performances to the D\u00e3o Laf\u00f5es region","author":{"@id":"https:\/\/www.binauralmedia.org\/news\/en\/arquivo\/author\/luiscosta#author"},"publisher":{"@id":"https:\/\/www.binauralmedia.org\/news\/en\/#organization"},"image":{"@type":"ImageObject","url":"https:\/\/www.binauralmedia.org\/news\/wp-content\/uploads\/Capturar-16.jpg","width":401,"height":258},"datePublished":"2019-01-28T17:43:29+00:00","dateModified":"2026-07-14T12:09:12+00:00","inLanguage":"en-US","mainEntityOfPage":{"@id":"https:\/\/www.binauralmedia.org\/news\/en\/arquivo\/30539#webpage"},"isPartOf":{"@id":"https:\/\/www.binauralmedia.org\/news\/en\/arquivo\/30539#webpage"},"articleSection":"News"},{"@type":"BreadcrumbList","@id":"https:\/\/www.binauralmedia.org\/news\/en\/arquivo\/30539#breadcrumblist","itemListElement":[{"@type":"ListItem","@id":"https:\/\/www.binauralmedia.org\/news\/en#listItem","position":1,"name":"Home","item":"https:\/\/www.binauralmedia.org\/news\/en","nextItem":{"@type":"ListItem","@id":"https:\/\/www.binauralmedia.org\/news\/en\/arquivo\/category\/news-2#listItem","name":"News"}},{"@type":"ListItem","@id":"https:\/\/www.binauralmedia.org\/news\/en\/arquivo\/category\/news-2#listItem","position":2,"name":"News","item":"https:\/\/www.binauralmedia.org\/news\/en\/arquivo\/category\/news-2","nextItem":{"@type":"ListItem","@id":"https:\/\/www.binauralmedia.org\/news\/en\/arquivo\/30539#listItem","name":"Cultural Network brings new performances to the D\u00e3o Laf\u00f5es region"},"previousItem":{"@type":"ListItem","@id":"https:\/\/www.binauralmedia.org\/news\/en#listItem","name":"Home"}},{"@type":"ListItem","@id":"https:\/\/www.binauralmedia.org\/news\/en\/arquivo\/30539#listItem","position":3,"name":"Cultural Network brings new performances to the D\u00e3o Laf\u00f5es region","previousItem":{"@type":"ListItem","@id":"https:\/\/www.binauralmedia.org\/news\/en\/arquivo\/category\/news-2#listItem","name":"News"}}]},{"@type":"Organization","@id":"https:\/\/www.binauralmedia.org\/news\/en\/#organization","name":"binauralmedia.org","description":"Rural Based Sound\/Media Arts & Social Research","url":"https:\/\/www.binauralmedia.org\/news\/en\/"},{"@type":"Person","@id":"https:\/\/www.binauralmedia.org\/news\/en\/arquivo\/author\/luiscosta#author","url":"https:\/\/www.binauralmedia.org\/news\/en\/arquivo\/author\/luiscosta","name":"luiscosta"},{"@type":"WebPage","@id":"https:\/\/www.binauralmedia.org\/news\/en\/arquivo\/30539#webpage","url":"https:\/\/www.binauralmedia.org\/news\/en\/arquivo\/30539","name":"Cultural Network brings new performances to the D\u00e3o Laf\u00f5es region - binauralmedia.org","description":"Binaural Nodar\u2019s coordinator, Luis Gomes da Costa, was present today, 28\/1, at the press conference announcing the 2019 programme of the Viseu D\u00e3o Laf\u00f5es Cultural Network, held at the Parador Casa da \u00cdnsua in Penalva do Castelo. Binaural\/Nodar will have three proposals touring during 2019: \u201cImers\u00e3o sonora termal\u201d (Thermal Sound Immersion), with presentations at the","inLanguage":"en-US","isPartOf":{"@id":"https:\/\/www.binauralmedia.org\/news\/en\/#website"},"breadcrumb":{"@id":"https:\/\/www.binauralmedia.org\/news\/en\/arquivo\/30539#breadcrumblist"},"author":{"@id":"https:\/\/www.binauralmedia.org\/news\/en\/arquivo\/author\/luiscosta#author"},"creator":{"@id":"https:\/\/www.binauralmedia.org\/news\/en\/arquivo\/author\/luiscosta#author"},"image":{"@type":"ImageObject","url":"https:\/\/www.binauralmedia.org\/news\/wp-content\/uploads\/Capturar-16.jpg","@id":"https:\/\/www.binauralmedia.org\/news\/en\/arquivo\/30539\/#mainImage","width":401,"height":258},"primaryImageOfPage":{"@id":"https:\/\/www.binauralmedia.org\/news\/en\/arquivo\/30539#mainImage"},"datePublished":"2019-01-28T17:43:29+00:00","dateModified":"2026-07-14T12:09:12+00:00"},{"@type":"WebSite","@id":"https:\/\/www.binauralmedia.org\/news\/en\/#website","url":"https:\/\/www.binauralmedia.org\/news\/en\/","name":"binauralmedia.org","description":"Rural Based Sound\/Media Arts & Social Research","inLanguage":"en-US","publisher":{"@id":"https:\/\/www.binauralmedia.org\/news\/en\/#organization"}}]},"og:locale":"en_US","og:site_name":"binauralmedia.org - Rural Based Sound\/Media Arts &amp; Social Research","og:type":"article","og:title":"Cultural Network brings new performances to the D\u00e3o Laf\u00f5es region - binauralmedia.org","og:description":"Binaural Nodar\u2019s coordinator, Luis Gomes da Costa, was present today, 28\/1, at the press conference announcing the 2019 programme of the Viseu D\u00e3o Laf\u00f5es Cultural Network, held at the Parador Casa da \u00cdnsua in Penalva do Castelo. Binaural\/Nodar will have three proposals touring during 2019: \u201cImers\u00e3o sonora termal\u201d (Thermal Sound Immersion), with presentations at the","og:url":"https:\/\/www.binauralmedia.org\/news\/en\/arquivo\/30539","article:published_time":"2019-01-28T17:43:29+00:00","article:modified_time":"2026-07-14T12:09:12+00:00","twitter:card":"summary_large_image","twitter:title":"Cultural Network brings new performances to the D\u00e3o Laf\u00f5es region - binauralmedia.org","twitter:description":"Binaural Nodar\u2019s coordinator, Luis Gomes da Costa, was present today, 28\/1, at the press conference announcing the 2019 programme of the Viseu D\u00e3o Laf\u00f5es Cultural Network, held at the Parador Casa da \u00cdnsua in Penalva do Castelo. Binaural\/Nodar will have three proposals touring during 2019: \u201cImers\u00e3o sonora termal\u201d (Thermal Sound Immersion), with presentations at the"},"aioseo_meta_data":{"post_id":"30539","title":null,"description":null,"keywords":null,"keyphrases":null,"primary_term":null,"canonical_url":null,"og_title":null,"og_description":null,"og_object_type":"default","og_image_type":"default","og_image_custom_url":null,"og_image_custom_fields":null,"og_image_url":null,"og_image_width":null,"og_image_height":null,"og_video":null,"og_custom_url":null,"og_article_section":null,"og_article_tags":null,"twitter_use_og":false,"twitter_card":"default","twitter_image_type":"default","twitter_image_custom_url":null,"twitter_image_custom_fields":null,"twitter_image_url":null,"twitter_title":null,"twitter_description":null,"schema_type":"default","schema_type_options":null,"schema":{"blockGraphs":[],"customGraphs":[],"default":{"data":{"Article":[],"Course":[],"Dataset":[],"FAQPage":[],"Movie":[],"Person":[],"Product":[],"ProductReview":[],"Car":[],"Recipe":[],"Service":[],"SoftwareApplication":[],"WebPage":[]},"graphName":"","isEnabled":true},"graphs":[]},"pillar_content":false,"robots_default":true,"robots_noindex":false,"robots_noarchive":false,"robots_nosnippet":false,"robots_nofollow":false,"robots_noimageindex":false,"robots_noodp":false,"robots_notranslate":false,"robots_max_snippet":null,"robots_max_videopreview":null,"robots_max_imagepreview":"large","priority":null,"frequency":null,"local_seo":null,"limit_modified_date":false,"ai":null,"breadcrumb_settings":null,"seo_analyzer_scan_date":null,"created":"2026-08-05 03:59:12","updated":"2026-08-05 03:59:12","focus_keyword":null,"additional_keywords":null,"truseo_locale":null},"aioseo_breadcrumb":"<div class=\"aioseo-breadcrumbs\"><span class=\"aioseo-breadcrumb\">\n\t\t\t<a href=\"https:\/\/www.binauralmedia.org\/news\/en\" title=\"Home\">Home<\/a>\n\t\t<\/span><span class=\"aioseo-breadcrumb-separator\">&raquo;<\/span><span class=\"aioseo-breadcrumb\">\n\t\t\t<a href=\"https:\/\/www.binauralmedia.org\/news\/en\/arquivo\/category\/news-2\" title=\"News\">News<\/a>\n\t\t<\/span><span class=\"aioseo-breadcrumb-separator\">&raquo;<\/span><span class=\"aioseo-breadcrumb\">\n\t\t\tCultural Network brings new performances to the D\u00e3o Laf\u00f5es region\n\t\t<\/span><\/div>","aioseo_breadcrumb_json":[{"label":"Home","link":"https:\/\/www.binauralmedia.org\/news\/en"},{"label":"News","link":"https:\/\/www.binauralmedia.org\/news\/en\/arquivo\/category\/news-2"},{"label":"Cultural Network brings new performances to the D\u00e3o Laf\u00f5es region","link":"https:\/\/www.binauralmedia.org\/news\/en\/arquivo\/30539"}],"_links":{"self":[{"href":"https:\/\/www.binauralmedia.org\/news\/en\/wp-json\/wp\/v2\/posts\/30539","targetHints":{"allow":["GET"]}}],"collection":[{"href":"https:\/\/www.binauralmedia.org\/news\/en\/wp-json\/wp\/v2\/posts"}],"about":[{"href":"https:\/\/www.binauralmedia.org\/news\/en\/wp-json\/wp\/v2\/types\/post"}],"author":[{"embeddable":true,"href":"https:\/\/www.binauralmedia.org\/news\/en\/wp-json\/wp\/v2\/users\/2"}],"replies":[{"embeddable":true,"href":"https:\/\/www.binauralmedia.org\/news\/en\/wp-json\/wp\/v2\/comments?post=30539"}],"version-history":[{"count":2,"href":"https:\/\/www.binauralmedia.org\/news\/en\/wp-json\/wp\/v2\/posts\/30539\/revisions"}],"predecessor-version":[{"id":30541,"href":"https:\/\/www.binauralmedia.org\/news\/en\/wp-json\/wp\/v2\/posts\/30539\/revisions\/30541"}],"wp:featuredmedia":[{"embeddable":true,"href":"https:\/\/www.binauralmedia.org\/news\/en\/wp-json\/wp\/v2\/media\/15068"}],"wp:attachment":[{"href":"https:\/\/www.binauralmedia.org\/news\/en\/wp-json\/wp\/v2\/media?parent=30539"}],"wp:term":[{"taxonomy":"category","embeddable":true,"href":"https:\/\/www.binauralmedia.org\/news\/en\/wp-json\/wp\/v2\/categories?post=30539"},{"taxonomy":"post_tag","embeddable":true,"href":"https:\/\/www.binauralmedia.org\/news\/en\/wp-json\/wp\/v2\/tags?post=30539"}],"curies":[{"name":"wp","href":"https:\/\/api.w.org\/{rel}","templated":true}]}}