{"id":30528,"date":"2019-03-24T12:16:18","date_gmt":"2019-03-24T12:16:18","guid":{"rendered":"https:\/\/www.binauralmedia.org\/news\/arquivo\/30528"},"modified":"2019-03-24T12:16:18","modified_gmt":"2019-03-24T12:16:18","slug":"binaural-nodar-takes-part-in-criativarte-organised-by-the-oliveira-de-frades-municipality","status":"publish","type":"post","link":"https:\/\/www.binauralmedia.org\/news\/en\/arquivo\/30528","title":{"rendered":"Binaural\/Nodar takes part in Criativ&#8217;Arte organised by the Oliveira de Frades Municipality"},"content":{"rendered":"<p>Binaural Nodar was delighted to take part today, March 24, in the Criativ&#8217;Arte event organised by the Oliveira de Frades Municipality to celebrate European Creativity Day.<\/p>\n<p>On the occasion, we were promoting the Binaural Nodar Digital Archive (http:\/\/www.archive.binauralmedia.org), a project of sound and video recordings from the Viseu D\u00e3o Laf\u00f5es region and surrounding areas, part of the Tramontana network of memory archives from rural European regions (R\u00e9seau Tramontana).<\/p>\n<p><img decoding=\"async\" class=\"lazyload alignnone size-full wp-image-11002\" src=\"http:\/\/www.binauralmedia.org\/news\/\/wp-content\/uploads\/54519394_2211733055540111_8635393633962426368_n.jpg\" data-orig-src=\"http:\/\/www.binauralmedia.org\/news\/\/wp-content\/uploads\/54519394_2211733055540111_8635393633962426368_n.jpg\" alt=\"\" width=\"960\" height=\"720\" srcset=\"data:image\/svg+xml,%3Csvg%20xmlns%3D%27http%3A%2F%2Fwww.w3.org%2F2000%2Fsvg%27%20width%3D%27960%27%20height%3D%27720%27%20viewBox%3D%270%200%20960%20720%27%3E%3Crect%20width%3D%27960%27%20height%3D%27720%27%20fill-opacity%3D%220%22%2F%3E%3C%2Fsvg%3E\" data-srcset=\"https:\/\/www.binauralmedia.org\/news\/wp-content\/uploads\/54519394_2211733055540111_8635393633962426368_n-121x91.jpg 121w, https:\/\/www.binauralmedia.org\/news\/wp-content\/uploads\/54519394_2211733055540111_8635393633962426368_n-200x150.jpg 200w, https:\/\/www.binauralmedia.org\/news\/wp-content\/uploads\/54519394_2211733055540111_8635393633962426368_n-400x300.jpg 400w, https:\/\/www.binauralmedia.org\/news\/wp-content\/uploads\/54519394_2211733055540111_8635393633962426368_n-500x375.jpg 500w, https:\/\/www.binauralmedia.org\/news\/wp-content\/uploads\/54519394_2211733055540111_8635393633962426368_n-600x450.jpg 600w, https:\/\/www.binauralmedia.org\/news\/wp-content\/uploads\/54519394_2211733055540111_8635393633962426368_n-768x576.jpg 768w, https:\/\/www.binauralmedia.org\/news\/wp-content\/uploads\/54519394_2211733055540111_8635393633962426368_n-800x600.jpg 800w, https:\/\/www.binauralmedia.org\/news\/wp-content\/uploads\/54519394_2211733055540111_8635393633962426368_n.jpg 960w\" data-sizes=\"auto\" data-orig-sizes=\"(max-width: 960px) 100vw, 960px\" \/> <img decoding=\"async\" class=\"lazyload alignnone size-full wp-image-11003\" src=\"http:\/\/www.binauralmedia.org\/news\/\/wp-content\/uploads\/54521184_2211733162206767_7945319490462416896_n.jpg\" data-orig-src=\"http:\/\/www.binauralmedia.org\/news\/\/wp-content\/uploads\/54521184_2211733162206767_7945319490462416896_n.jpg\" alt=\"\" width=\"720\" height=\"960\" srcset=\"data:image\/svg+xml,%3Csvg%20xmlns%3D%27http%3A%2F%2Fwww.w3.org%2F2000%2Fsvg%27%20width%3D%27720%27%20height%3D%27960%27%20viewBox%3D%270%200%20720%20960%27%3E%3Crect%20width%3D%27720%27%20height%3D%27960%27%20fill-opacity%3D%220%22%2F%3E%3C%2Fsvg%3E\" data-srcset=\"https:\/\/www.binauralmedia.org\/news\/wp-content\/uploads\/54521184_2211733162206767_7945319490462416896_n-200x267.jpg 200w, https:\/\/www.binauralmedia.org\/news\/wp-content\/uploads\/54521184_2211733162206767_7945319490462416896_n-225x300.jpg 225w, https:\/\/www.binauralmedia.org\/news\/wp-content\/uploads\/54521184_2211733162206767_7945319490462416896_n-400x533.jpg 400w, https:\/\/www.binauralmedia.org\/news\/wp-content\/uploads\/54521184_2211733162206767_7945319490462416896_n-500x667.jpg 500w, https:\/\/www.binauralmedia.org\/news\/wp-content\/uploads\/54521184_2211733162206767_7945319490462416896_n-600x800.jpg 600w, https:\/\/www.binauralmedia.org\/news\/wp-content\/uploads\/54521184_2211733162206767_7945319490462416896_n.jpg 720w\" data-sizes=\"auto\" data-orig-sizes=\"(max-width: 720px) 100vw, 720px\" \/> <img decoding=\"async\" class=\"lazyload alignnone size-full wp-image-11004\" src=\"http:\/\/www.binauralmedia.org\/news\/\/wp-content\/uploads\/54523460_2211733558873394_1018168791185489920_n.jpg\" data-orig-src=\"http:\/\/www.binauralmedia.org\/news\/\/wp-content\/uploads\/54523460_2211733558873394_1018168791185489920_n.jpg\" alt=\"\" width=\"720\" height=\"960\" srcset=\"data:image\/svg+xml,%3Csvg%20xmlns%3D%27http%3A%2F%2Fwww.w3.org%2F2000%2Fsvg%27%20width%3D%27720%27%20height%3D%27960%27%20viewBox%3D%270%200%20720%20960%27%3E%3Crect%20width%3D%27720%27%20height%3D%27960%27%20fill-opacity%3D%220%22%2F%3E%3C%2Fsvg%3E\" data-srcset=\"https:\/\/www.binauralmedia.org\/news\/wp-content\/uploads\/54523460_2211733558873394_1018168791185489920_n-200x267.jpg 200w, https:\/\/www.binauralmedia.org\/news\/wp-content\/uploads\/54523460_2211733558873394_1018168791185489920_n-225x300.jpg 225w, https:\/\/www.binauralmedia.org\/news\/wp-content\/uploads\/54523460_2211733558873394_1018168791185489920_n-400x533.jpg 400w, https:\/\/www.binauralmedia.org\/news\/wp-content\/uploads\/54523460_2211733558873394_1018168791185489920_n-500x667.jpg 500w, https:\/\/www.binauralmedia.org\/news\/wp-content\/uploads\/54523460_2211733558873394_1018168791185489920_n-600x800.jpg 600w, https:\/\/www.binauralmedia.org\/news\/wp-content\/uploads\/54523460_2211733558873394_1018168791185489920_n.jpg 720w\" data-sizes=\"auto\" data-orig-sizes=\"(max-width: 720px) 100vw, 720px\" \/> <img decoding=\"async\" class=\"lazyload alignnone size-full wp-image-11005\" src=\"http:\/\/www.binauralmedia.org\/news\/\/wp-content\/uploads\/55674620_2211733515540065_6186081296674979840_n.jpg\" data-orig-src=\"http:\/\/www.binauralmedia.org\/news\/\/wp-content\/uploads\/55674620_2211733515540065_6186081296674979840_n.jpg\" alt=\"\" width=\"960\" height=\"720\" srcset=\"data:image\/svg+xml,%3Csvg%20xmlns%3D%27http%3A%2F%2Fwww.w3.org%2F2000%2Fsvg%27%20width%3D%27960%27%20height%3D%27720%27%20viewBox%3D%270%200%20960%20720%27%3E%3Crect%20width%3D%27960%27%20height%3D%27720%27%20fill-opacity%3D%220%22%2F%3E%3C%2Fsvg%3E\" data-srcset=\"https:\/\/www.binauralmedia.org\/news\/wp-content\/uploads\/55674620_2211733515540065_6186081296674979840_n-121x91.jpg 121w, https:\/\/www.binauralmedia.org\/news\/wp-content\/uploads\/55674620_2211733515540065_6186081296674979840_n-200x150.jpg 200w, https:\/\/www.binauralmedia.org\/news\/wp-content\/uploads\/55674620_2211733515540065_6186081296674979840_n-400x300.jpg 400w, https:\/\/www.binauralmedia.org\/news\/wp-content\/uploads\/55674620_2211733515540065_6186081296674979840_n-500x375.jpg 500w, https:\/\/www.binauralmedia.org\/news\/wp-content\/uploads\/55674620_2211733515540065_6186081296674979840_n-600x450.jpg 600w, https:\/\/www.binauralmedia.org\/news\/wp-content\/uploads\/55674620_2211733515540065_6186081296674979840_n-768x576.jpg 768w, https:\/\/www.binauralmedia.org\/news\/wp-content\/uploads\/55674620_2211733515540065_6186081296674979840_n-800x600.jpg 800w, https:\/\/www.binauralmedia.org\/news\/wp-content\/uploads\/55674620_2211733515540065_6186081296674979840_n.jpg 960w\" data-sizes=\"auto\" data-orig-sizes=\"(max-width: 960px) 100vw, 960px\" \/><\/p>\n<p>&nbsp;<\/p>\n","protected":false},"excerpt":{"rendered":"<p>Binaural Nodar was delighted to take part today, March 24,  [&#8230;]<\/p>\n","protected":false},"author":2,"featured_media":15100,"comment_status":"closed","ping_status":"closed","sticky":false,"template":"","format":"standard","meta":{"_acf_changed":false,"_bbp_topic_count":0,"_bbp_reply_count":0,"_bbp_total_topic_count":0,"_bbp_total_reply_count":0,"_bbp_voice_count":0,"_bbp_anonymous_reply_count":0,"_bbp_topic_count_hidden":0,"_bbp_reply_count_hidden":0,"_bbp_forum_subforum_count":0,"footnotes":""},"categories":[1184,1193],"tags":[],"class_list":["post-30528","post","type-post","status-publish","format-standard","has-post-thumbnail","hentry","category-news-2","category-visual-sound-ethnograhpy-en"],"acf":[],"aioseo_notices":[],"aioseo_head":"\n\t\t<!-- All in One SEO 5.0.1.1 - aioseo.com -->\n\t<meta name=\"description\" content=\"Binaural Nodar was delighted to take part today, March 24, in the Criativ&#039;Arte event organised by the Oliveira de Frades Municipality to celebrate European Creativity Day. On the occasion, we were promoting the Binaural Nodar Digital Archive (http:\/\/www.archive.binauralmedia.org), a project of sound and video recordings from the Viseu D\u00e3o Laf\u00f5es region and surrounding areas, part\" \/>\n\t<meta name=\"robots\" content=\"max-image-preview:large\" \/>\n\t<meta name=\"author\" content=\"luiscosta\"\/>\n\t<link rel=\"canonical\" href=\"https:\/\/www.binauralmedia.org\/news\/en\/arquivo\/30528\" \/>\n\t<meta name=\"generator\" content=\"All in One SEO (AIOSEO) 5.0.1.1\" \/>\n\t\t<meta property=\"og:locale\" content=\"en_US\" \/>\n\t\t<meta property=\"og:site_name\" content=\"binauralmedia.org - Rural Based Sound\/Media Arts &amp; Social Research\" \/>\n\t\t<meta property=\"og:type\" content=\"article\" \/>\n\t\t<meta property=\"og:title\" content=\"Binaural\/Nodar takes part in Criativ\u2019Arte organised by the Oliveira de Frades Municipality - binauralmedia.org\" \/>\n\t\t<meta property=\"og:description\" content=\"Binaural Nodar was delighted to take part today, March 24, in the Criativ&#039;Arte event organised by the Oliveira de Frades Municipality to celebrate European Creativity Day. On the occasion, we were promoting the Binaural Nodar Digital Archive (http:\/\/www.archive.binauralmedia.org), a project of sound and video recordings from the Viseu D\u00e3o Laf\u00f5es region and surrounding areas, part\" \/>\n\t\t<meta property=\"og:url\" content=\"https:\/\/www.binauralmedia.org\/news\/en\/arquivo\/30528\" \/>\n\t\t<meta property=\"article:published_time\" content=\"2019-03-24T12:16:18+00:00\" \/>\n\t\t<meta property=\"article:modified_time\" content=\"2019-03-24T12:16:18+00:00\" \/>\n\t\t<meta name=\"twitter:card\" content=\"summary_large_image\" \/>\n\t\t<meta name=\"twitter:title\" content=\"Binaural\/Nodar takes part in Criativ\u2019Arte organised by the Oliveira de Frades Municipality - binauralmedia.org\" \/>\n\t\t<meta name=\"twitter:description\" content=\"Binaural Nodar was delighted to take part today, March 24, in the Criativ&#039;Arte event organised by the Oliveira de Frades Municipality to celebrate European Creativity Day. On the occasion, we were promoting the Binaural Nodar Digital Archive (http:\/\/www.archive.binauralmedia.org), a project of sound and video recordings from the Viseu D\u00e3o Laf\u00f5es region and surrounding areas, part\" \/>\n\t\t<script type=\"application\/ld+json\" class=\"aioseo-schema\">\n\t\t\t{\"@context\":\"https:\\\/\\\/schema.org\",\"@graph\":[{\"@type\":\"BlogPosting\",\"@id\":\"https:\\\/\\\/www.binauralmedia.org\\\/news\\\/en\\\/arquivo\\\/30528#blogposting\",\"name\":\"Binaural\\\/Nodar takes part in Criativ\\u2019Arte organised by the Oliveira de Frades Municipality - binauralmedia.org\",\"headline\":\"Binaural\\\/Nodar takes part in Criativ&#8217;Arte organised by the Oliveira de Frades Municipality\",\"author\":{\"@id\":\"https:\\\/\\\/www.binauralmedia.org\\\/news\\\/en\\\/arquivo\\\/author\\\/luiscosta#author\"},\"publisher\":{\"@id\":\"https:\\\/\\\/www.binauralmedia.org\\\/news\\\/en\\\/#organization\"},\"image\":{\"@type\":\"ImageObject\",\"url\":\"https:\\\/\\\/www.binauralmedia.org\\\/news\\\/wp-content\\\/uploads\\\/54432511_2211733375540079_5592374128964272128_n-e1559301897806.jpg\",\"width\":912,\"height\":607},\"datePublished\":\"2019-03-24T12:16:18+00:00\",\"dateModified\":\"2019-03-24T12:16:18+00:00\",\"inLanguage\":\"en-US\",\"mainEntityOfPage\":{\"@id\":\"https:\\\/\\\/www.binauralmedia.org\\\/news\\\/en\\\/arquivo\\\/30528#webpage\"},\"isPartOf\":{\"@id\":\"https:\\\/\\\/www.binauralmedia.org\\\/news\\\/en\\\/arquivo\\\/30528#webpage\"},\"articleSection\":\"News, Visual and Sound Ethnography\"},{\"@type\":\"BreadcrumbList\",\"@id\":\"https:\\\/\\\/www.binauralmedia.org\\\/news\\\/en\\\/arquivo\\\/30528#breadcrumblist\",\"itemListElement\":[{\"@type\":\"ListItem\",\"@id\":\"https:\\\/\\\/www.binauralmedia.org\\\/news\\\/en#listItem\",\"position\":1,\"name\":\"Home\",\"item\":\"https:\\\/\\\/www.binauralmedia.org\\\/news\\\/en\",\"nextItem\":{\"@type\":\"ListItem\",\"@id\":\"https:\\\/\\\/www.binauralmedia.org\\\/news\\\/en\\\/arquivo\\\/category\\\/news-2#listItem\",\"name\":\"News\"}},{\"@type\":\"ListItem\",\"@id\":\"https:\\\/\\\/www.binauralmedia.org\\\/news\\\/en\\\/arquivo\\\/category\\\/news-2#listItem\",\"position\":2,\"name\":\"News\",\"item\":\"https:\\\/\\\/www.binauralmedia.org\\\/news\\\/en\\\/arquivo\\\/category\\\/news-2\",\"nextItem\":{\"@type\":\"ListItem\",\"@id\":\"https:\\\/\\\/www.binauralmedia.org\\\/news\\\/en\\\/arquivo\\\/30528#listItem\",\"name\":\"Binaural\\\/Nodar takes part in Criativ&#8217;Arte organised by the Oliveira de Frades Municipality\"},\"previousItem\":{\"@type\":\"ListItem\",\"@id\":\"https:\\\/\\\/www.binauralmedia.org\\\/news\\\/en#listItem\",\"name\":\"Home\"}},{\"@type\":\"ListItem\",\"@id\":\"https:\\\/\\\/www.binauralmedia.org\\\/news\\\/en\\\/arquivo\\\/30528#listItem\",\"position\":3,\"name\":\"Binaural\\\/Nodar takes part in Criativ&#8217;Arte organised by the Oliveira de Frades Municipality\",\"previousItem\":{\"@type\":\"ListItem\",\"@id\":\"https:\\\/\\\/www.binauralmedia.org\\\/news\\\/en\\\/arquivo\\\/category\\\/news-2#listItem\",\"name\":\"News\"}}]},{\"@type\":\"Organization\",\"@id\":\"https:\\\/\\\/www.binauralmedia.org\\\/news\\\/en\\\/#organization\",\"name\":\"binauralmedia.org\",\"description\":\"Rural Based Sound\\\/Media Arts & Social Research\",\"url\":\"https:\\\/\\\/www.binauralmedia.org\\\/news\\\/en\\\/\"},{\"@type\":\"Person\",\"@id\":\"https:\\\/\\\/www.binauralmedia.org\\\/news\\\/en\\\/arquivo\\\/author\\\/luiscosta#author\",\"url\":\"https:\\\/\\\/www.binauralmedia.org\\\/news\\\/en\\\/arquivo\\\/author\\\/luiscosta\",\"name\":\"luiscosta\"},{\"@type\":\"WebPage\",\"@id\":\"https:\\\/\\\/www.binauralmedia.org\\\/news\\\/en\\\/arquivo\\\/30528#webpage\",\"url\":\"https:\\\/\\\/www.binauralmedia.org\\\/news\\\/en\\\/arquivo\\\/30528\",\"name\":\"Binaural\\\/Nodar takes part in Criativ\\u2019Arte organised by the Oliveira de Frades Municipality - binauralmedia.org\",\"description\":\"Binaural Nodar was delighted to take part today, March 24, in the Criativ'Arte event organised by the Oliveira de Frades Municipality to celebrate European Creativity Day. On the occasion, we were promoting the Binaural Nodar Digital Archive (http:\\\/\\\/www.archive.binauralmedia.org), a project of sound and video recordings from the Viseu D\\u00e3o Laf\\u00f5es region and surrounding areas, part\",\"inLanguage\":\"en-US\",\"isPartOf\":{\"@id\":\"https:\\\/\\\/www.binauralmedia.org\\\/news\\\/en\\\/#website\"},\"breadcrumb\":{\"@id\":\"https:\\\/\\\/www.binauralmedia.org\\\/news\\\/en\\\/arquivo\\\/30528#breadcrumblist\"},\"author\":{\"@id\":\"https:\\\/\\\/www.binauralmedia.org\\\/news\\\/en\\\/arquivo\\\/author\\\/luiscosta#author\"},\"creator\":{\"@id\":\"https:\\\/\\\/www.binauralmedia.org\\\/news\\\/en\\\/arquivo\\\/author\\\/luiscosta#author\"},\"image\":{\"@type\":\"ImageObject\",\"url\":\"https:\\\/\\\/www.binauralmedia.org\\\/news\\\/wp-content\\\/uploads\\\/54432511_2211733375540079_5592374128964272128_n-e1559301897806.jpg\",\"@id\":\"https:\\\/\\\/www.binauralmedia.org\\\/news\\\/en\\\/arquivo\\\/30528\\\/#mainImage\",\"width\":912,\"height\":607},\"primaryImageOfPage\":{\"@id\":\"https:\\\/\\\/www.binauralmedia.org\\\/news\\\/en\\\/arquivo\\\/30528#mainImage\"},\"datePublished\":\"2019-03-24T12:16:18+00:00\",\"dateModified\":\"2019-03-24T12:16:18+00:00\"},{\"@type\":\"WebSite\",\"@id\":\"https:\\\/\\\/www.binauralmedia.org\\\/news\\\/en\\\/#website\",\"url\":\"https:\\\/\\\/www.binauralmedia.org\\\/news\\\/en\\\/\",\"name\":\"binauralmedia.org\",\"description\":\"Rural Based Sound\\\/Media Arts & Social Research\",\"inLanguage\":\"en-US\",\"publisher\":{\"@id\":\"https:\\\/\\\/www.binauralmedia.org\\\/news\\\/en\\\/#organization\"}}]}\n\t\t<\/script>\n\t\t<!-- All in One SEO -->\n\n","aioseo_head_json":{"title":"Binaural\/Nodar takes part in Criativ\u2019Arte organised by the Oliveira de Frades Municipality - binauralmedia.org","description":"Binaural Nodar was delighted to take part today, March 24, in the Criativ'Arte event organised by the Oliveira de Frades Municipality to celebrate European Creativity Day. On the occasion, we were promoting the Binaural Nodar Digital Archive (http:\/\/www.archive.binauralmedia.org), a project of sound and video recordings from the Viseu D\u00e3o Laf\u00f5es region and surrounding areas, part","canonical_url":"https:\/\/www.binauralmedia.org\/news\/en\/arquivo\/30528","robots":"max-image-preview:large","keywords":"","webmasterTools":{"miscellaneous":""},"schema":{"@context":"https:\/\/schema.org","@graph":[{"@type":"BlogPosting","@id":"https:\/\/www.binauralmedia.org\/news\/en\/arquivo\/30528#blogposting","name":"Binaural\/Nodar takes part in Criativ\u2019Arte organised by the Oliveira de Frades Municipality - binauralmedia.org","headline":"Binaural\/Nodar takes part in Criativ&#8217;Arte organised by the Oliveira de Frades Municipality","author":{"@id":"https:\/\/www.binauralmedia.org\/news\/en\/arquivo\/author\/luiscosta#author"},"publisher":{"@id":"https:\/\/www.binauralmedia.org\/news\/en\/#organization"},"image":{"@type":"ImageObject","url":"https:\/\/www.binauralmedia.org\/news\/wp-content\/uploads\/54432511_2211733375540079_5592374128964272128_n-e1559301897806.jpg","width":912,"height":607},"datePublished":"2019-03-24T12:16:18+00:00","dateModified":"2019-03-24T12:16:18+00:00","inLanguage":"en-US","mainEntityOfPage":{"@id":"https:\/\/www.binauralmedia.org\/news\/en\/arquivo\/30528#webpage"},"isPartOf":{"@id":"https:\/\/www.binauralmedia.org\/news\/en\/arquivo\/30528#webpage"},"articleSection":"News, Visual and Sound Ethnography"},{"@type":"BreadcrumbList","@id":"https:\/\/www.binauralmedia.org\/news\/en\/arquivo\/30528#breadcrumblist","itemListElement":[{"@type":"ListItem","@id":"https:\/\/www.binauralmedia.org\/news\/en#listItem","position":1,"name":"Home","item":"https:\/\/www.binauralmedia.org\/news\/en","nextItem":{"@type":"ListItem","@id":"https:\/\/www.binauralmedia.org\/news\/en\/arquivo\/category\/news-2#listItem","name":"News"}},{"@type":"ListItem","@id":"https:\/\/www.binauralmedia.org\/news\/en\/arquivo\/category\/news-2#listItem","position":2,"name":"News","item":"https:\/\/www.binauralmedia.org\/news\/en\/arquivo\/category\/news-2","nextItem":{"@type":"ListItem","@id":"https:\/\/www.binauralmedia.org\/news\/en\/arquivo\/30528#listItem","name":"Binaural\/Nodar takes part in Criativ&#8217;Arte organised by the Oliveira de Frades Municipality"},"previousItem":{"@type":"ListItem","@id":"https:\/\/www.binauralmedia.org\/news\/en#listItem","name":"Home"}},{"@type":"ListItem","@id":"https:\/\/www.binauralmedia.org\/news\/en\/arquivo\/30528#listItem","position":3,"name":"Binaural\/Nodar takes part in Criativ&#8217;Arte organised by the Oliveira de Frades Municipality","previousItem":{"@type":"ListItem","@id":"https:\/\/www.binauralmedia.org\/news\/en\/arquivo\/category\/news-2#listItem","name":"News"}}]},{"@type":"Organization","@id":"https:\/\/www.binauralmedia.org\/news\/en\/#organization","name":"binauralmedia.org","description":"Rural Based Sound\/Media Arts & Social Research","url":"https:\/\/www.binauralmedia.org\/news\/en\/"},{"@type":"Person","@id":"https:\/\/www.binauralmedia.org\/news\/en\/arquivo\/author\/luiscosta#author","url":"https:\/\/www.binauralmedia.org\/news\/en\/arquivo\/author\/luiscosta","name":"luiscosta"},{"@type":"WebPage","@id":"https:\/\/www.binauralmedia.org\/news\/en\/arquivo\/30528#webpage","url":"https:\/\/www.binauralmedia.org\/news\/en\/arquivo\/30528","name":"Binaural\/Nodar takes part in Criativ\u2019Arte organised by the Oliveira de Frades Municipality - binauralmedia.org","description":"Binaural Nodar was delighted to take part today, March 24, in the Criativ'Arte event organised by the Oliveira de Frades Municipality to celebrate European Creativity Day. On the occasion, we were promoting the Binaural Nodar Digital Archive (http:\/\/www.archive.binauralmedia.org), a project of sound and video recordings from the Viseu D\u00e3o Laf\u00f5es region and surrounding areas, part","inLanguage":"en-US","isPartOf":{"@id":"https:\/\/www.binauralmedia.org\/news\/en\/#website"},"breadcrumb":{"@id":"https:\/\/www.binauralmedia.org\/news\/en\/arquivo\/30528#breadcrumblist"},"author":{"@id":"https:\/\/www.binauralmedia.org\/news\/en\/arquivo\/author\/luiscosta#author"},"creator":{"@id":"https:\/\/www.binauralmedia.org\/news\/en\/arquivo\/author\/luiscosta#author"},"image":{"@type":"ImageObject","url":"https:\/\/www.binauralmedia.org\/news\/wp-content\/uploads\/54432511_2211733375540079_5592374128964272128_n-e1559301897806.jpg","@id":"https:\/\/www.binauralmedia.org\/news\/en\/arquivo\/30528\/#mainImage","width":912,"height":607},"primaryImageOfPage":{"@id":"https:\/\/www.binauralmedia.org\/news\/en\/arquivo\/30528#mainImage"},"datePublished":"2019-03-24T12:16:18+00:00","dateModified":"2019-03-24T12:16:18+00:00"},{"@type":"WebSite","@id":"https:\/\/www.binauralmedia.org\/news\/en\/#website","url":"https:\/\/www.binauralmedia.org\/news\/en\/","name":"binauralmedia.org","description":"Rural Based Sound\/Media Arts & Social Research","inLanguage":"en-US","publisher":{"@id":"https:\/\/www.binauralmedia.org\/news\/en\/#organization"}}]},"og:locale":"en_US","og:site_name":"binauralmedia.org - Rural Based Sound\/Media Arts &amp; Social Research","og:type":"article","og:title":"Binaural\/Nodar takes part in Criativ\u2019Arte organised by the Oliveira de Frades Municipality - binauralmedia.org","og:description":"Binaural Nodar was delighted to take part today, March 24, in the Criativ'Arte event organised by the Oliveira de Frades Municipality to celebrate European Creativity Day. On the occasion, we were promoting the Binaural Nodar Digital Archive (http:\/\/www.archive.binauralmedia.org), a project of sound and video recordings from the Viseu D\u00e3o Laf\u00f5es region and surrounding areas, part","og:url":"https:\/\/www.binauralmedia.org\/news\/en\/arquivo\/30528","article:published_time":"2019-03-24T12:16:18+00:00","article:modified_time":"2019-03-24T12:16:18+00:00","twitter:card":"summary_large_image","twitter:title":"Binaural\/Nodar takes part in Criativ\u2019Arte organised by the Oliveira de Frades Municipality - binauralmedia.org","twitter:description":"Binaural Nodar was delighted to take part today, March 24, in the Criativ'Arte event organised by the Oliveira de Frades Municipality to celebrate European Creativity Day. On the occasion, we were promoting the Binaural Nodar Digital Archive (http:\/\/www.archive.binauralmedia.org), a project of sound and video recordings from the Viseu D\u00e3o Laf\u00f5es region and surrounding areas, part"},"aioseo_meta_data":{"post_id":"30528","title":null,"description":null,"keywords":null,"keyphrases":null,"primary_term":null,"canonical_url":null,"og_title":null,"og_description":null,"og_object_type":"default","og_image_type":"default","og_image_custom_url":null,"og_image_custom_fields":null,"og_image_url":null,"og_image_width":null,"og_image_height":null,"og_video":null,"og_custom_url":null,"og_article_section":null,"og_article_tags":null,"twitter_use_og":false,"twitter_card":"default","twitter_image_type":"default","twitter_image_custom_url":null,"twitter_image_custom_fields":null,"twitter_image_url":null,"twitter_title":null,"twitter_description":null,"schema_type":"default","schema_type_options":null,"schema":{"blockGraphs":[],"customGraphs":[],"default":{"data":{"Article":[],"Course":[],"Dataset":[],"FAQPage":[],"Movie":[],"Person":[],"Product":[],"ProductReview":[],"Car":[],"Recipe":[],"Service":[],"SoftwareApplication":[],"WebPage":[]},"graphName":"","isEnabled":true},"graphs":[]},"pillar_content":false,"robots_default":true,"robots_noindex":false,"robots_noarchive":false,"robots_nosnippet":false,"robots_nofollow":false,"robots_noimageindex":false,"robots_noodp":false,"robots_notranslate":false,"robots_max_snippet":null,"robots_max_videopreview":null,"robots_max_imagepreview":"large","priority":null,"frequency":null,"local_seo":null,"limit_modified_date":false,"ai":null,"breadcrumb_settings":null,"seo_analyzer_scan_date":null,"created":"2026-08-05 04:01:35","updated":"2026-08-05 04:01:35","focus_keyword":null,"additional_keywords":null,"truseo_locale":null},"aioseo_breadcrumb":"<div class=\"aioseo-breadcrumbs\"><span class=\"aioseo-breadcrumb\">\n\t\t\t<a href=\"https:\/\/www.binauralmedia.org\/news\/en\" title=\"Home\">Home<\/a>\n\t\t<\/span><span class=\"aioseo-breadcrumb-separator\">&raquo;<\/span><span class=\"aioseo-breadcrumb\">\n\t\t\t<a href=\"https:\/\/www.binauralmedia.org\/news\/en\/arquivo\/category\/news-2\" title=\"News\">News<\/a>\n\t\t<\/span><span class=\"aioseo-breadcrumb-separator\">&raquo;<\/span><span class=\"aioseo-breadcrumb\">\n\t\t\tBinaural\/Nodar takes part in Criativ\u2019Arte organised by the Oliveira de Frades Municipality\n\t\t<\/span><\/div>","aioseo_breadcrumb_json":[{"label":"Home","link":"https:\/\/www.binauralmedia.org\/news\/en"},{"label":"News","link":"https:\/\/www.binauralmedia.org\/news\/en\/arquivo\/category\/news-2"},{"label":"Binaural\/Nodar takes part in Criativ&#8217;Arte organised by the Oliveira de Frades Municipality","link":"https:\/\/www.binauralmedia.org\/news\/en\/arquivo\/30528"}],"_links":{"self":[{"href":"https:\/\/www.binauralmedia.org\/news\/en\/wp-json\/wp\/v2\/posts\/30528","targetHints":{"allow":["GET"]}}],"collection":[{"href":"https:\/\/www.binauralmedia.org\/news\/en\/wp-json\/wp\/v2\/posts"}],"about":[{"href":"https:\/\/www.binauralmedia.org\/news\/en\/wp-json\/wp\/v2\/types\/post"}],"author":[{"embeddable":true,"href":"https:\/\/www.binauralmedia.org\/news\/en\/wp-json\/wp\/v2\/users\/2"}],"replies":[{"embeddable":true,"href":"https:\/\/www.binauralmedia.org\/news\/en\/wp-json\/wp\/v2\/comments?post=30528"}],"version-history":[{"count":0,"href":"https:\/\/www.binauralmedia.org\/news\/en\/wp-json\/wp\/v2\/posts\/30528\/revisions"}],"wp:featuredmedia":[{"embeddable":true,"href":"https:\/\/www.binauralmedia.org\/news\/en\/wp-json\/wp\/v2\/media\/15100"}],"wp:attachment":[{"href":"https:\/\/www.binauralmedia.org\/news\/en\/wp-json\/wp\/v2\/media?parent=30528"}],"wp:term":[{"taxonomy":"category","embeddable":true,"href":"https:\/\/www.binauralmedia.org\/news\/en\/wp-json\/wp\/v2\/categories?post=30528"},{"taxonomy":"post_tag","embeddable":true,"href":"https:\/\/www.binauralmedia.org\/news\/en\/wp-json\/wp\/v2\/tags?post=30528"}],"curies":[{"name":"wp","href":"https:\/\/api.w.org\/{rel}","templated":true}]}}