{"id":23709,"date":"2025-05-17T16:22:56","date_gmt":"2025-05-17T16:22:56","guid":{"rendered":"https:\/\/www.binauralmedia.org\/news\/arquivo\/23709"},"modified":"2025-07-12T10:19:20","modified_gmt":"2025-07-12T10:19:20","slug":"a-valorizacao-dos-baldios-de-rebordinho-e-malhadouro-instalacao-audiovisual","status":"publish","type":"post","link":"https:\/\/www.binauralmedia.org\/news\/en\/arquivo\/23709","title":{"rendered":"\u201cThe Valorization of the Common Lands of Rebordinho and Malhadouro\u201d an audiovisual installation by Liliana Silva"},"content":{"rendered":"<div class=\"fusion-fullwidth fullwidth-box fusion-builder-row-1 fusion-flex-container nonhundred-percent-fullwidth non-hundred-percent-height-scrolling\" style=\"--awb-border-radius-top-left:0px;--awb-border-radius-top-right:0px;--awb-border-radius-bottom-right:0px;--awb-border-radius-bottom-left:0px;--awb-flex-wrap:wrap;\" ><div class=\"fusion-builder-row fusion-row fusion-flex-align-items-flex-start fusion-flex-content-wrap\" style=\"max-width:1144px;margin-left: calc(-4% \/ 2 );margin-right: calc(-4% \/ 2 );\"><div class=\"fusion-layout-column fusion_builder_column fusion-builder-column-0 fusion_builder_column_1_1 1_1 fusion-flex-column\" style=\"--awb-bg-size:cover;--awb-width-large:100%;--awb-margin-top-large:0px;--awb-spacing-right-large:1.92%;--awb-margin-bottom-large:0px;--awb-spacing-left-large:1.92%;--awb-width-medium:100%;--awb-spacing-right-medium:1.92%;--awb-spacing-left-medium:1.92%;--awb-width-small:100%;--awb-spacing-right-small:1.92%;--awb-spacing-left-small:1.92%;\"><div class=\"fusion-column-wrapper fusion-flex-justify-content-flex-start fusion-content-layout-column\"><div class=\"fusion-text fusion-text-1\"><p>THE VALORIZATION OF THE COMMON LANDS OF REBORDINHO AND MALHADOURO<br \/>\nAudiovisual Installation<br \/>\nBy Liliana Silva<\/p>\n<p>From May 22 to June 20, 2025<br \/>\nOpening: May 22 at 3:00 p.m.<br \/>\nLaf\u00f5es Cult Lab (Vouzela, Portugal)<\/p>\n<p>A co-production between Binaural Nodar and the Local Community of Rebordinho and Malhadouro Common Lands, with the support of the Munic\u00edpio de Vouzela, the Civil Parish of Campia and co-funded by the Creative Europe program, in the context of the Tramontana Network project.<\/p>\n<p>The audiovisual installation \u201cThe Valorization of the Common Lands of Rebordinho and Malhadouro\u201d is presented following extensive research carried out in the summer of 2024, which included testimonies from former and current leaders, founders, local population and personalities linked to the theme of common land, which is community-owned land whose origins date back to peoples prior to the constitution of the Portuguese nation. In Rebordinho, the first movements towards the establishment of the common land date back to 1978 and were finally realized in March 1994, thus having three decades of activity.<\/p>\n<p>The Local Community of the Common Lands of Rebordinho and Malhadouro and Binaural Nodar would like to thank the people who provided documentation for the exhibition: Amadeu Soares, Ant\u00f3nio Carvalho, Celestino Tavares, Jos\u00e9 Lu\u00eds Tavares, and Regina Soares.<\/p>\n<p>In parallel with the audiovisual installation, the documentary \u201cA Valoriza\u00e7\u00e3o dos Baldios de Rebordinho e Malhadouro\u201d (The Valorization of the Common Lands of Rebordinho and Malhadouro) will be released on social media with subtitles in Portuguese, English, and French, as part of the dissemination of the creative productions of the partners of the European network Tramontana associated with themes such as agro-pastoralism, forest and natural resource management, and social mobility.<\/p>\n<p>Binaural Nodar is a organization supported by the Portuguese Republic \u2013 Culture | Directorate-General for the Arts.<\/p>\n<\/div><\/div><\/div><\/div><\/div>\n","protected":false},"excerpt":{"rendered":"","protected":false},"author":8,"featured_media":23706,"comment_status":"closed","ping_status":"closed","sticky":false,"template":"","format":"standard","meta":{"_acf_changed":false,"_bbp_topic_count":0,"_bbp_reply_count":0,"_bbp_total_topic_count":0,"_bbp_total_reply_count":0,"_bbp_voice_count":0,"_bbp_anonymous_reply_count":0,"_bbp_topic_count_hidden":0,"_bbp_reply_count_hidden":0,"_bbp_forum_subforum_count":0,"footnotes":""},"categories":[1183,1184],"tags":[],"class_list":["post-23709","post","type-post","status-publish","format-standard","has-post-thumbnail","hentry","category-artistic-creations-2","category-news-2"],"acf":[],"aioseo_notices":[],"aioseo_head":"\n\t\t<!-- All in One SEO 5.0.1.1 - aioseo.com -->\n\t<meta name=\"description\" content=\"THE VALORIZATION OF THE COMMON LANDS OF REBORDINHO AND MALHADOURO Audiovisual Installation By Liliana Silva From May 22 to June 20, 2025 Opening: May 22 at 3:00 p.m. Laf\u00f5es Cult Lab (Vouzela, Portugal) A co-production between Binaural Nodar and the Local Community of Rebordinho and Malhadouro Common Lands, with the support of the Munic\u00edpio de\" \/>\n\t<meta name=\"robots\" content=\"max-image-preview:large\" \/>\n\t<meta name=\"author\" content=\"Nely Ferreira\"\/>\n\t<link rel=\"canonical\" href=\"https:\/\/www.binauralmedia.org\/news\/en\/arquivo\/23709\" \/>\n\t<meta name=\"generator\" content=\"All in One SEO (AIOSEO) 5.0.1.1\" \/>\n\t\t<meta property=\"og:locale\" content=\"en_US\" \/>\n\t\t<meta property=\"og:site_name\" content=\"binauralmedia.org - Rural Based Sound\/Media Arts &amp; Social Research\" \/>\n\t\t<meta property=\"og:type\" content=\"article\" \/>\n\t\t<meta property=\"og:title\" content=\"\u201cThe Valorization of the Common Lands of Rebordinho and Malhadouro\u201d an audiovisual installation by Liliana Silva - binauralmedia.org\" \/>\n\t\t<meta property=\"og:description\" content=\"THE VALORIZATION OF THE COMMON LANDS OF REBORDINHO AND MALHADOURO Audiovisual Installation By Liliana Silva From May 22 to June 20, 2025 Opening: May 22 at 3:00 p.m. Laf\u00f5es Cult Lab (Vouzela, Portugal) A co-production between Binaural Nodar and the Local Community of Rebordinho and Malhadouro Common Lands, with the support of the Munic\u00edpio de\" \/>\n\t\t<meta property=\"og:url\" content=\"https:\/\/www.binauralmedia.org\/news\/en\/arquivo\/23709\" \/>\n\t\t<meta property=\"article:published_time\" content=\"2025-05-17T16:22:56+00:00\" \/>\n\t\t<meta property=\"article:modified_time\" content=\"2025-07-12T10:19:20+00:00\" \/>\n\t\t<meta name=\"twitter:card\" content=\"summary_large_image\" \/>\n\t\t<meta name=\"twitter:title\" content=\"\u201cThe Valorization of the Common Lands of Rebordinho and Malhadouro\u201d an audiovisual installation by Liliana Silva - binauralmedia.org\" \/>\n\t\t<meta name=\"twitter:description\" content=\"THE VALORIZATION OF THE COMMON LANDS OF REBORDINHO AND MALHADOURO Audiovisual Installation By Liliana Silva From May 22 to June 20, 2025 Opening: May 22 at 3:00 p.m. Laf\u00f5es Cult Lab (Vouzela, Portugal) A co-production between Binaural Nodar and the Local Community of Rebordinho and Malhadouro Common Lands, with the support of the Munic\u00edpio de\" \/>\n\t\t<script type=\"application\/ld+json\" class=\"aioseo-schema\">\n\t\t\t{\"@context\":\"https:\\\/\\\/schema.org\",\"@graph\":[{\"@type\":\"BlogPosting\",\"@id\":\"https:\\\/\\\/www.binauralmedia.org\\\/news\\\/en\\\/arquivo\\\/23709#blogposting\",\"name\":\"\\u201cThe Valorization of the Common Lands of Rebordinho and Malhadouro\\u201d an audiovisual installation by Liliana Silva - binauralmedia.org\",\"headline\":\"\\u201cThe Valorization of the Common Lands of Rebordinho and Malhadouro\\u201d an audiovisual installation by Liliana Silva\",\"author\":{\"@id\":\"https:\\\/\\\/www.binauralmedia.org\\\/news\\\/en\\\/arquivo\\\/author\\\/nelyferreira#author\"},\"publisher\":{\"@id\":\"https:\\\/\\\/www.binauralmedia.org\\\/news\\\/en\\\/#organization\"},\"image\":{\"@type\":\"ImageObject\",\"url\":\"https:\\\/\\\/www.binauralmedia.org\\\/news\\\/wp-content\\\/uploads\\\/Dgartes-Baldios-de-Rebordinho-Lafoes-Cult-Lab.jpg\",\"width\":2000,\"height\":1333},\"datePublished\":\"2025-05-17T16:22:56+00:00\",\"dateModified\":\"2025-07-12T10:19:20+00:00\",\"inLanguage\":\"en-US\",\"mainEntityOfPage\":{\"@id\":\"https:\\\/\\\/www.binauralmedia.org\\\/news\\\/en\\\/arquivo\\\/23709#webpage\"},\"isPartOf\":{\"@id\":\"https:\\\/\\\/www.binauralmedia.org\\\/news\\\/en\\\/arquivo\\\/23709#webpage\"},\"articleSection\":\"Artistic Creations, News\"},{\"@type\":\"BreadcrumbList\",\"@id\":\"https:\\\/\\\/www.binauralmedia.org\\\/news\\\/en\\\/arquivo\\\/23709#breadcrumblist\",\"itemListElement\":[{\"@type\":\"ListItem\",\"@id\":\"https:\\\/\\\/www.binauralmedia.org\\\/news\\\/en#listItem\",\"position\":1,\"name\":\"Home\",\"item\":\"https:\\\/\\\/www.binauralmedia.org\\\/news\\\/en\",\"nextItem\":{\"@type\":\"ListItem\",\"@id\":\"https:\\\/\\\/www.binauralmedia.org\\\/news\\\/en\\\/arquivo\\\/category\\\/artistic-creations-2#listItem\",\"name\":\"Artistic Creations\"}},{\"@type\":\"ListItem\",\"@id\":\"https:\\\/\\\/www.binauralmedia.org\\\/news\\\/en\\\/arquivo\\\/category\\\/artistic-creations-2#listItem\",\"position\":2,\"name\":\"Artistic Creations\",\"item\":\"https:\\\/\\\/www.binauralmedia.org\\\/news\\\/en\\\/arquivo\\\/category\\\/artistic-creations-2\",\"nextItem\":{\"@type\":\"ListItem\",\"@id\":\"https:\\\/\\\/www.binauralmedia.org\\\/news\\\/en\\\/arquivo\\\/23709#listItem\",\"name\":\"\\u201cThe Valorization of the Common Lands of Rebordinho and Malhadouro\\u201d an audiovisual installation by Liliana Silva\"},\"previousItem\":{\"@type\":\"ListItem\",\"@id\":\"https:\\\/\\\/www.binauralmedia.org\\\/news\\\/en#listItem\",\"name\":\"Home\"}},{\"@type\":\"ListItem\",\"@id\":\"https:\\\/\\\/www.binauralmedia.org\\\/news\\\/en\\\/arquivo\\\/23709#listItem\",\"position\":3,\"name\":\"\\u201cThe Valorization of the Common Lands of Rebordinho and Malhadouro\\u201d an audiovisual installation by Liliana Silva\",\"previousItem\":{\"@type\":\"ListItem\",\"@id\":\"https:\\\/\\\/www.binauralmedia.org\\\/news\\\/en\\\/arquivo\\\/category\\\/artistic-creations-2#listItem\",\"name\":\"Artistic Creations\"}}]},{\"@type\":\"Organization\",\"@id\":\"https:\\\/\\\/www.binauralmedia.org\\\/news\\\/en\\\/#organization\",\"name\":\"binauralmedia.org\",\"description\":\"Rural Based Sound\\\/Media Arts & Social Research\",\"url\":\"https:\\\/\\\/www.binauralmedia.org\\\/news\\\/en\\\/\"},{\"@type\":\"Person\",\"@id\":\"https:\\\/\\\/www.binauralmedia.org\\\/news\\\/en\\\/arquivo\\\/author\\\/nelyferreira#author\",\"url\":\"https:\\\/\\\/www.binauralmedia.org\\\/news\\\/en\\\/arquivo\\\/author\\\/nelyferreira\",\"name\":\"Nely Ferreira\"},{\"@type\":\"WebPage\",\"@id\":\"https:\\\/\\\/www.binauralmedia.org\\\/news\\\/en\\\/arquivo\\\/23709#webpage\",\"url\":\"https:\\\/\\\/www.binauralmedia.org\\\/news\\\/en\\\/arquivo\\\/23709\",\"name\":\"\\u201cThe Valorization of the Common Lands of Rebordinho and Malhadouro\\u201d an audiovisual installation by Liliana Silva - binauralmedia.org\",\"description\":\"THE VALORIZATION OF THE COMMON LANDS OF REBORDINHO AND MALHADOURO Audiovisual Installation By Liliana Silva From May 22 to June 20, 2025 Opening: May 22 at 3:00 p.m. Laf\\u00f5es Cult Lab (Vouzela, Portugal) A co-production between Binaural Nodar and the Local Community of Rebordinho and Malhadouro Common Lands, with the support of the Munic\\u00edpio de\",\"inLanguage\":\"en-US\",\"isPartOf\":{\"@id\":\"https:\\\/\\\/www.binauralmedia.org\\\/news\\\/en\\\/#website\"},\"breadcrumb\":{\"@id\":\"https:\\\/\\\/www.binauralmedia.org\\\/news\\\/en\\\/arquivo\\\/23709#breadcrumblist\"},\"author\":{\"@id\":\"https:\\\/\\\/www.binauralmedia.org\\\/news\\\/en\\\/arquivo\\\/author\\\/nelyferreira#author\"},\"creator\":{\"@id\":\"https:\\\/\\\/www.binauralmedia.org\\\/news\\\/en\\\/arquivo\\\/author\\\/nelyferreira#author\"},\"image\":{\"@type\":\"ImageObject\",\"url\":\"https:\\\/\\\/www.binauralmedia.org\\\/news\\\/wp-content\\\/uploads\\\/Dgartes-Baldios-de-Rebordinho-Lafoes-Cult-Lab.jpg\",\"@id\":\"https:\\\/\\\/www.binauralmedia.org\\\/news\\\/en\\\/arquivo\\\/23709\\\/#mainImage\",\"width\":2000,\"height\":1333},\"primaryImageOfPage\":{\"@id\":\"https:\\\/\\\/www.binauralmedia.org\\\/news\\\/en\\\/arquivo\\\/23709#mainImage\"},\"datePublished\":\"2025-05-17T16:22:56+00:00\",\"dateModified\":\"2025-07-12T10:19:20+00:00\"},{\"@type\":\"WebSite\",\"@id\":\"https:\\\/\\\/www.binauralmedia.org\\\/news\\\/en\\\/#website\",\"url\":\"https:\\\/\\\/www.binauralmedia.org\\\/news\\\/en\\\/\",\"name\":\"binauralmedia.org\",\"description\":\"Rural Based Sound\\\/Media Arts & Social Research\",\"inLanguage\":\"en-US\",\"publisher\":{\"@id\":\"https:\\\/\\\/www.binauralmedia.org\\\/news\\\/en\\\/#organization\"}}]}\n\t\t<\/script>\n\t\t<!-- All in One SEO -->\n\n","aioseo_head_json":{"title":"\u201cThe Valorization of the Common Lands of Rebordinho and Malhadouro\u201d an audiovisual installation by Liliana Silva - binauralmedia.org","description":"THE VALORIZATION OF THE COMMON LANDS OF REBORDINHO AND MALHADOURO Audiovisual Installation By Liliana Silva From May 22 to June 20, 2025 Opening: May 22 at 3:00 p.m. Laf\u00f5es Cult Lab (Vouzela, Portugal) A co-production between Binaural Nodar and the Local Community of Rebordinho and Malhadouro Common Lands, with the support of the Munic\u00edpio de","canonical_url":"https:\/\/www.binauralmedia.org\/news\/en\/arquivo\/23709","robots":"max-image-preview:large","keywords":"","webmasterTools":{"miscellaneous":""},"schema":{"@context":"https:\/\/schema.org","@graph":[{"@type":"BlogPosting","@id":"https:\/\/www.binauralmedia.org\/news\/en\/arquivo\/23709#blogposting","name":"\u201cThe Valorization of the Common Lands of Rebordinho and Malhadouro\u201d an audiovisual installation by Liliana Silva - binauralmedia.org","headline":"\u201cThe Valorization of the Common Lands of Rebordinho and Malhadouro\u201d an audiovisual installation by Liliana Silva","author":{"@id":"https:\/\/www.binauralmedia.org\/news\/en\/arquivo\/author\/nelyferreira#author"},"publisher":{"@id":"https:\/\/www.binauralmedia.org\/news\/en\/#organization"},"image":{"@type":"ImageObject","url":"https:\/\/www.binauralmedia.org\/news\/wp-content\/uploads\/Dgartes-Baldios-de-Rebordinho-Lafoes-Cult-Lab.jpg","width":2000,"height":1333},"datePublished":"2025-05-17T16:22:56+00:00","dateModified":"2025-07-12T10:19:20+00:00","inLanguage":"en-US","mainEntityOfPage":{"@id":"https:\/\/www.binauralmedia.org\/news\/en\/arquivo\/23709#webpage"},"isPartOf":{"@id":"https:\/\/www.binauralmedia.org\/news\/en\/arquivo\/23709#webpage"},"articleSection":"Artistic Creations, News"},{"@type":"BreadcrumbList","@id":"https:\/\/www.binauralmedia.org\/news\/en\/arquivo\/23709#breadcrumblist","itemListElement":[{"@type":"ListItem","@id":"https:\/\/www.binauralmedia.org\/news\/en#listItem","position":1,"name":"Home","item":"https:\/\/www.binauralmedia.org\/news\/en","nextItem":{"@type":"ListItem","@id":"https:\/\/www.binauralmedia.org\/news\/en\/arquivo\/category\/artistic-creations-2#listItem","name":"Artistic Creations"}},{"@type":"ListItem","@id":"https:\/\/www.binauralmedia.org\/news\/en\/arquivo\/category\/artistic-creations-2#listItem","position":2,"name":"Artistic Creations","item":"https:\/\/www.binauralmedia.org\/news\/en\/arquivo\/category\/artistic-creations-2","nextItem":{"@type":"ListItem","@id":"https:\/\/www.binauralmedia.org\/news\/en\/arquivo\/23709#listItem","name":"\u201cThe Valorization of the Common Lands of Rebordinho and Malhadouro\u201d an audiovisual installation by Liliana Silva"},"previousItem":{"@type":"ListItem","@id":"https:\/\/www.binauralmedia.org\/news\/en#listItem","name":"Home"}},{"@type":"ListItem","@id":"https:\/\/www.binauralmedia.org\/news\/en\/arquivo\/23709#listItem","position":3,"name":"\u201cThe Valorization of the Common Lands of Rebordinho and Malhadouro\u201d an audiovisual installation by Liliana Silva","previousItem":{"@type":"ListItem","@id":"https:\/\/www.binauralmedia.org\/news\/en\/arquivo\/category\/artistic-creations-2#listItem","name":"Artistic Creations"}}]},{"@type":"Organization","@id":"https:\/\/www.binauralmedia.org\/news\/en\/#organization","name":"binauralmedia.org","description":"Rural Based Sound\/Media Arts & Social Research","url":"https:\/\/www.binauralmedia.org\/news\/en\/"},{"@type":"Person","@id":"https:\/\/www.binauralmedia.org\/news\/en\/arquivo\/author\/nelyferreira#author","url":"https:\/\/www.binauralmedia.org\/news\/en\/arquivo\/author\/nelyferreira","name":"Nely Ferreira"},{"@type":"WebPage","@id":"https:\/\/www.binauralmedia.org\/news\/en\/arquivo\/23709#webpage","url":"https:\/\/www.binauralmedia.org\/news\/en\/arquivo\/23709","name":"\u201cThe Valorization of the Common Lands of Rebordinho and Malhadouro\u201d an audiovisual installation by Liliana Silva - binauralmedia.org","description":"THE VALORIZATION OF THE COMMON LANDS OF REBORDINHO AND MALHADOURO Audiovisual Installation By Liliana Silva From May 22 to June 20, 2025 Opening: May 22 at 3:00 p.m. Laf\u00f5es Cult Lab (Vouzela, Portugal) A co-production between Binaural Nodar and the Local Community of Rebordinho and Malhadouro Common Lands, with the support of the Munic\u00edpio de","inLanguage":"en-US","isPartOf":{"@id":"https:\/\/www.binauralmedia.org\/news\/en\/#website"},"breadcrumb":{"@id":"https:\/\/www.binauralmedia.org\/news\/en\/arquivo\/23709#breadcrumblist"},"author":{"@id":"https:\/\/www.binauralmedia.org\/news\/en\/arquivo\/author\/nelyferreira#author"},"creator":{"@id":"https:\/\/www.binauralmedia.org\/news\/en\/arquivo\/author\/nelyferreira#author"},"image":{"@type":"ImageObject","url":"https:\/\/www.binauralmedia.org\/news\/wp-content\/uploads\/Dgartes-Baldios-de-Rebordinho-Lafoes-Cult-Lab.jpg","@id":"https:\/\/www.binauralmedia.org\/news\/en\/arquivo\/23709\/#mainImage","width":2000,"height":1333},"primaryImageOfPage":{"@id":"https:\/\/www.binauralmedia.org\/news\/en\/arquivo\/23709#mainImage"},"datePublished":"2025-05-17T16:22:56+00:00","dateModified":"2025-07-12T10:19:20+00:00"},{"@type":"WebSite","@id":"https:\/\/www.binauralmedia.org\/news\/en\/#website","url":"https:\/\/www.binauralmedia.org\/news\/en\/","name":"binauralmedia.org","description":"Rural Based Sound\/Media Arts & Social Research","inLanguage":"en-US","publisher":{"@id":"https:\/\/www.binauralmedia.org\/news\/en\/#organization"}}]},"og:locale":"en_US","og:site_name":"binauralmedia.org - Rural Based Sound\/Media Arts &amp; Social Research","og:type":"article","og:title":"\u201cThe Valorization of the Common Lands of Rebordinho and Malhadouro\u201d an audiovisual installation by Liliana Silva - binauralmedia.org","og:description":"THE VALORIZATION OF THE COMMON LANDS OF REBORDINHO AND MALHADOURO Audiovisual Installation By Liliana Silva From May 22 to June 20, 2025 Opening: May 22 at 3:00 p.m. Laf\u00f5es Cult Lab (Vouzela, Portugal) A co-production between Binaural Nodar and the Local Community of Rebordinho and Malhadouro Common Lands, with the support of the Munic\u00edpio de","og:url":"https:\/\/www.binauralmedia.org\/news\/en\/arquivo\/23709","article:published_time":"2025-05-17T16:22:56+00:00","article:modified_time":"2025-07-12T10:19:20+00:00","twitter:card":"summary_large_image","twitter:title":"\u201cThe Valorization of the Common Lands of Rebordinho and Malhadouro\u201d an audiovisual installation by Liliana Silva - binauralmedia.org","twitter:description":"THE VALORIZATION OF THE COMMON LANDS OF REBORDINHO AND MALHADOURO Audiovisual Installation By Liliana Silva From May 22 to June 20, 2025 Opening: May 22 at 3:00 p.m. Laf\u00f5es Cult Lab (Vouzela, Portugal) A co-production between Binaural Nodar and the Local Community of Rebordinho and Malhadouro Common Lands, with the support of the Munic\u00edpio de"},"aioseo_meta_data":{"post_id":"23709","title":null,"description":null,"keywords":null,"keyphrases":null,"primary_term":null,"canonical_url":null,"og_title":null,"og_description":null,"og_object_type":"default","og_image_type":"default","og_image_custom_url":null,"og_image_custom_fields":null,"og_image_url":null,"og_image_width":null,"og_image_height":null,"og_video":null,"og_custom_url":null,"og_article_section":null,"og_article_tags":null,"twitter_use_og":false,"twitter_card":"default","twitter_image_type":"default","twitter_image_custom_url":null,"twitter_image_custom_fields":null,"twitter_image_url":null,"twitter_title":null,"twitter_description":null,"schema_type":"default","schema_type_options":null,"schema":{"blockGraphs":[],"customGraphs":[],"default":{"data":{"Article":[],"Course":[],"Dataset":[],"FAQPage":[],"Movie":[],"Person":[],"Product":[],"ProductReview":[],"Car":[],"Recipe":[],"Service":[],"SoftwareApplication":[],"WebPage":[]},"graphName":"","isEnabled":true},"graphs":[]},"pillar_content":false,"robots_default":true,"robots_noindex":false,"robots_noarchive":false,"robots_nosnippet":false,"robots_nofollow":false,"robots_noimageindex":false,"robots_noodp":false,"robots_notranslate":false,"robots_max_snippet":null,"robots_max_videopreview":null,"robots_max_imagepreview":"large","priority":null,"frequency":null,"local_seo":null,"limit_modified_date":false,"ai":null,"breadcrumb_settings":null,"seo_analyzer_scan_date":null,"created":"2026-08-05 08:01:20","updated":"2026-08-05 08:01:20","focus_keyword":null,"additional_keywords":null,"truseo_locale":null},"aioseo_breadcrumb":"<div class=\"aioseo-breadcrumbs\"><span class=\"aioseo-breadcrumb\">\n\t\t\t<a href=\"https:\/\/www.binauralmedia.org\/news\/en\" title=\"Home\">Home<\/a>\n\t\t<\/span><span class=\"aioseo-breadcrumb-separator\">&raquo;<\/span><span class=\"aioseo-breadcrumb\">\n\t\t\t<a href=\"https:\/\/www.binauralmedia.org\/news\/en\/arquivo\/category\/artistic-creations-2\" title=\"Artistic Creations\">Artistic Creations<\/a>\n\t\t<\/span><span class=\"aioseo-breadcrumb-separator\">&raquo;<\/span><span class=\"aioseo-breadcrumb\">\n\t\t\t\u201cThe Valorization of the Common Lands of Rebordinho and Malhadouro\u201d an audiovisual installation by Liliana Silva\n\t\t<\/span><\/div>","aioseo_breadcrumb_json":[{"label":"Home","link":"https:\/\/www.binauralmedia.org\/news\/en"},{"label":"Artistic Creations","link":"https:\/\/www.binauralmedia.org\/news\/en\/arquivo\/category\/artistic-creations-2"},{"label":"\u201cThe Valorization of the Common Lands of Rebordinho and Malhadouro\u201d an audiovisual installation by Liliana Silva","link":"https:\/\/www.binauralmedia.org\/news\/en\/arquivo\/23709"}],"_links":{"self":[{"href":"https:\/\/www.binauralmedia.org\/news\/en\/wp-json\/wp\/v2\/posts\/23709","targetHints":{"allow":["GET"]}}],"collection":[{"href":"https:\/\/www.binauralmedia.org\/news\/en\/wp-json\/wp\/v2\/posts"}],"about":[{"href":"https:\/\/www.binauralmedia.org\/news\/en\/wp-json\/wp\/v2\/types\/post"}],"author":[{"embeddable":true,"href":"https:\/\/www.binauralmedia.org\/news\/en\/wp-json\/wp\/v2\/users\/8"}],"replies":[{"embeddable":true,"href":"https:\/\/www.binauralmedia.org\/news\/en\/wp-json\/wp\/v2\/comments?post=23709"}],"version-history":[{"count":4,"href":"https:\/\/www.binauralmedia.org\/news\/en\/wp-json\/wp\/v2\/posts\/23709\/revisions"}],"predecessor-version":[{"id":23857,"href":"https:\/\/www.binauralmedia.org\/news\/en\/wp-json\/wp\/v2\/posts\/23709\/revisions\/23857"}],"wp:featuredmedia":[{"embeddable":true,"href":"https:\/\/www.binauralmedia.org\/news\/en\/wp-json\/wp\/v2\/media\/23706"}],"wp:attachment":[{"href":"https:\/\/www.binauralmedia.org\/news\/en\/wp-json\/wp\/v2\/media?parent=23709"}],"wp:term":[{"taxonomy":"category","embeddable":true,"href":"https:\/\/www.binauralmedia.org\/news\/en\/wp-json\/wp\/v2\/categories?post=23709"},{"taxonomy":"post_tag","embeddable":true,"href":"https:\/\/www.binauralmedia.org\/news\/en\/wp-json\/wp\/v2\/tags?post=23709"}],"curies":[{"name":"wp","href":"https:\/\/api.w.org\/{rel}","templated":true}]}}