{"id":21538,"date":"2024-06-24T11:10:15","date_gmt":"2024-06-24T11:10:15","guid":{"rendered":"https:\/\/www.binauralmedia.org\/news\/arquivo\/21538"},"modified":"2024-10-23T17:11:23","modified_gmt":"2024-10-23T17:11:23","slug":"evento-artistico-e-comunitario-em-vermilhas","status":"publish","type":"post","link":"https:\/\/www.binauralmedia.org\/news\/en\/arquivo\/21538","title":{"rendered":"Artistic and community event in Vermilhas"},"content":{"rendered":"<div class=\"fusion-fullwidth fullwidth-box fusion-builder-row-1 fusion-flex-container nonhundred-percent-fullwidth non-hundred-percent-height-scrolling\" style=\"--awb-border-radius-top-left:0px;--awb-border-radius-top-right:0px;--awb-border-radius-bottom-right:0px;--awb-border-radius-bottom-left:0px;--awb-flex-wrap:wrap;\" ><div class=\"fusion-builder-row fusion-row fusion-flex-align-items-flex-start fusion-flex-content-wrap\" style=\"max-width:1144px;margin-left: calc(-4% \/ 2 );margin-right: calc(-4% \/ 2 );\"><div class=\"fusion-layout-column fusion_builder_column fusion-builder-column-0 fusion_builder_column_1_1 1_1 fusion-flex-column\" style=\"--awb-bg-size:cover;--awb-width-large:100%;--awb-margin-top-large:0px;--awb-spacing-right-large:1.92%;--awb-margin-bottom-large:0px;--awb-spacing-left-large:1.92%;--awb-width-medium:100%;--awb-spacing-right-medium:1.92%;--awb-spacing-left-medium:1.92%;--awb-width-small:100%;--awb-spacing-right-small:1.92%;--awb-spacing-left-small:1.92%;\"><div class=\"fusion-column-wrapper fusion-flex-justify-content-flex-start fusion-content-layout-column\"><div class=\"fusion-text fusion-text-1\"><p>THE SINGING OF THE SPRINGS<br \/>\nArtistic and Community Event<br \/>\nSaturday 29th June | 07.00 pm<br \/>\nVermilhas (Vouzela)<br \/>\nMeeting point: Caf\u00e9 Flor da Serra (Vermilhas)<\/p>\n<p>Presentation of artistic projects by Mila Pani\u0107 (Bosnia-Herzegovina), Christina Tsantekidou (Greece) &amp; Daniel Lercher (Austria).<\/p>\n<p>Screening of short films &#8220;\u00c1gua Mole&#8221; by Laura Gon\u00e7alves and Alexandra Ramires and &#8220;Miseric\u00f3rdia&#8221; by Gon\u00e7alo Loureiro.<\/p>\n<p>Organised by Binaural Nodar with the support of the Municipality of Vouzela, the civil parish union of Cambra and Carvalhal de Vermilhas and the Carvalhal de Vermilhas Recreational and Cultural Association.<\/p>\n<p>Following the first artist residency of \u201cThe singing of springs&#8221; cycle of artist residencies, the theme of which is the ancestral relationship between rural communities and vernacular forms of water management, an artistic and community event will be held in the village of Vermilhas (Vouzela) to present the artistic projects created over the last two weeks by Mila Pani\u0107, Christina Tsantekidou and Daniel Lercher, including three sound installations, a collective performance action and a photographic installation.<\/p>\n<p>This event will feature a partnership with the Cine Clube de Viseu, materialised in the screening of two short films that relate to the theme of the artist residency: &#8220;\u00c1gua Mole&#8221;, an animated short by Laura Gon\u00e7alves and Alexandra Ramires and &#8220;Miseric\u00f3rdia&#8221;, a fiction short by Gon\u00e7alo Loureiro, filmed in the municipalities of Vouzela and Oliveira de Frades.<\/p>\n<p style=\"font-weight: 400;\">Binaural Nodar is a cultural organization supported by the Portuguese Republic \u2013 Culture | Directorate-General for the Arts.<\/p>\n<\/div><\/div><\/div><\/div><\/div>\n","protected":false},"excerpt":{"rendered":"","protected":false},"author":8,"featured_media":21535,"comment_status":"closed","ping_status":"closed","sticky":false,"template":"","format":"standard","meta":{"_acf_changed":false,"_bbp_topic_count":0,"_bbp_reply_count":0,"_bbp_total_topic_count":0,"_bbp_total_reply_count":0,"_bbp_voice_count":0,"_bbp_anonymous_reply_count":0,"_bbp_topic_count_hidden":0,"_bbp_reply_count_hidden":0,"_bbp_forum_subforum_count":0,"footnotes":""},"categories":[1197,1184],"tags":[],"class_list":["post-21538","post","type-post","status-publish","format-standard","has-post-thumbnail","hentry","category-artist-residencies-en","category-news-2"],"acf":[],"aioseo_notices":[],"aioseo_head":"\n\t\t<!-- All in One SEO 5.0.1.1 - aioseo.com -->\n\t<meta name=\"description\" content=\"THE SINGING OF THE SPRINGS Artistic and Community Event Saturday 29th June | 07.00 pm Vermilhas (Vouzela) Meeting point: Caf\u00e9 Flor da Serra (Vermilhas) Presentation of artistic projects by Mila Pani\u0107 (Bosnia-Herzegovina), Christina Tsantekidou (Greece) &amp; Daniel Lercher (Austria). Screening of short films \u201c\u00c1gua Mole\u201d by Laura Gon\u00e7alves and Alexandra Ramires and \u201cMiseric\u00f3rdia\u201d by Gon\u00e7alo\" \/>\n\t<meta name=\"robots\" content=\"max-image-preview:large\" \/>\n\t<meta name=\"author\" content=\"Nely Ferreira\"\/>\n\t<link rel=\"canonical\" href=\"https:\/\/www.binauralmedia.org\/news\/en\/arquivo\/21538\" \/>\n\t<meta name=\"generator\" content=\"All in One SEO (AIOSEO) 5.0.1.1\" \/>\n\t\t<meta property=\"og:locale\" content=\"en_US\" \/>\n\t\t<meta property=\"og:site_name\" content=\"binauralmedia.org - Rural Based Sound\/Media Arts &amp; Social Research\" \/>\n\t\t<meta property=\"og:type\" content=\"article\" \/>\n\t\t<meta property=\"og:title\" content=\"Artistic and community event in Vermilhas - binauralmedia.org\" \/>\n\t\t<meta property=\"og:description\" content=\"THE SINGING OF THE SPRINGS Artistic and Community Event Saturday 29th June | 07.00 pm Vermilhas (Vouzela) Meeting point: Caf\u00e9 Flor da Serra (Vermilhas) Presentation of artistic projects by Mila Pani\u0107 (Bosnia-Herzegovina), Christina Tsantekidou (Greece) &amp; Daniel Lercher (Austria). Screening of short films \u201c\u00c1gua Mole\u201d by Laura Gon\u00e7alves and Alexandra Ramires and \u201cMiseric\u00f3rdia\u201d by Gon\u00e7alo\" \/>\n\t\t<meta property=\"og:url\" content=\"https:\/\/www.binauralmedia.org\/news\/en\/arquivo\/21538\" \/>\n\t\t<meta property=\"article:published_time\" content=\"2024-06-24T11:10:15+00:00\" \/>\n\t\t<meta property=\"article:modified_time\" content=\"2024-10-23T17:11:23+00:00\" \/>\n\t\t<meta name=\"twitter:card\" content=\"summary_large_image\" \/>\n\t\t<meta name=\"twitter:title\" content=\"Artistic and community event in Vermilhas - binauralmedia.org\" \/>\n\t\t<meta name=\"twitter:description\" content=\"THE SINGING OF THE SPRINGS Artistic and Community Event Saturday 29th June | 07.00 pm Vermilhas (Vouzela) Meeting point: Caf\u00e9 Flor da Serra (Vermilhas) Presentation of artistic projects by Mila Pani\u0107 (Bosnia-Herzegovina), Christina Tsantekidou (Greece) &amp; Daniel Lercher (Austria). Screening of short films \u201c\u00c1gua Mole\u201d by Laura Gon\u00e7alves and Alexandra Ramires and \u201cMiseric\u00f3rdia\u201d by Gon\u00e7alo\" \/>\n\t\t<script type=\"application\/ld+json\" class=\"aioseo-schema\">\n\t\t\t{\"@context\":\"https:\\\/\\\/schema.org\",\"@graph\":[{\"@type\":\"BlogPosting\",\"@id\":\"https:\\\/\\\/www.binauralmedia.org\\\/news\\\/en\\\/arquivo\\\/21538#blogposting\",\"name\":\"Artistic and community event in Vermilhas - binauralmedia.org\",\"headline\":\"Artistic and community event in Vermilhas\",\"author\":{\"@id\":\"https:\\\/\\\/www.binauralmedia.org\\\/news\\\/en\\\/arquivo\\\/author\\\/nelyferreira#author\"},\"publisher\":{\"@id\":\"https:\\\/\\\/www.binauralmedia.org\\\/news\\\/en\\\/#organization\"},\"image\":{\"@type\":\"ImageObject\",\"url\":\"https:\\\/\\\/www.binauralmedia.org\\\/news\\\/wp-content\\\/uploads\\\/20240621-Residencia-O-Cantar-das-Nascentes-Carvalhal-de-Vermilhas-Vouzela-P1530560.png\",\"width\":1200,\"height\":800},\"datePublished\":\"2024-06-24T11:10:15+00:00\",\"dateModified\":\"2024-10-23T17:11:23+00:00\",\"inLanguage\":\"en-US\",\"mainEntityOfPage\":{\"@id\":\"https:\\\/\\\/www.binauralmedia.org\\\/news\\\/en\\\/arquivo\\\/21538#webpage\"},\"isPartOf\":{\"@id\":\"https:\\\/\\\/www.binauralmedia.org\\\/news\\\/en\\\/arquivo\\\/21538#webpage\"},\"articleSection\":\"Artist Residencies, News, Optional\"},{\"@type\":\"BreadcrumbList\",\"@id\":\"https:\\\/\\\/www.binauralmedia.org\\\/news\\\/en\\\/arquivo\\\/21538#breadcrumblist\",\"itemListElement\":[{\"@type\":\"ListItem\",\"@id\":\"https:\\\/\\\/www.binauralmedia.org\\\/news\\\/en#listItem\",\"position\":1,\"name\":\"Home\",\"item\":\"https:\\\/\\\/www.binauralmedia.org\\\/news\\\/en\",\"nextItem\":{\"@type\":\"ListItem\",\"@id\":\"https:\\\/\\\/www.binauralmedia.org\\\/news\\\/en\\\/arquivo\\\/category\\\/news-2#listItem\",\"name\":\"News\"}},{\"@type\":\"ListItem\",\"@id\":\"https:\\\/\\\/www.binauralmedia.org\\\/news\\\/en\\\/arquivo\\\/category\\\/news-2#listItem\",\"position\":2,\"name\":\"News\",\"item\":\"https:\\\/\\\/www.binauralmedia.org\\\/news\\\/en\\\/arquivo\\\/category\\\/news-2\",\"nextItem\":{\"@type\":\"ListItem\",\"@id\":\"https:\\\/\\\/www.binauralmedia.org\\\/news\\\/en\\\/arquivo\\\/21538#listItem\",\"name\":\"Artistic and community event in Vermilhas\"},\"previousItem\":{\"@type\":\"ListItem\",\"@id\":\"https:\\\/\\\/www.binauralmedia.org\\\/news\\\/en#listItem\",\"name\":\"Home\"}},{\"@type\":\"ListItem\",\"@id\":\"https:\\\/\\\/www.binauralmedia.org\\\/news\\\/en\\\/arquivo\\\/21538#listItem\",\"position\":3,\"name\":\"Artistic and community event in Vermilhas\",\"previousItem\":{\"@type\":\"ListItem\",\"@id\":\"https:\\\/\\\/www.binauralmedia.org\\\/news\\\/en\\\/arquivo\\\/category\\\/news-2#listItem\",\"name\":\"News\"}}]},{\"@type\":\"Organization\",\"@id\":\"https:\\\/\\\/www.binauralmedia.org\\\/news\\\/en\\\/#organization\",\"name\":\"binauralmedia.org\",\"description\":\"Rural Based Sound\\\/Media Arts & Social Research\",\"url\":\"https:\\\/\\\/www.binauralmedia.org\\\/news\\\/en\\\/\"},{\"@type\":\"Person\",\"@id\":\"https:\\\/\\\/www.binauralmedia.org\\\/news\\\/en\\\/arquivo\\\/author\\\/nelyferreira#author\",\"url\":\"https:\\\/\\\/www.binauralmedia.org\\\/news\\\/en\\\/arquivo\\\/author\\\/nelyferreira\",\"name\":\"Nely Ferreira\"},{\"@type\":\"WebPage\",\"@id\":\"https:\\\/\\\/www.binauralmedia.org\\\/news\\\/en\\\/arquivo\\\/21538#webpage\",\"url\":\"https:\\\/\\\/www.binauralmedia.org\\\/news\\\/en\\\/arquivo\\\/21538\",\"name\":\"Artistic and community event in Vermilhas - binauralmedia.org\",\"description\":\"THE SINGING OF THE SPRINGS Artistic and Community Event Saturday 29th June | 07.00 pm Vermilhas (Vouzela) Meeting point: Caf\\u00e9 Flor da Serra (Vermilhas) Presentation of artistic projects by Mila Pani\\u0107 (Bosnia-Herzegovina), Christina Tsantekidou (Greece) & Daniel Lercher (Austria). Screening of short films \\u201c\\u00c1gua Mole\\u201d by Laura Gon\\u00e7alves and Alexandra Ramires and \\u201cMiseric\\u00f3rdia\\u201d by Gon\\u00e7alo\",\"inLanguage\":\"en-US\",\"isPartOf\":{\"@id\":\"https:\\\/\\\/www.binauralmedia.org\\\/news\\\/en\\\/#website\"},\"breadcrumb\":{\"@id\":\"https:\\\/\\\/www.binauralmedia.org\\\/news\\\/en\\\/arquivo\\\/21538#breadcrumblist\"},\"author\":{\"@id\":\"https:\\\/\\\/www.binauralmedia.org\\\/news\\\/en\\\/arquivo\\\/author\\\/nelyferreira#author\"},\"creator\":{\"@id\":\"https:\\\/\\\/www.binauralmedia.org\\\/news\\\/en\\\/arquivo\\\/author\\\/nelyferreira#author\"},\"image\":{\"@type\":\"ImageObject\",\"url\":\"https:\\\/\\\/www.binauralmedia.org\\\/news\\\/wp-content\\\/uploads\\\/20240621-Residencia-O-Cantar-das-Nascentes-Carvalhal-de-Vermilhas-Vouzela-P1530560.png\",\"@id\":\"https:\\\/\\\/www.binauralmedia.org\\\/news\\\/en\\\/arquivo\\\/21538\\\/#mainImage\",\"width\":1200,\"height\":800},\"primaryImageOfPage\":{\"@id\":\"https:\\\/\\\/www.binauralmedia.org\\\/news\\\/en\\\/arquivo\\\/21538#mainImage\"},\"datePublished\":\"2024-06-24T11:10:15+00:00\",\"dateModified\":\"2024-10-23T17:11:23+00:00\"},{\"@type\":\"WebSite\",\"@id\":\"https:\\\/\\\/www.binauralmedia.org\\\/news\\\/en\\\/#website\",\"url\":\"https:\\\/\\\/www.binauralmedia.org\\\/news\\\/en\\\/\",\"name\":\"binauralmedia.org\",\"description\":\"Rural Based Sound\\\/Media Arts & Social Research\",\"inLanguage\":\"en-US\",\"publisher\":{\"@id\":\"https:\\\/\\\/www.binauralmedia.org\\\/news\\\/en\\\/#organization\"}}]}\n\t\t<\/script>\n\t\t<!-- All in One SEO -->\n\n","aioseo_head_json":{"title":"Artistic and community event in Vermilhas - binauralmedia.org","description":"THE SINGING OF THE SPRINGS Artistic and Community Event Saturday 29th June | 07.00 pm Vermilhas (Vouzela) Meeting point: Caf\u00e9 Flor da Serra (Vermilhas) Presentation of artistic projects by Mila Pani\u0107 (Bosnia-Herzegovina), Christina Tsantekidou (Greece) & Daniel Lercher (Austria). Screening of short films \u201c\u00c1gua Mole\u201d by Laura Gon\u00e7alves and Alexandra Ramires and \u201cMiseric\u00f3rdia\u201d by Gon\u00e7alo","canonical_url":"https:\/\/www.binauralmedia.org\/news\/en\/arquivo\/21538","robots":"max-image-preview:large","keywords":"","webmasterTools":{"miscellaneous":""},"schema":{"@context":"https:\/\/schema.org","@graph":[{"@type":"BlogPosting","@id":"https:\/\/www.binauralmedia.org\/news\/en\/arquivo\/21538#blogposting","name":"Artistic and community event in Vermilhas - binauralmedia.org","headline":"Artistic and community event in Vermilhas","author":{"@id":"https:\/\/www.binauralmedia.org\/news\/en\/arquivo\/author\/nelyferreira#author"},"publisher":{"@id":"https:\/\/www.binauralmedia.org\/news\/en\/#organization"},"image":{"@type":"ImageObject","url":"https:\/\/www.binauralmedia.org\/news\/wp-content\/uploads\/20240621-Residencia-O-Cantar-das-Nascentes-Carvalhal-de-Vermilhas-Vouzela-P1530560.png","width":1200,"height":800},"datePublished":"2024-06-24T11:10:15+00:00","dateModified":"2024-10-23T17:11:23+00:00","inLanguage":"en-US","mainEntityOfPage":{"@id":"https:\/\/www.binauralmedia.org\/news\/en\/arquivo\/21538#webpage"},"isPartOf":{"@id":"https:\/\/www.binauralmedia.org\/news\/en\/arquivo\/21538#webpage"},"articleSection":"Artist Residencies, News, Optional"},{"@type":"BreadcrumbList","@id":"https:\/\/www.binauralmedia.org\/news\/en\/arquivo\/21538#breadcrumblist","itemListElement":[{"@type":"ListItem","@id":"https:\/\/www.binauralmedia.org\/news\/en#listItem","position":1,"name":"Home","item":"https:\/\/www.binauralmedia.org\/news\/en","nextItem":{"@type":"ListItem","@id":"https:\/\/www.binauralmedia.org\/news\/en\/arquivo\/category\/news-2#listItem","name":"News"}},{"@type":"ListItem","@id":"https:\/\/www.binauralmedia.org\/news\/en\/arquivo\/category\/news-2#listItem","position":2,"name":"News","item":"https:\/\/www.binauralmedia.org\/news\/en\/arquivo\/category\/news-2","nextItem":{"@type":"ListItem","@id":"https:\/\/www.binauralmedia.org\/news\/en\/arquivo\/21538#listItem","name":"Artistic and community event in Vermilhas"},"previousItem":{"@type":"ListItem","@id":"https:\/\/www.binauralmedia.org\/news\/en#listItem","name":"Home"}},{"@type":"ListItem","@id":"https:\/\/www.binauralmedia.org\/news\/en\/arquivo\/21538#listItem","position":3,"name":"Artistic and community event in Vermilhas","previousItem":{"@type":"ListItem","@id":"https:\/\/www.binauralmedia.org\/news\/en\/arquivo\/category\/news-2#listItem","name":"News"}}]},{"@type":"Organization","@id":"https:\/\/www.binauralmedia.org\/news\/en\/#organization","name":"binauralmedia.org","description":"Rural Based Sound\/Media Arts & Social Research","url":"https:\/\/www.binauralmedia.org\/news\/en\/"},{"@type":"Person","@id":"https:\/\/www.binauralmedia.org\/news\/en\/arquivo\/author\/nelyferreira#author","url":"https:\/\/www.binauralmedia.org\/news\/en\/arquivo\/author\/nelyferreira","name":"Nely Ferreira"},{"@type":"WebPage","@id":"https:\/\/www.binauralmedia.org\/news\/en\/arquivo\/21538#webpage","url":"https:\/\/www.binauralmedia.org\/news\/en\/arquivo\/21538","name":"Artistic and community event in Vermilhas - binauralmedia.org","description":"THE SINGING OF THE SPRINGS Artistic and Community Event Saturday 29th June | 07.00 pm Vermilhas (Vouzela) Meeting point: Caf\u00e9 Flor da Serra (Vermilhas) Presentation of artistic projects by Mila Pani\u0107 (Bosnia-Herzegovina), Christina Tsantekidou (Greece) & Daniel Lercher (Austria). Screening of short films \u201c\u00c1gua Mole\u201d by Laura Gon\u00e7alves and Alexandra Ramires and \u201cMiseric\u00f3rdia\u201d by Gon\u00e7alo","inLanguage":"en-US","isPartOf":{"@id":"https:\/\/www.binauralmedia.org\/news\/en\/#website"},"breadcrumb":{"@id":"https:\/\/www.binauralmedia.org\/news\/en\/arquivo\/21538#breadcrumblist"},"author":{"@id":"https:\/\/www.binauralmedia.org\/news\/en\/arquivo\/author\/nelyferreira#author"},"creator":{"@id":"https:\/\/www.binauralmedia.org\/news\/en\/arquivo\/author\/nelyferreira#author"},"image":{"@type":"ImageObject","url":"https:\/\/www.binauralmedia.org\/news\/wp-content\/uploads\/20240621-Residencia-O-Cantar-das-Nascentes-Carvalhal-de-Vermilhas-Vouzela-P1530560.png","@id":"https:\/\/www.binauralmedia.org\/news\/en\/arquivo\/21538\/#mainImage","width":1200,"height":800},"primaryImageOfPage":{"@id":"https:\/\/www.binauralmedia.org\/news\/en\/arquivo\/21538#mainImage"},"datePublished":"2024-06-24T11:10:15+00:00","dateModified":"2024-10-23T17:11:23+00:00"},{"@type":"WebSite","@id":"https:\/\/www.binauralmedia.org\/news\/en\/#website","url":"https:\/\/www.binauralmedia.org\/news\/en\/","name":"binauralmedia.org","description":"Rural Based Sound\/Media Arts & Social Research","inLanguage":"en-US","publisher":{"@id":"https:\/\/www.binauralmedia.org\/news\/en\/#organization"}}]},"og:locale":"en_US","og:site_name":"binauralmedia.org - Rural Based Sound\/Media Arts &amp; Social Research","og:type":"article","og:title":"Artistic and community event in Vermilhas - binauralmedia.org","og:description":"THE SINGING OF THE SPRINGS Artistic and Community Event Saturday 29th June | 07.00 pm Vermilhas (Vouzela) Meeting point: Caf\u00e9 Flor da Serra (Vermilhas) Presentation of artistic projects by Mila Pani\u0107 (Bosnia-Herzegovina), Christina Tsantekidou (Greece) &amp; Daniel Lercher (Austria). Screening of short films \u201c\u00c1gua Mole\u201d by Laura Gon\u00e7alves and Alexandra Ramires and \u201cMiseric\u00f3rdia\u201d by Gon\u00e7alo","og:url":"https:\/\/www.binauralmedia.org\/news\/en\/arquivo\/21538","article:published_time":"2024-06-24T11:10:15+00:00","article:modified_time":"2024-10-23T17:11:23+00:00","twitter:card":"summary_large_image","twitter:title":"Artistic and community event in Vermilhas - binauralmedia.org","twitter:description":"THE SINGING OF THE SPRINGS Artistic and Community Event Saturday 29th June | 07.00 pm Vermilhas (Vouzela) Meeting point: Caf\u00e9 Flor da Serra (Vermilhas) Presentation of artistic projects by Mila Pani\u0107 (Bosnia-Herzegovina), Christina Tsantekidou (Greece) &amp; Daniel Lercher (Austria). Screening of short films \u201c\u00c1gua Mole\u201d by Laura Gon\u00e7alves and Alexandra Ramires and \u201cMiseric\u00f3rdia\u201d by Gon\u00e7alo"},"aioseo_meta_data":{"post_id":"21538","title":null,"description":null,"keywords":null,"keyphrases":null,"primary_term":null,"canonical_url":null,"og_title":null,"og_description":null,"og_object_type":"default","og_image_type":"default","og_image_custom_url":null,"og_image_custom_fields":null,"og_image_url":null,"og_image_width":null,"og_image_height":null,"og_video":null,"og_custom_url":null,"og_article_section":null,"og_article_tags":null,"twitter_use_og":false,"twitter_card":"default","twitter_image_type":"default","twitter_image_custom_url":null,"twitter_image_custom_fields":null,"twitter_image_url":null,"twitter_title":null,"twitter_description":null,"schema_type":"default","schema_type_options":null,"schema":{"blockGraphs":[],"customGraphs":[],"default":{"data":{"Article":[],"Course":[],"Dataset":[],"FAQPage":[],"Movie":[],"Person":[],"Product":[],"ProductReview":[],"Car":[],"Recipe":[],"Service":[],"SoftwareApplication":[],"WebPage":[]},"graphName":"","isEnabled":true},"graphs":[]},"pillar_content":false,"robots_default":true,"robots_noindex":false,"robots_noarchive":false,"robots_nosnippet":false,"robots_nofollow":false,"robots_noimageindex":false,"robots_noodp":false,"robots_notranslate":false,"robots_max_snippet":null,"robots_max_videopreview":null,"robots_max_imagepreview":"large","priority":null,"frequency":null,"local_seo":null,"limit_modified_date":false,"ai":null,"breadcrumb_settings":null,"seo_analyzer_scan_date":null,"created":"2026-08-05 06:57:19","updated":"2026-08-05 06:57:19","focus_keyword":null,"additional_keywords":null,"truseo_locale":null},"aioseo_breadcrumb":"<div class=\"aioseo-breadcrumbs\"><span class=\"aioseo-breadcrumb\">\n\t\t\t<a href=\"https:\/\/www.binauralmedia.org\/news\/en\" title=\"Home\">Home<\/a>\n\t\t<\/span><span class=\"aioseo-breadcrumb-separator\">&raquo;<\/span><span class=\"aioseo-breadcrumb\">\n\t\t\t<a href=\"https:\/\/www.binauralmedia.org\/news\/en\/arquivo\/category\/news-2\" title=\"News\">News<\/a>\n\t\t<\/span><span class=\"aioseo-breadcrumb-separator\">&raquo;<\/span><span class=\"aioseo-breadcrumb\">\n\t\t\tArtistic and community event in Vermilhas\n\t\t<\/span><\/div>","aioseo_breadcrumb_json":[{"label":"Home","link":"https:\/\/www.binauralmedia.org\/news\/en"},{"label":"News","link":"https:\/\/www.binauralmedia.org\/news\/en\/arquivo\/category\/news-2"},{"label":"Artistic and community event in Vermilhas","link":"https:\/\/www.binauralmedia.org\/news\/en\/arquivo\/21538"}],"_links":{"self":[{"href":"https:\/\/www.binauralmedia.org\/news\/en\/wp-json\/wp\/v2\/posts\/21538","targetHints":{"allow":["GET"]}}],"collection":[{"href":"https:\/\/www.binauralmedia.org\/news\/en\/wp-json\/wp\/v2\/posts"}],"about":[{"href":"https:\/\/www.binauralmedia.org\/news\/en\/wp-json\/wp\/v2\/types\/post"}],"author":[{"embeddable":true,"href":"https:\/\/www.binauralmedia.org\/news\/en\/wp-json\/wp\/v2\/users\/8"}],"replies":[{"embeddable":true,"href":"https:\/\/www.binauralmedia.org\/news\/en\/wp-json\/wp\/v2\/comments?post=21538"}],"version-history":[{"count":5,"href":"https:\/\/www.binauralmedia.org\/news\/en\/wp-json\/wp\/v2\/posts\/21538\/revisions"}],"predecessor-version":[{"id":22307,"href":"https:\/\/www.binauralmedia.org\/news\/en\/wp-json\/wp\/v2\/posts\/21538\/revisions\/22307"}],"wp:featuredmedia":[{"embeddable":true,"href":"https:\/\/www.binauralmedia.org\/news\/en\/wp-json\/wp\/v2\/media\/21535"}],"wp:attachment":[{"href":"https:\/\/www.binauralmedia.org\/news\/en\/wp-json\/wp\/v2\/media?parent=21538"}],"wp:term":[{"taxonomy":"category","embeddable":true,"href":"https:\/\/www.binauralmedia.org\/news\/en\/wp-json\/wp\/v2\/categories?post=21538"},{"taxonomy":"post_tag","embeddable":true,"href":"https:\/\/www.binauralmedia.org\/news\/en\/wp-json\/wp\/v2\/tags?post=21538"}],"curies":[{"name":"wp","href":"https:\/\/api.w.org\/{rel}","templated":true}]}}