{"id":13475,"date":"2021-02-09T15:12:23","date_gmt":"2021-02-09T15:12:23","guid":{"rendered":"https:\/\/www.binauralmedia.org\/news\/arquivo\/13475"},"modified":"2021-09-09T10:58:09","modified_gmt":"2021-09-09T10:58:09","slug":"spoken-portraits-project-to-be-developed-in-the-village-of-sequeiros","status":"publish","type":"post","link":"https:\/\/www.binauralmedia.org\/news\/en\/arquivo\/13475","title":{"rendered":"Spoken Portraits project to be developed in the village of Sequeiros"},"content":{"rendered":"<div class=\"fusion-fullwidth fullwidth-box fusion-builder-row-1 fusion-flex-container nonhundred-percent-fullwidth non-hundred-percent-height-scrolling\" style=\"--awb-border-radius-top-left:0px;--awb-border-radius-top-right:0px;--awb-border-radius-bottom-right:0px;--awb-border-radius-bottom-left:0px;--awb-flex-wrap:wrap;\" ><div class=\"fusion-builder-row fusion-row fusion-flex-align-items-flex-start fusion-flex-content-wrap\" style=\"max-width:1144px;margin-left: calc(-4% \/ 2 );margin-right: calc(-4% \/ 2 );\"><div class=\"fusion-layout-column fusion_builder_column fusion-builder-column-0 fusion_builder_column_1_1 1_1 fusion-flex-column\" style=\"--awb-bg-size:cover;--awb-width-large:100%;--awb-margin-top-large:0px;--awb-spacing-right-large:1.92%;--awb-margin-bottom-large:0px;--awb-spacing-left-large:1.92%;--awb-width-medium:100%;--awb-spacing-right-medium:1.92%;--awb-spacing-left-medium:1.92%;--awb-width-small:100%;--awb-spacing-right-small:1.92%;--awb-spacing-left-small:1.92%;\"><div class=\"fusion-column-wrapper fusion-flex-justify-content-flex-start fusion-content-layout-column\"><div class=\"fusion-text fusion-text-1\"><p><strong>SPOKEN PORTRAITS<\/strong><br \/>\nA project of orality and photographic memory<br \/>\nSequeiros and Sete Fontes, Municipality of S\u00e3o Pedro do Sul<br \/>\nMarch to August 2021<br \/>\nBinaural Nodar and Associa\u00e7\u00e3o de Apoio \u00e0 Comunidade de Sequeiros e Sete Fontes<\/p>\n<p>Until a few decades ago, portraits of rural families were few, usually taken on a trip to the village photographer, on a wedding day, or by an enthusiast who passed or resided in the village (a primary teacher, an emigrant, a former military, etc.). Looking closely at any old photograph, it is possible to perceive many aspects in addition to the names of the portrayed persons: ways of dressing, places, situations, placement of bodies, expressions, etc.<\/p>\n<p>Binaural Nodar proposes to develop in these villages a project entitled \u201cRetratos Falados\u201d (&#8220;Spoken Portraits&#8221;), which will combine orality and memory, using family portraits as an activating mechanism for narratives about family ties, life paths, the transformation of these villages and many other aspects.<\/p>\n<p>The project will be developed in compliance with sanitary rules and preventive measures to combat covid-19 and will consist of a series of gatherings, each associated with specific photographs, with the final result being a photographic and sound exhibition at the premises of the local community organization to be inaugurated in August 2021. All photographs will be properly digitized and cataloged and will become part of both the community archive and the Binaural Nodar Digital Archive.<\/p>\n<p>The project has the diffusion support of both the Municipality of S\u00e3o Pedro do Sul and the Union of Parishes of S\u00e3o Martinho das Moitas and Covas do Rio, to whom we are very grateful.<\/p>\n<\/div><\/div><\/div><\/div><\/div>\n","protected":false},"excerpt":{"rendered":"","protected":false},"author":2,"featured_media":15339,"comment_status":"closed","ping_status":"closed","sticky":false,"template":"","format":"standard","meta":{"_acf_changed":false,"_bbp_topic_count":0,"_bbp_reply_count":0,"_bbp_total_topic_count":0,"_bbp_total_reply_count":0,"_bbp_voice_count":0,"_bbp_anonymous_reply_count":0,"_bbp_topic_count_hidden":0,"_bbp_reply_count_hidden":0,"_bbp_forum_subforum_count":0,"footnotes":""},"categories":[1184,1193],"tags":[],"class_list":["post-13475","post","type-post","status-publish","format-standard","has-post-thumbnail","hentry","category-news-2","category-visual-sound-ethnograhpy-en"],"acf":[],"aioseo_notices":[],"aioseo_head":"\n\t\t<!-- All in One SEO 5.0.1.1 - aioseo.com -->\n\t<meta name=\"description\" content=\"SPOKEN PORTRAITS A project of orality and photographic memory Sequeiros and Sete Fontes, Municipality of S\u00e3o Pedro do Sul March to August 2021 Binaural Nodar and Associa\u00e7\u00e3o de Apoio \u00e0 Comunidade de Sequeiros e Sete Fontes Until a few decades ago, portraits of rural families were few, usually taken on a trip to the village\" \/>\n\t<meta name=\"robots\" content=\"max-image-preview:large\" \/>\n\t<meta name=\"author\" content=\"luiscosta\"\/>\n\t<link rel=\"canonical\" href=\"https:\/\/www.binauralmedia.org\/news\/en\/arquivo\/13475\" \/>\n\t<meta name=\"generator\" content=\"All in One SEO (AIOSEO) 5.0.1.1\" \/>\n\t\t<meta property=\"og:locale\" content=\"en_US\" \/>\n\t\t<meta property=\"og:site_name\" content=\"binauralmedia.org - Rural Based Sound\/Media Arts &amp; Social Research\" \/>\n\t\t<meta property=\"og:type\" content=\"article\" \/>\n\t\t<meta property=\"og:title\" content=\"Spoken Portraits project to be developed in the village of Sequeiros - binauralmedia.org\" \/>\n\t\t<meta property=\"og:description\" content=\"SPOKEN PORTRAITS A project of orality and photographic memory Sequeiros and Sete Fontes, Municipality of S\u00e3o Pedro do Sul March to August 2021 Binaural Nodar and Associa\u00e7\u00e3o de Apoio \u00e0 Comunidade de Sequeiros e Sete Fontes Until a few decades ago, portraits of rural families were few, usually taken on a trip to the village\" \/>\n\t\t<meta property=\"og:url\" content=\"https:\/\/www.binauralmedia.org\/news\/en\/arquivo\/13475\" \/>\n\t\t<meta property=\"article:published_time\" content=\"2021-02-09T15:12:23+00:00\" \/>\n\t\t<meta property=\"article:modified_time\" content=\"2021-09-09T10:58:09+00:00\" \/>\n\t\t<meta name=\"twitter:card\" content=\"summary_large_image\" \/>\n\t\t<meta name=\"twitter:title\" content=\"Spoken Portraits project to be developed in the village of Sequeiros - binauralmedia.org\" \/>\n\t\t<meta name=\"twitter:description\" content=\"SPOKEN PORTRAITS A project of orality and photographic memory Sequeiros and Sete Fontes, Municipality of S\u00e3o Pedro do Sul March to August 2021 Binaural Nodar and Associa\u00e7\u00e3o de Apoio \u00e0 Comunidade de Sequeiros e Sete Fontes Until a few decades ago, portraits of rural families were few, usually taken on a trip to the village\" \/>\n\t\t<script type=\"application\/ld+json\" class=\"aioseo-schema\">\n\t\t\t{\"@context\":\"https:\\\/\\\/schema.org\",\"@graph\":[{\"@type\":\"BlogPosting\",\"@id\":\"https:\\\/\\\/www.binauralmedia.org\\\/news\\\/en\\\/arquivo\\\/13475#blogposting\",\"name\":\"Spoken Portraits project to be developed in the village of Sequeiros - binauralmedia.org\",\"headline\":\"Spoken Portraits project to be developed in the village of Sequeiros\",\"author\":{\"@id\":\"https:\\\/\\\/www.binauralmedia.org\\\/news\\\/en\\\/arquivo\\\/author\\\/luiscosta#author\"},\"publisher\":{\"@id\":\"https:\\\/\\\/www.binauralmedia.org\\\/news\\\/en\\\/#organization\"},\"image\":{\"@type\":\"ImageObject\",\"url\":\"https:\\\/\\\/www.binauralmedia.org\\\/news\\\/wp-content\\\/uploads\\\/Retratos-Falados-website.jpg\",\"width\":1200,\"height\":800},\"datePublished\":\"2021-02-09T15:12:23+00:00\",\"dateModified\":\"2021-09-09T10:58:09+00:00\",\"inLanguage\":\"en-US\",\"mainEntityOfPage\":{\"@id\":\"https:\\\/\\\/www.binauralmedia.org\\\/news\\\/en\\\/arquivo\\\/13475#webpage\"},\"isPartOf\":{\"@id\":\"https:\\\/\\\/www.binauralmedia.org\\\/news\\\/en\\\/arquivo\\\/13475#webpage\"},\"articleSection\":\"News, Visual and Sound Ethnography\"},{\"@type\":\"BreadcrumbList\",\"@id\":\"https:\\\/\\\/www.binauralmedia.org\\\/news\\\/en\\\/arquivo\\\/13475#breadcrumblist\",\"itemListElement\":[{\"@type\":\"ListItem\",\"@id\":\"https:\\\/\\\/www.binauralmedia.org\\\/news\\\/en#listItem\",\"position\":1,\"name\":\"Home\",\"item\":\"https:\\\/\\\/www.binauralmedia.org\\\/news\\\/en\",\"nextItem\":{\"@type\":\"ListItem\",\"@id\":\"https:\\\/\\\/www.binauralmedia.org\\\/news\\\/en\\\/arquivo\\\/category\\\/news-2#listItem\",\"name\":\"News\"}},{\"@type\":\"ListItem\",\"@id\":\"https:\\\/\\\/www.binauralmedia.org\\\/news\\\/en\\\/arquivo\\\/category\\\/news-2#listItem\",\"position\":2,\"name\":\"News\",\"item\":\"https:\\\/\\\/www.binauralmedia.org\\\/news\\\/en\\\/arquivo\\\/category\\\/news-2\",\"nextItem\":{\"@type\":\"ListItem\",\"@id\":\"https:\\\/\\\/www.binauralmedia.org\\\/news\\\/en\\\/arquivo\\\/13475#listItem\",\"name\":\"Spoken Portraits project to be developed in the village of Sequeiros\"},\"previousItem\":{\"@type\":\"ListItem\",\"@id\":\"https:\\\/\\\/www.binauralmedia.org\\\/news\\\/en#listItem\",\"name\":\"Home\"}},{\"@type\":\"ListItem\",\"@id\":\"https:\\\/\\\/www.binauralmedia.org\\\/news\\\/en\\\/arquivo\\\/13475#listItem\",\"position\":3,\"name\":\"Spoken Portraits project to be developed in the village of Sequeiros\",\"previousItem\":{\"@type\":\"ListItem\",\"@id\":\"https:\\\/\\\/www.binauralmedia.org\\\/news\\\/en\\\/arquivo\\\/category\\\/news-2#listItem\",\"name\":\"News\"}}]},{\"@type\":\"Organization\",\"@id\":\"https:\\\/\\\/www.binauralmedia.org\\\/news\\\/en\\\/#organization\",\"name\":\"binauralmedia.org\",\"description\":\"Rural Based Sound\\\/Media Arts & Social Research\",\"url\":\"https:\\\/\\\/www.binauralmedia.org\\\/news\\\/en\\\/\"},{\"@type\":\"Person\",\"@id\":\"https:\\\/\\\/www.binauralmedia.org\\\/news\\\/en\\\/arquivo\\\/author\\\/luiscosta#author\",\"url\":\"https:\\\/\\\/www.binauralmedia.org\\\/news\\\/en\\\/arquivo\\\/author\\\/luiscosta\",\"name\":\"luiscosta\"},{\"@type\":\"WebPage\",\"@id\":\"https:\\\/\\\/www.binauralmedia.org\\\/news\\\/en\\\/arquivo\\\/13475#webpage\",\"url\":\"https:\\\/\\\/www.binauralmedia.org\\\/news\\\/en\\\/arquivo\\\/13475\",\"name\":\"Spoken Portraits project to be developed in the village of Sequeiros - binauralmedia.org\",\"description\":\"SPOKEN PORTRAITS A project of orality and photographic memory Sequeiros and Sete Fontes, Municipality of S\\u00e3o Pedro do Sul March to August 2021 Binaural Nodar and Associa\\u00e7\\u00e3o de Apoio \\u00e0 Comunidade de Sequeiros e Sete Fontes Until a few decades ago, portraits of rural families were few, usually taken on a trip to the village\",\"inLanguage\":\"en-US\",\"isPartOf\":{\"@id\":\"https:\\\/\\\/www.binauralmedia.org\\\/news\\\/en\\\/#website\"},\"breadcrumb\":{\"@id\":\"https:\\\/\\\/www.binauralmedia.org\\\/news\\\/en\\\/arquivo\\\/13475#breadcrumblist\"},\"author\":{\"@id\":\"https:\\\/\\\/www.binauralmedia.org\\\/news\\\/en\\\/arquivo\\\/author\\\/luiscosta#author\"},\"creator\":{\"@id\":\"https:\\\/\\\/www.binauralmedia.org\\\/news\\\/en\\\/arquivo\\\/author\\\/luiscosta#author\"},\"image\":{\"@type\":\"ImageObject\",\"url\":\"https:\\\/\\\/www.binauralmedia.org\\\/news\\\/wp-content\\\/uploads\\\/Retratos-Falados-website.jpg\",\"@id\":\"https:\\\/\\\/www.binauralmedia.org\\\/news\\\/en\\\/arquivo\\\/13475\\\/#mainImage\",\"width\":1200,\"height\":800},\"primaryImageOfPage\":{\"@id\":\"https:\\\/\\\/www.binauralmedia.org\\\/news\\\/en\\\/arquivo\\\/13475#mainImage\"},\"datePublished\":\"2021-02-09T15:12:23+00:00\",\"dateModified\":\"2021-09-09T10:58:09+00:00\"},{\"@type\":\"WebSite\",\"@id\":\"https:\\\/\\\/www.binauralmedia.org\\\/news\\\/en\\\/#website\",\"url\":\"https:\\\/\\\/www.binauralmedia.org\\\/news\\\/en\\\/\",\"name\":\"binauralmedia.org\",\"description\":\"Rural Based Sound\\\/Media Arts & Social Research\",\"inLanguage\":\"en-US\",\"publisher\":{\"@id\":\"https:\\\/\\\/www.binauralmedia.org\\\/news\\\/en\\\/#organization\"}}]}\n\t\t<\/script>\n\t\t<!-- All in One SEO -->\n\n","aioseo_head_json":{"title":"Spoken Portraits project to be developed in the village of Sequeiros - binauralmedia.org","description":"SPOKEN PORTRAITS A project of orality and photographic memory Sequeiros and Sete Fontes, Municipality of S\u00e3o Pedro do Sul March to August 2021 Binaural Nodar and Associa\u00e7\u00e3o de Apoio \u00e0 Comunidade de Sequeiros e Sete Fontes Until a few decades ago, portraits of rural families were few, usually taken on a trip to the village","canonical_url":"https:\/\/www.binauralmedia.org\/news\/en\/arquivo\/13475","robots":"max-image-preview:large","keywords":"","webmasterTools":{"miscellaneous":""},"schema":{"@context":"https:\/\/schema.org","@graph":[{"@type":"BlogPosting","@id":"https:\/\/www.binauralmedia.org\/news\/en\/arquivo\/13475#blogposting","name":"Spoken Portraits project to be developed in the village of Sequeiros - binauralmedia.org","headline":"Spoken Portraits project to be developed in the village of Sequeiros","author":{"@id":"https:\/\/www.binauralmedia.org\/news\/en\/arquivo\/author\/luiscosta#author"},"publisher":{"@id":"https:\/\/www.binauralmedia.org\/news\/en\/#organization"},"image":{"@type":"ImageObject","url":"https:\/\/www.binauralmedia.org\/news\/wp-content\/uploads\/Retratos-Falados-website.jpg","width":1200,"height":800},"datePublished":"2021-02-09T15:12:23+00:00","dateModified":"2021-09-09T10:58:09+00:00","inLanguage":"en-US","mainEntityOfPage":{"@id":"https:\/\/www.binauralmedia.org\/news\/en\/arquivo\/13475#webpage"},"isPartOf":{"@id":"https:\/\/www.binauralmedia.org\/news\/en\/arquivo\/13475#webpage"},"articleSection":"News, Visual and Sound Ethnography"},{"@type":"BreadcrumbList","@id":"https:\/\/www.binauralmedia.org\/news\/en\/arquivo\/13475#breadcrumblist","itemListElement":[{"@type":"ListItem","@id":"https:\/\/www.binauralmedia.org\/news\/en#listItem","position":1,"name":"Home","item":"https:\/\/www.binauralmedia.org\/news\/en","nextItem":{"@type":"ListItem","@id":"https:\/\/www.binauralmedia.org\/news\/en\/arquivo\/category\/news-2#listItem","name":"News"}},{"@type":"ListItem","@id":"https:\/\/www.binauralmedia.org\/news\/en\/arquivo\/category\/news-2#listItem","position":2,"name":"News","item":"https:\/\/www.binauralmedia.org\/news\/en\/arquivo\/category\/news-2","nextItem":{"@type":"ListItem","@id":"https:\/\/www.binauralmedia.org\/news\/en\/arquivo\/13475#listItem","name":"Spoken Portraits project to be developed in the village of Sequeiros"},"previousItem":{"@type":"ListItem","@id":"https:\/\/www.binauralmedia.org\/news\/en#listItem","name":"Home"}},{"@type":"ListItem","@id":"https:\/\/www.binauralmedia.org\/news\/en\/arquivo\/13475#listItem","position":3,"name":"Spoken Portraits project to be developed in the village of Sequeiros","previousItem":{"@type":"ListItem","@id":"https:\/\/www.binauralmedia.org\/news\/en\/arquivo\/category\/news-2#listItem","name":"News"}}]},{"@type":"Organization","@id":"https:\/\/www.binauralmedia.org\/news\/en\/#organization","name":"binauralmedia.org","description":"Rural Based Sound\/Media Arts & Social Research","url":"https:\/\/www.binauralmedia.org\/news\/en\/"},{"@type":"Person","@id":"https:\/\/www.binauralmedia.org\/news\/en\/arquivo\/author\/luiscosta#author","url":"https:\/\/www.binauralmedia.org\/news\/en\/arquivo\/author\/luiscosta","name":"luiscosta"},{"@type":"WebPage","@id":"https:\/\/www.binauralmedia.org\/news\/en\/arquivo\/13475#webpage","url":"https:\/\/www.binauralmedia.org\/news\/en\/arquivo\/13475","name":"Spoken Portraits project to be developed in the village of Sequeiros - binauralmedia.org","description":"SPOKEN PORTRAITS A project of orality and photographic memory Sequeiros and Sete Fontes, Municipality of S\u00e3o Pedro do Sul March to August 2021 Binaural Nodar and Associa\u00e7\u00e3o de Apoio \u00e0 Comunidade de Sequeiros e Sete Fontes Until a few decades ago, portraits of rural families were few, usually taken on a trip to the village","inLanguage":"en-US","isPartOf":{"@id":"https:\/\/www.binauralmedia.org\/news\/en\/#website"},"breadcrumb":{"@id":"https:\/\/www.binauralmedia.org\/news\/en\/arquivo\/13475#breadcrumblist"},"author":{"@id":"https:\/\/www.binauralmedia.org\/news\/en\/arquivo\/author\/luiscosta#author"},"creator":{"@id":"https:\/\/www.binauralmedia.org\/news\/en\/arquivo\/author\/luiscosta#author"},"image":{"@type":"ImageObject","url":"https:\/\/www.binauralmedia.org\/news\/wp-content\/uploads\/Retratos-Falados-website.jpg","@id":"https:\/\/www.binauralmedia.org\/news\/en\/arquivo\/13475\/#mainImage","width":1200,"height":800},"primaryImageOfPage":{"@id":"https:\/\/www.binauralmedia.org\/news\/en\/arquivo\/13475#mainImage"},"datePublished":"2021-02-09T15:12:23+00:00","dateModified":"2021-09-09T10:58:09+00:00"},{"@type":"WebSite","@id":"https:\/\/www.binauralmedia.org\/news\/en\/#website","url":"https:\/\/www.binauralmedia.org\/news\/en\/","name":"binauralmedia.org","description":"Rural Based Sound\/Media Arts & Social Research","inLanguage":"en-US","publisher":{"@id":"https:\/\/www.binauralmedia.org\/news\/en\/#organization"}}]},"og:locale":"en_US","og:site_name":"binauralmedia.org - Rural Based Sound\/Media Arts &amp; Social Research","og:type":"article","og:title":"Spoken Portraits project to be developed in the village of Sequeiros - binauralmedia.org","og:description":"SPOKEN PORTRAITS A project of orality and photographic memory Sequeiros and Sete Fontes, Municipality of S\u00e3o Pedro do Sul March to August 2021 Binaural Nodar and Associa\u00e7\u00e3o de Apoio \u00e0 Comunidade de Sequeiros e Sete Fontes Until a few decades ago, portraits of rural families were few, usually taken on a trip to the village","og:url":"https:\/\/www.binauralmedia.org\/news\/en\/arquivo\/13475","article:published_time":"2021-02-09T15:12:23+00:00","article:modified_time":"2021-09-09T10:58:09+00:00","twitter:card":"summary_large_image","twitter:title":"Spoken Portraits project to be developed in the village of Sequeiros - binauralmedia.org","twitter:description":"SPOKEN PORTRAITS A project of orality and photographic memory Sequeiros and Sete Fontes, Municipality of S\u00e3o Pedro do Sul March to August 2021 Binaural Nodar and Associa\u00e7\u00e3o de Apoio \u00e0 Comunidade de Sequeiros e Sete Fontes Until a few decades ago, portraits of rural families were few, usually taken on a trip to the village"},"aioseo_meta_data":{"post_id":"13475","title":null,"description":null,"keywords":null,"keyphrases":null,"primary_term":null,"canonical_url":null,"og_title":null,"og_description":null,"og_object_type":"default","og_image_type":"default","og_image_custom_url":null,"og_image_custom_fields":null,"og_image_url":null,"og_image_width":null,"og_image_height":null,"og_video":null,"og_custom_url":null,"og_article_section":null,"og_article_tags":null,"twitter_use_og":false,"twitter_card":"default","twitter_image_type":"default","twitter_image_custom_url":null,"twitter_image_custom_fields":null,"twitter_image_url":null,"twitter_title":null,"twitter_description":null,"schema_type":"default","schema_type_options":null,"schema":{"blockGraphs":[],"customGraphs":[],"default":{"data":{"Article":[],"Course":[],"Dataset":[],"FAQPage":[],"Movie":[],"Person":[],"Product":[],"ProductReview":[],"Car":[],"Recipe":[],"Service":[],"SoftwareApplication":[],"WebPage":[]},"graphName":"","isEnabled":true},"graphs":[]},"pillar_content":false,"robots_default":true,"robots_noindex":false,"robots_noarchive":false,"robots_nosnippet":false,"robots_nofollow":false,"robots_noimageindex":false,"robots_noodp":false,"robots_notranslate":false,"robots_max_snippet":null,"robots_max_videopreview":null,"robots_max_imagepreview":"large","priority":null,"frequency":null,"local_seo":null,"limit_modified_date":false,"ai":null,"breadcrumb_settings":null,"seo_analyzer_scan_date":null,"created":"2026-08-05 04:25:21","updated":"2026-08-05 04:25:21","focus_keyword":null,"additional_keywords":null,"truseo_locale":null},"aioseo_breadcrumb":"<div class=\"aioseo-breadcrumbs\"><span class=\"aioseo-breadcrumb\">\n\t\t\t<a href=\"https:\/\/www.binauralmedia.org\/news\/en\" title=\"Home\">Home<\/a>\n\t\t<\/span><span class=\"aioseo-breadcrumb-separator\">&raquo;<\/span><span class=\"aioseo-breadcrumb\">\n\t\t\t<a href=\"https:\/\/www.binauralmedia.org\/news\/en\/arquivo\/category\/news-2\" title=\"News\">News<\/a>\n\t\t<\/span><span class=\"aioseo-breadcrumb-separator\">&raquo;<\/span><span class=\"aioseo-breadcrumb\">\n\t\t\tSpoken Portraits project to be developed in the village of Sequeiros\n\t\t<\/span><\/div>","aioseo_breadcrumb_json":[{"label":"Home","link":"https:\/\/www.binauralmedia.org\/news\/en"},{"label":"News","link":"https:\/\/www.binauralmedia.org\/news\/en\/arquivo\/category\/news-2"},{"label":"Spoken Portraits project to be developed in the village of Sequeiros","link":"https:\/\/www.binauralmedia.org\/news\/en\/arquivo\/13475"}],"_links":{"self":[{"href":"https:\/\/www.binauralmedia.org\/news\/en\/wp-json\/wp\/v2\/posts\/13475","targetHints":{"allow":["GET"]}}],"collection":[{"href":"https:\/\/www.binauralmedia.org\/news\/en\/wp-json\/wp\/v2\/posts"}],"about":[{"href":"https:\/\/www.binauralmedia.org\/news\/en\/wp-json\/wp\/v2\/types\/post"}],"author":[{"embeddable":true,"href":"https:\/\/www.binauralmedia.org\/news\/en\/wp-json\/wp\/v2\/users\/2"}],"replies":[{"embeddable":true,"href":"https:\/\/www.binauralmedia.org\/news\/en\/wp-json\/wp\/v2\/comments?post=13475"}],"version-history":[{"count":2,"href":"https:\/\/www.binauralmedia.org\/news\/en\/wp-json\/wp\/v2\/posts\/13475\/revisions"}],"predecessor-version":[{"id":15372,"href":"https:\/\/www.binauralmedia.org\/news\/en\/wp-json\/wp\/v2\/posts\/13475\/revisions\/15372"}],"wp:featuredmedia":[{"embeddable":true,"href":"https:\/\/www.binauralmedia.org\/news\/en\/wp-json\/wp\/v2\/media\/15339"}],"wp:attachment":[{"href":"https:\/\/www.binauralmedia.org\/news\/en\/wp-json\/wp\/v2\/media?parent=13475"}],"wp:term":[{"taxonomy":"category","embeddable":true,"href":"https:\/\/www.binauralmedia.org\/news\/en\/wp-json\/wp\/v2\/categories?post=13475"},{"taxonomy":"post_tag","embeddable":true,"href":"https:\/\/www.binauralmedia.org\/news\/en\/wp-json\/wp\/v2\/tags?post=13475"}],"curies":[{"name":"wp","href":"https:\/\/api.w.org\/{rel}","templated":true}]}}