{"id":13451,"date":"2020-06-18T09:58:40","date_gmt":"2020-06-18T09:58:40","guid":{"rendered":"https:\/\/www.binauralmedia.org\/news\/arquivo\/13451"},"modified":"2021-09-09T11:07:37","modified_gmt":"2021-09-09T11:07:37","slug":"virtual-exhibition-spoken-stones-geological-memories-of-bodiosa-viseu","status":"publish","type":"post","link":"https:\/\/www.binauralmedia.org\/news\/en\/arquivo\/13451","title":{"rendered":"Virtual exhibition &#8220;Spoken stones: Geological memories of Bodiosa, Viseu&#8221;"},"content":{"rendered":"<div class=\"fusion-fullwidth fullwidth-box fusion-builder-row-1 fusion-flex-container nonhundred-percent-fullwidth non-hundred-percent-height-scrolling\" style=\"--awb-border-radius-top-left:0px;--awb-border-radius-top-right:0px;--awb-border-radius-bottom-right:0px;--awb-border-radius-bottom-left:0px;--awb-flex-wrap:wrap;\" ><div class=\"fusion-builder-row fusion-row fusion-flex-align-items-flex-start fusion-flex-content-wrap\" style=\"max-width:1144px;margin-left: calc(-4% \/ 2 );margin-right: calc(-4% \/ 2 );\"><div class=\"fusion-layout-column fusion_builder_column fusion-builder-column-0 fusion_builder_column_1_1 1_1 fusion-flex-column\" style=\"--awb-bg-size:cover;--awb-width-large:100%;--awb-margin-top-large:0px;--awb-spacing-right-large:1.92%;--awb-margin-bottom-large:0px;--awb-spacing-left-large:1.92%;--awb-width-medium:100%;--awb-spacing-right-medium:1.92%;--awb-spacing-left-medium:1.92%;--awb-width-small:100%;--awb-spacing-right-small:1.92%;--awb-spacing-left-small:1.92%;\"><div class=\"fusion-column-wrapper fusion-flex-justify-content-flex-start fusion-content-layout-column\"><div class=\"fusion-text fusion-text-1\"><p>Binaural Nodar, the Municipality of Viseu and the Civil Parish of Bodiosa announce on June 18th, 2020 the opening of the virtual exhibition \u201cSpoken stones: Geological Memories of Bodiosa, Viseu\u201d which can be visited through <a href=\"https:\/\/www.binauralmedia.org\/news\/arquivo\/portfolio-items\/virtual-memorias-geologicas-bodiosa\" target=\"_blank\" rel=\"noopener noreferrer\">this link<\/a>.<\/p>\n<p>The virtual exhibition \u201cSpoken stones: Geological memories of Bodiosa, Viseu\u201d is a tribute to the people who were connected to the geological context of the Bodiosa civil parish: former mine workers, former bricklayers, former workers of the separating companies of Bodiosa Industrial Limitada and Sociedade Mineira do Paiva, or owners of the still existing companies of artistic molding of tin and granite quarries, true heirs of a magnificent mineral epic story.<\/p>\n<p>The exhibition \u201cSpoken stones: Geological memories of Bodiosa, Viseu\u201d is produced by Binaural Nodar, was conceived by Lu\u00eds Costa, Liliana Silva and Rui Costa and is part of the Viseu Rural 2.0 project, co-financed by the Viseu Cultura Program of the Municipality of Viseu.<\/p>\n<p>A sincere thanks goes to the President of the Bodiosa Parish Council, Rui Ferreira and the people who were interviewed for the project: Manuel Silveira, Maria Morais, Leonel Madeira, Amadeu Carvalho, Jos\u00e9 Dion\u00edsio, Ant\u00f3nio Lemos Bento and Jos\u00e9 Santos.<\/p>\n<\/div><\/div><\/div><\/div><\/div>\n","protected":false},"excerpt":{"rendered":"","protected":false},"author":2,"featured_media":15323,"comment_status":"closed","ping_status":"closed","sticky":false,"template":"","format":"standard","meta":{"_acf_changed":false,"_bbp_topic_count":0,"_bbp_reply_count":0,"_bbp_total_topic_count":0,"_bbp_total_reply_count":0,"_bbp_voice_count":0,"_bbp_anonymous_reply_count":0,"_bbp_topic_count_hidden":0,"_bbp_reply_count_hidden":0,"_bbp_forum_subforum_count":0,"footnotes":""},"categories":[1183,1184],"tags":[],"class_list":["post-13451","post","type-post","status-publish","format-standard","has-post-thumbnail","hentry","category-artistic-creations-2","category-news-2"],"acf":[],"aioseo_notices":[],"aioseo_head":"\n\t\t<!-- All in One SEO 5.0.1.1 - aioseo.com -->\n\t<meta name=\"description\" content=\"Binaural Nodar, the Municipality of Viseu and the Civil Parish of Bodiosa announce on June 18th, 2020 the opening of the virtual exhibition \u201cSpoken stones: Geological Memories of Bodiosa, Viseu\u201d which can be visited through this link. The virtual exhibition \u201cSpoken stones: Geological memories of Bodiosa, Viseu\u201d is a tribute to the people who were\" \/>\n\t<meta name=\"robots\" content=\"max-image-preview:large\" \/>\n\t<meta name=\"author\" content=\"luiscosta\"\/>\n\t<link rel=\"canonical\" href=\"https:\/\/www.binauralmedia.org\/news\/en\/arquivo\/13451\" \/>\n\t<meta name=\"generator\" content=\"All in One SEO (AIOSEO) 5.0.1.1\" \/>\n\t\t<meta property=\"og:locale\" content=\"en_US\" \/>\n\t\t<meta property=\"og:site_name\" content=\"binauralmedia.org - Rural Based Sound\/Media Arts &amp; Social Research\" \/>\n\t\t<meta property=\"og:type\" content=\"article\" \/>\n\t\t<meta property=\"og:title\" content=\"Virtual exhibition \u201cSpoken stones: Geological memories of Bodiosa, Viseu\u201d - binauralmedia.org\" \/>\n\t\t<meta property=\"og:description\" content=\"Binaural Nodar, the Municipality of Viseu and the Civil Parish of Bodiosa announce on June 18th, 2020 the opening of the virtual exhibition \u201cSpoken stones: Geological Memories of Bodiosa, Viseu\u201d which can be visited through this link. The virtual exhibition \u201cSpoken stones: Geological memories of Bodiosa, Viseu\u201d is a tribute to the people who were\" \/>\n\t\t<meta property=\"og:url\" content=\"https:\/\/www.binauralmedia.org\/news\/en\/arquivo\/13451\" \/>\n\t\t<meta property=\"article:published_time\" content=\"2020-06-18T09:58:40+00:00\" \/>\n\t\t<meta property=\"article:modified_time\" content=\"2021-09-09T11:07:37+00:00\" \/>\n\t\t<meta name=\"twitter:card\" content=\"summary_large_image\" \/>\n\t\t<meta name=\"twitter:title\" content=\"Virtual exhibition \u201cSpoken stones: Geological memories of Bodiosa, Viseu\u201d - binauralmedia.org\" \/>\n\t\t<meta name=\"twitter:description\" content=\"Binaural Nodar, the Municipality of Viseu and the Civil Parish of Bodiosa announce on June 18th, 2020 the opening of the virtual exhibition \u201cSpoken stones: Geological Memories of Bodiosa, Viseu\u201d which can be visited through this link. The virtual exhibition \u201cSpoken stones: Geological memories of Bodiosa, Viseu\u201d is a tribute to the people who were\" \/>\n\t\t<script type=\"application\/ld+json\" class=\"aioseo-schema\">\n\t\t\t{\"@context\":\"https:\\\/\\\/schema.org\",\"@graph\":[{\"@type\":\"BlogPosting\",\"@id\":\"https:\\\/\\\/www.binauralmedia.org\\\/news\\\/en\\\/arquivo\\\/13451#blogposting\",\"name\":\"Virtual exhibition \\u201cSpoken stones: Geological memories of Bodiosa, Viseu\\u201d - binauralmedia.org\",\"headline\":\"Virtual exhibition &#8220;Spoken stones: Geological memories of Bodiosa, Viseu&#8221;\",\"author\":{\"@id\":\"https:\\\/\\\/www.binauralmedia.org\\\/news\\\/en\\\/arquivo\\\/author\\\/luiscosta#author\"},\"publisher\":{\"@id\":\"https:\\\/\\\/www.binauralmedia.org\\\/news\\\/en\\\/#organization\"},\"image\":{\"@type\":\"ImageObject\",\"url\":\"https:\\\/\\\/www.binauralmedia.org\\\/news\\\/wp-content\\\/uploads\\\/Exposic\\u0327a\\u0303o-Virtual-Pedras-Faladas-website.jpg\",\"width\":1200,\"height\":800},\"datePublished\":\"2020-06-18T09:58:40+00:00\",\"dateModified\":\"2021-09-09T11:07:37+00:00\",\"inLanguage\":\"en-US\",\"mainEntityOfPage\":{\"@id\":\"https:\\\/\\\/www.binauralmedia.org\\\/news\\\/en\\\/arquivo\\\/13451#webpage\"},\"isPartOf\":{\"@id\":\"https:\\\/\\\/www.binauralmedia.org\\\/news\\\/en\\\/arquivo\\\/13451#webpage\"},\"articleSection\":\"Artistic Creations, News\"},{\"@type\":\"BreadcrumbList\",\"@id\":\"https:\\\/\\\/www.binauralmedia.org\\\/news\\\/en\\\/arquivo\\\/13451#breadcrumblist\",\"itemListElement\":[{\"@type\":\"ListItem\",\"@id\":\"https:\\\/\\\/www.binauralmedia.org\\\/news\\\/en#listItem\",\"position\":1,\"name\":\"Home\",\"item\":\"https:\\\/\\\/www.binauralmedia.org\\\/news\\\/en\",\"nextItem\":{\"@type\":\"ListItem\",\"@id\":\"https:\\\/\\\/www.binauralmedia.org\\\/news\\\/en\\\/arquivo\\\/category\\\/artistic-creations-2#listItem\",\"name\":\"Artistic Creations\"}},{\"@type\":\"ListItem\",\"@id\":\"https:\\\/\\\/www.binauralmedia.org\\\/news\\\/en\\\/arquivo\\\/category\\\/artistic-creations-2#listItem\",\"position\":2,\"name\":\"Artistic Creations\",\"item\":\"https:\\\/\\\/www.binauralmedia.org\\\/news\\\/en\\\/arquivo\\\/category\\\/artistic-creations-2\",\"nextItem\":{\"@type\":\"ListItem\",\"@id\":\"https:\\\/\\\/www.binauralmedia.org\\\/news\\\/en\\\/arquivo\\\/13451#listItem\",\"name\":\"Virtual exhibition &#8220;Spoken stones: Geological memories of Bodiosa, Viseu&#8221;\"},\"previousItem\":{\"@type\":\"ListItem\",\"@id\":\"https:\\\/\\\/www.binauralmedia.org\\\/news\\\/en#listItem\",\"name\":\"Home\"}},{\"@type\":\"ListItem\",\"@id\":\"https:\\\/\\\/www.binauralmedia.org\\\/news\\\/en\\\/arquivo\\\/13451#listItem\",\"position\":3,\"name\":\"Virtual exhibition &#8220;Spoken stones: Geological memories of Bodiosa, Viseu&#8221;\",\"previousItem\":{\"@type\":\"ListItem\",\"@id\":\"https:\\\/\\\/www.binauralmedia.org\\\/news\\\/en\\\/arquivo\\\/category\\\/artistic-creations-2#listItem\",\"name\":\"Artistic Creations\"}}]},{\"@type\":\"Organization\",\"@id\":\"https:\\\/\\\/www.binauralmedia.org\\\/news\\\/en\\\/#organization\",\"name\":\"binauralmedia.org\",\"description\":\"Rural Based Sound\\\/Media Arts & Social Research\",\"url\":\"https:\\\/\\\/www.binauralmedia.org\\\/news\\\/en\\\/\"},{\"@type\":\"Person\",\"@id\":\"https:\\\/\\\/www.binauralmedia.org\\\/news\\\/en\\\/arquivo\\\/author\\\/luiscosta#author\",\"url\":\"https:\\\/\\\/www.binauralmedia.org\\\/news\\\/en\\\/arquivo\\\/author\\\/luiscosta\",\"name\":\"luiscosta\"},{\"@type\":\"WebPage\",\"@id\":\"https:\\\/\\\/www.binauralmedia.org\\\/news\\\/en\\\/arquivo\\\/13451#webpage\",\"url\":\"https:\\\/\\\/www.binauralmedia.org\\\/news\\\/en\\\/arquivo\\\/13451\",\"name\":\"Virtual exhibition \\u201cSpoken stones: Geological memories of Bodiosa, Viseu\\u201d - binauralmedia.org\",\"description\":\"Binaural Nodar, the Municipality of Viseu and the Civil Parish of Bodiosa announce on June 18th, 2020 the opening of the virtual exhibition \\u201cSpoken stones: Geological Memories of Bodiosa, Viseu\\u201d which can be visited through this link. The virtual exhibition \\u201cSpoken stones: Geological memories of Bodiosa, Viseu\\u201d is a tribute to the people who were\",\"inLanguage\":\"en-US\",\"isPartOf\":{\"@id\":\"https:\\\/\\\/www.binauralmedia.org\\\/news\\\/en\\\/#website\"},\"breadcrumb\":{\"@id\":\"https:\\\/\\\/www.binauralmedia.org\\\/news\\\/en\\\/arquivo\\\/13451#breadcrumblist\"},\"author\":{\"@id\":\"https:\\\/\\\/www.binauralmedia.org\\\/news\\\/en\\\/arquivo\\\/author\\\/luiscosta#author\"},\"creator\":{\"@id\":\"https:\\\/\\\/www.binauralmedia.org\\\/news\\\/en\\\/arquivo\\\/author\\\/luiscosta#author\"},\"image\":{\"@type\":\"ImageObject\",\"url\":\"https:\\\/\\\/www.binauralmedia.org\\\/news\\\/wp-content\\\/uploads\\\/Exposic\\u0327a\\u0303o-Virtual-Pedras-Faladas-website.jpg\",\"@id\":\"https:\\\/\\\/www.binauralmedia.org\\\/news\\\/en\\\/arquivo\\\/13451\\\/#mainImage\",\"width\":1200,\"height\":800},\"primaryImageOfPage\":{\"@id\":\"https:\\\/\\\/www.binauralmedia.org\\\/news\\\/en\\\/arquivo\\\/13451#mainImage\"},\"datePublished\":\"2020-06-18T09:58:40+00:00\",\"dateModified\":\"2021-09-09T11:07:37+00:00\"},{\"@type\":\"WebSite\",\"@id\":\"https:\\\/\\\/www.binauralmedia.org\\\/news\\\/en\\\/#website\",\"url\":\"https:\\\/\\\/www.binauralmedia.org\\\/news\\\/en\\\/\",\"name\":\"binauralmedia.org\",\"description\":\"Rural Based Sound\\\/Media Arts & Social Research\",\"inLanguage\":\"en-US\",\"publisher\":{\"@id\":\"https:\\\/\\\/www.binauralmedia.org\\\/news\\\/en\\\/#organization\"}}]}\n\t\t<\/script>\n\t\t<!-- All in One SEO -->\n\n","aioseo_head_json":{"title":"Virtual exhibition \u201cSpoken stones: Geological memories of Bodiosa, Viseu\u201d - binauralmedia.org","description":"Binaural Nodar, the Municipality of Viseu and the Civil Parish of Bodiosa announce on June 18th, 2020 the opening of the virtual exhibition \u201cSpoken stones: Geological Memories of Bodiosa, Viseu\u201d which can be visited through this link. The virtual exhibition \u201cSpoken stones: Geological memories of Bodiosa, Viseu\u201d is a tribute to the people who were","canonical_url":"https:\/\/www.binauralmedia.org\/news\/en\/arquivo\/13451","robots":"max-image-preview:large","keywords":"","webmasterTools":{"miscellaneous":""},"schema":{"@context":"https:\/\/schema.org","@graph":[{"@type":"BlogPosting","@id":"https:\/\/www.binauralmedia.org\/news\/en\/arquivo\/13451#blogposting","name":"Virtual exhibition \u201cSpoken stones: Geological memories of Bodiosa, Viseu\u201d - binauralmedia.org","headline":"Virtual exhibition &#8220;Spoken stones: Geological memories of Bodiosa, Viseu&#8221;","author":{"@id":"https:\/\/www.binauralmedia.org\/news\/en\/arquivo\/author\/luiscosta#author"},"publisher":{"@id":"https:\/\/www.binauralmedia.org\/news\/en\/#organization"},"image":{"@type":"ImageObject","url":"https:\/\/www.binauralmedia.org\/news\/wp-content\/uploads\/Exposic\u0327a\u0303o-Virtual-Pedras-Faladas-website.jpg","width":1200,"height":800},"datePublished":"2020-06-18T09:58:40+00:00","dateModified":"2021-09-09T11:07:37+00:00","inLanguage":"en-US","mainEntityOfPage":{"@id":"https:\/\/www.binauralmedia.org\/news\/en\/arquivo\/13451#webpage"},"isPartOf":{"@id":"https:\/\/www.binauralmedia.org\/news\/en\/arquivo\/13451#webpage"},"articleSection":"Artistic Creations, News"},{"@type":"BreadcrumbList","@id":"https:\/\/www.binauralmedia.org\/news\/en\/arquivo\/13451#breadcrumblist","itemListElement":[{"@type":"ListItem","@id":"https:\/\/www.binauralmedia.org\/news\/en#listItem","position":1,"name":"Home","item":"https:\/\/www.binauralmedia.org\/news\/en","nextItem":{"@type":"ListItem","@id":"https:\/\/www.binauralmedia.org\/news\/en\/arquivo\/category\/artistic-creations-2#listItem","name":"Artistic Creations"}},{"@type":"ListItem","@id":"https:\/\/www.binauralmedia.org\/news\/en\/arquivo\/category\/artistic-creations-2#listItem","position":2,"name":"Artistic Creations","item":"https:\/\/www.binauralmedia.org\/news\/en\/arquivo\/category\/artistic-creations-2","nextItem":{"@type":"ListItem","@id":"https:\/\/www.binauralmedia.org\/news\/en\/arquivo\/13451#listItem","name":"Virtual exhibition &#8220;Spoken stones: Geological memories of Bodiosa, Viseu&#8221;"},"previousItem":{"@type":"ListItem","@id":"https:\/\/www.binauralmedia.org\/news\/en#listItem","name":"Home"}},{"@type":"ListItem","@id":"https:\/\/www.binauralmedia.org\/news\/en\/arquivo\/13451#listItem","position":3,"name":"Virtual exhibition &#8220;Spoken stones: Geological memories of Bodiosa, Viseu&#8221;","previousItem":{"@type":"ListItem","@id":"https:\/\/www.binauralmedia.org\/news\/en\/arquivo\/category\/artistic-creations-2#listItem","name":"Artistic Creations"}}]},{"@type":"Organization","@id":"https:\/\/www.binauralmedia.org\/news\/en\/#organization","name":"binauralmedia.org","description":"Rural Based Sound\/Media Arts & Social Research","url":"https:\/\/www.binauralmedia.org\/news\/en\/"},{"@type":"Person","@id":"https:\/\/www.binauralmedia.org\/news\/en\/arquivo\/author\/luiscosta#author","url":"https:\/\/www.binauralmedia.org\/news\/en\/arquivo\/author\/luiscosta","name":"luiscosta"},{"@type":"WebPage","@id":"https:\/\/www.binauralmedia.org\/news\/en\/arquivo\/13451#webpage","url":"https:\/\/www.binauralmedia.org\/news\/en\/arquivo\/13451","name":"Virtual exhibition \u201cSpoken stones: Geological memories of Bodiosa, Viseu\u201d - binauralmedia.org","description":"Binaural Nodar, the Municipality of Viseu and the Civil Parish of Bodiosa announce on June 18th, 2020 the opening of the virtual exhibition \u201cSpoken stones: Geological Memories of Bodiosa, Viseu\u201d which can be visited through this link. The virtual exhibition \u201cSpoken stones: Geological memories of Bodiosa, Viseu\u201d is a tribute to the people who were","inLanguage":"en-US","isPartOf":{"@id":"https:\/\/www.binauralmedia.org\/news\/en\/#website"},"breadcrumb":{"@id":"https:\/\/www.binauralmedia.org\/news\/en\/arquivo\/13451#breadcrumblist"},"author":{"@id":"https:\/\/www.binauralmedia.org\/news\/en\/arquivo\/author\/luiscosta#author"},"creator":{"@id":"https:\/\/www.binauralmedia.org\/news\/en\/arquivo\/author\/luiscosta#author"},"image":{"@type":"ImageObject","url":"https:\/\/www.binauralmedia.org\/news\/wp-content\/uploads\/Exposic\u0327a\u0303o-Virtual-Pedras-Faladas-website.jpg","@id":"https:\/\/www.binauralmedia.org\/news\/en\/arquivo\/13451\/#mainImage","width":1200,"height":800},"primaryImageOfPage":{"@id":"https:\/\/www.binauralmedia.org\/news\/en\/arquivo\/13451#mainImage"},"datePublished":"2020-06-18T09:58:40+00:00","dateModified":"2021-09-09T11:07:37+00:00"},{"@type":"WebSite","@id":"https:\/\/www.binauralmedia.org\/news\/en\/#website","url":"https:\/\/www.binauralmedia.org\/news\/en\/","name":"binauralmedia.org","description":"Rural Based Sound\/Media Arts & Social Research","inLanguage":"en-US","publisher":{"@id":"https:\/\/www.binauralmedia.org\/news\/en\/#organization"}}]},"og:locale":"en_US","og:site_name":"binauralmedia.org - Rural Based Sound\/Media Arts &amp; Social Research","og:type":"article","og:title":"Virtual exhibition \u201cSpoken stones: Geological memories of Bodiosa, Viseu\u201d - binauralmedia.org","og:description":"Binaural Nodar, the Municipality of Viseu and the Civil Parish of Bodiosa announce on June 18th, 2020 the opening of the virtual exhibition \u201cSpoken stones: Geological Memories of Bodiosa, Viseu\u201d which can be visited through this link. The virtual exhibition \u201cSpoken stones: Geological memories of Bodiosa, Viseu\u201d is a tribute to the people who were","og:url":"https:\/\/www.binauralmedia.org\/news\/en\/arquivo\/13451","article:published_time":"2020-06-18T09:58:40+00:00","article:modified_time":"2021-09-09T11:07:37+00:00","twitter:card":"summary_large_image","twitter:title":"Virtual exhibition \u201cSpoken stones: Geological memories of Bodiosa, Viseu\u201d - binauralmedia.org","twitter:description":"Binaural Nodar, the Municipality of Viseu and the Civil Parish of Bodiosa announce on June 18th, 2020 the opening of the virtual exhibition \u201cSpoken stones: Geological Memories of Bodiosa, Viseu\u201d which can be visited through this link. The virtual exhibition \u201cSpoken stones: Geological memories of Bodiosa, Viseu\u201d is a tribute to the people who were"},"aioseo_meta_data":{"post_id":"13451","title":null,"description":null,"keywords":null,"keyphrases":null,"primary_term":null,"canonical_url":null,"og_title":null,"og_description":null,"og_object_type":"default","og_image_type":"default","og_image_custom_url":null,"og_image_custom_fields":null,"og_image_url":null,"og_image_width":null,"og_image_height":null,"og_video":null,"og_custom_url":null,"og_article_section":null,"og_article_tags":null,"twitter_use_og":false,"twitter_card":"default","twitter_image_type":"default","twitter_image_custom_url":null,"twitter_image_custom_fields":null,"twitter_image_url":null,"twitter_title":null,"twitter_description":null,"schema_type":"default","schema_type_options":null,"schema":{"blockGraphs":[],"customGraphs":[],"default":{"data":{"Article":[],"Course":[],"Dataset":[],"FAQPage":[],"Movie":[],"Person":[],"Product":[],"ProductReview":[],"Car":[],"Recipe":[],"Service":[],"SoftwareApplication":[],"WebPage":[]},"graphName":"","isEnabled":true},"graphs":[]},"pillar_content":false,"robots_default":true,"robots_noindex":false,"robots_noarchive":false,"robots_nosnippet":false,"robots_nofollow":false,"robots_noimageindex":false,"robots_noodp":false,"robots_notranslate":false,"robots_max_snippet":null,"robots_max_videopreview":null,"robots_max_imagepreview":"large","priority":null,"frequency":null,"local_seo":null,"limit_modified_date":false,"ai":null,"breadcrumb_settings":null,"seo_analyzer_scan_date":null,"created":"2026-08-05 04:21:53","updated":"2026-08-05 04:21:53","focus_keyword":null,"additional_keywords":null,"truseo_locale":null},"aioseo_breadcrumb":"<div class=\"aioseo-breadcrumbs\"><span class=\"aioseo-breadcrumb\">\n\t\t\t<a href=\"https:\/\/www.binauralmedia.org\/news\/en\" title=\"Home\">Home<\/a>\n\t\t<\/span><span class=\"aioseo-breadcrumb-separator\">&raquo;<\/span><span class=\"aioseo-breadcrumb\">\n\t\t\t<a href=\"https:\/\/www.binauralmedia.org\/news\/en\/arquivo\/category\/artistic-creations-2\" title=\"Artistic Creations\">Artistic Creations<\/a>\n\t\t<\/span><span class=\"aioseo-breadcrumb-separator\">&raquo;<\/span><span class=\"aioseo-breadcrumb\">\n\t\t\tVirtual exhibition \u201cSpoken stones: Geological memories of Bodiosa, Viseu\u201d\n\t\t<\/span><\/div>","aioseo_breadcrumb_json":[{"label":"Home","link":"https:\/\/www.binauralmedia.org\/news\/en"},{"label":"Artistic Creations","link":"https:\/\/www.binauralmedia.org\/news\/en\/arquivo\/category\/artistic-creations-2"},{"label":"Virtual exhibition &#8220;Spoken stones: Geological memories of Bodiosa, Viseu&#8221;","link":"https:\/\/www.binauralmedia.org\/news\/en\/arquivo\/13451"}],"_links":{"self":[{"href":"https:\/\/www.binauralmedia.org\/news\/en\/wp-json\/wp\/v2\/posts\/13451","targetHints":{"allow":["GET"]}}],"collection":[{"href":"https:\/\/www.binauralmedia.org\/news\/en\/wp-json\/wp\/v2\/posts"}],"about":[{"href":"https:\/\/www.binauralmedia.org\/news\/en\/wp-json\/wp\/v2\/types\/post"}],"author":[{"embeddable":true,"href":"https:\/\/www.binauralmedia.org\/news\/en\/wp-json\/wp\/v2\/users\/2"}],"replies":[{"embeddable":true,"href":"https:\/\/www.binauralmedia.org\/news\/en\/wp-json\/wp\/v2\/comments?post=13451"}],"version-history":[{"count":1,"href":"https:\/\/www.binauralmedia.org\/news\/en\/wp-json\/wp\/v2\/posts\/13451\/revisions"}],"predecessor-version":[{"id":15384,"href":"https:\/\/www.binauralmedia.org\/news\/en\/wp-json\/wp\/v2\/posts\/13451\/revisions\/15384"}],"wp:featuredmedia":[{"embeddable":true,"href":"https:\/\/www.binauralmedia.org\/news\/en\/wp-json\/wp\/v2\/media\/15323"}],"wp:attachment":[{"href":"https:\/\/www.binauralmedia.org\/news\/en\/wp-json\/wp\/v2\/media?parent=13451"}],"wp:term":[{"taxonomy":"category","embeddable":true,"href":"https:\/\/www.binauralmedia.org\/news\/en\/wp-json\/wp\/v2\/categories?post=13451"},{"taxonomy":"post_tag","embeddable":true,"href":"https:\/\/www.binauralmedia.org\/news\/en\/wp-json\/wp\/v2\/tags?post=13451"}],"curies":[{"name":"wp","href":"https:\/\/api.w.org\/{rel}","templated":true}]}}