{"id":13417,"date":"2019-10-09T17:18:22","date_gmt":"2019-10-09T17:18:22","guid":{"rendered":"https:\/\/www.binauralmedia.org\/news\/arquivo\/13417"},"modified":"2021-09-09T11:28:27","modified_gmt":"2021-09-09T11:28:27","slug":"beyond-formal-cities-international-meeting-in-castro-daire","status":"publish","type":"post","link":"https:\/\/www.binauralmedia.org\/news\/en\/arquivo\/13417","title":{"rendered":"&#8220;Beyond formal cities&#8221; international meeting in Castro Daire"},"content":{"rendered":"<div class=\"fusion-fullwidth fullwidth-box fusion-builder-row-1 fusion-flex-container nonhundred-percent-fullwidth non-hundred-percent-height-scrolling\" style=\"--awb-border-radius-top-left:0px;--awb-border-radius-top-right:0px;--awb-border-radius-bottom-right:0px;--awb-border-radius-bottom-left:0px;--awb-flex-wrap:wrap;\" ><div class=\"fusion-builder-row fusion-row fusion-flex-align-items-flex-start fusion-flex-content-wrap\" style=\"max-width:1144px;margin-left: calc(-4% \/ 2 );margin-right: calc(-4% \/ 2 );\"><div class=\"fusion-layout-column fusion_builder_column fusion-builder-column-0 fusion_builder_column_1_1 1_1 fusion-flex-column\" style=\"--awb-bg-size:cover;--awb-width-large:100%;--awb-margin-top-large:0px;--awb-spacing-right-large:1.92%;--awb-margin-bottom-large:0px;--awb-spacing-left-large:1.92%;--awb-width-medium:100%;--awb-spacing-right-medium:1.92%;--awb-spacing-left-medium:1.92%;--awb-width-small:100%;--awb-spacing-right-small:1.92%;--awb-spacing-left-small:1.92%;\"><div class=\"fusion-column-wrapper fusion-flex-justify-content-flex-start fusion-content-layout-column\"><div class=\"fusion-text fusion-text-1\"><p>Binaural Nodar and the Municipality of Castro Daire, through its Municipal Library, announce the holding, between October 23th and 26th, 2019, of the international meeting &#8220;Beyond Formal Cities&#8221;, dedicated to memories and cultural heritage associated with migratory movements to informal neighborhoods of European cities.<\/p>\n<p>This international meeting is held under the Creative Europe project &#8220;Where the city loses its name&#8221;, which includes as partners Binaural Nodar, LaFundici\u00f3 (Catalonia, Spain) and Fundatia Altart (Cluj, Romania), being the Portuguese case dedicated to the migratory flows of people from Castro Daire to the eastern part of Lisboa, specifically to the Marvila area.<\/p>\n<p>The meeting will will include a session at the Castro Daire Secondary School, a tour of the places of departure for Castro&#8217;s emigration and a public session taking place on Friday, October 24th at 6 pm, where memories and life experiences in informal neighborhoods will be shared, having as speakers Mr. Pedro Pontes (councilor for culture in the Municipality of Castro Daire), Lu\u00eds Costa (coordinator of Binaural Nodar), representatives of the foreign partners LaFundici\u00f3 and Fundatia AltArt, Jos\u00e9 Augusto Silva from the Residents Association of the PRODAC Neighborhood in Marvila and Il\u00eddio Magueijo from Casa de Castro Daire in Lisbon.<\/p>\n<\/div><\/div><\/div><\/div><\/div>\n","protected":false},"excerpt":{"rendered":"","protected":false},"author":2,"featured_media":15211,"comment_status":"closed","ping_status":"closed","sticky":false,"template":"","format":"standard","meta":{"_acf_changed":false,"_bbp_topic_count":0,"_bbp_reply_count":0,"_bbp_total_topic_count":0,"_bbp_total_reply_count":0,"_bbp_voice_count":0,"_bbp_anonymous_reply_count":0,"_bbp_topic_count_hidden":0,"_bbp_reply_count_hidden":0,"_bbp_forum_subforum_count":0,"footnotes":""},"categories":[1184,1193],"tags":[],"class_list":["post-13417","post","type-post","status-publish","format-standard","has-post-thumbnail","hentry","category-news-2","category-visual-sound-ethnograhpy-en"],"acf":[],"aioseo_notices":[],"aioseo_head":"\n\t\t<!-- All in One SEO 5.0.1.1 - aioseo.com -->\n\t<meta name=\"description\" content=\"Binaural Nodar and the Municipality of Castro Daire, through its Municipal Library, announce the holding, between October 23th and 26th, 2019, of the international meeting \u201cBeyond Formal Cities\u201d, dedicated to memories and cultural heritage associated with migratory movements to informal neighborhoods of European cities. This international meeting is held under the Creative Europe project \u201cWhere\" \/>\n\t<meta name=\"robots\" content=\"max-image-preview:large\" \/>\n\t<meta name=\"author\" content=\"luiscosta\"\/>\n\t<link rel=\"canonical\" href=\"https:\/\/www.binauralmedia.org\/news\/en\/arquivo\/13417\" \/>\n\t<meta name=\"generator\" content=\"All in One SEO (AIOSEO) 5.0.1.1\" \/>\n\t\t<meta property=\"og:locale\" content=\"en_US\" \/>\n\t\t<meta property=\"og:site_name\" content=\"binauralmedia.org - Rural Based Sound\/Media Arts &amp; Social Research\" \/>\n\t\t<meta property=\"og:type\" content=\"article\" \/>\n\t\t<meta property=\"og:title\" content=\"\u201cBeyond formal cities\u201d international meeting in Castro Daire - binauralmedia.org\" \/>\n\t\t<meta property=\"og:description\" content=\"Binaural Nodar and the Municipality of Castro Daire, through its Municipal Library, announce the holding, between October 23th and 26th, 2019, of the international meeting \u201cBeyond Formal Cities\u201d, dedicated to memories and cultural heritage associated with migratory movements to informal neighborhoods of European cities. This international meeting is held under the Creative Europe project \u201cWhere\" \/>\n\t\t<meta property=\"og:url\" content=\"https:\/\/www.binauralmedia.org\/news\/en\/arquivo\/13417\" \/>\n\t\t<meta property=\"article:published_time\" content=\"2019-10-09T17:18:22+00:00\" \/>\n\t\t<meta property=\"article:modified_time\" content=\"2021-09-09T11:28:27+00:00\" \/>\n\t\t<meta name=\"twitter:card\" content=\"summary_large_image\" \/>\n\t\t<meta name=\"twitter:title\" content=\"\u201cBeyond formal cities\u201d international meeting in Castro Daire - binauralmedia.org\" \/>\n\t\t<meta name=\"twitter:description\" content=\"Binaural Nodar and the Municipality of Castro Daire, through its Municipal Library, announce the holding, between October 23th and 26th, 2019, of the international meeting \u201cBeyond Formal Cities\u201d, dedicated to memories and cultural heritage associated with migratory movements to informal neighborhoods of European cities. This international meeting is held under the Creative Europe project \u201cWhere\" \/>\n\t\t<script type=\"application\/ld+json\" class=\"aioseo-schema\">\n\t\t\t{\"@context\":\"https:\\\/\\\/schema.org\",\"@graph\":[{\"@type\":\"BlogPosting\",\"@id\":\"https:\\\/\\\/www.binauralmedia.org\\\/news\\\/en\\\/arquivo\\\/13417#blogposting\",\"name\":\"\\u201cBeyond formal cities\\u201d international meeting in Castro Daire - binauralmedia.org\",\"headline\":\"&#8220;Beyond formal cities&#8221; international meeting in Castro Daire\",\"author\":{\"@id\":\"https:\\\/\\\/www.binauralmedia.org\\\/news\\\/en\\\/arquivo\\\/author\\\/luiscosta#author\"},\"publisher\":{\"@id\":\"https:\\\/\\\/www.binauralmedia.org\\\/news\\\/en\\\/#organization\"},\"image\":{\"@type\":\"ImageObject\",\"url\":\"https:\\\/\\\/www.binauralmedia.org\\\/news\\\/wp-content\\\/uploads\\\/Encontro-internacional-Beyond-Formal-Cities-website.jpg\",\"width\":1200,\"height\":800},\"datePublished\":\"2019-10-09T17:18:22+00:00\",\"dateModified\":\"2021-09-09T11:28:27+00:00\",\"inLanguage\":\"en-US\",\"mainEntityOfPage\":{\"@id\":\"https:\\\/\\\/www.binauralmedia.org\\\/news\\\/en\\\/arquivo\\\/13417#webpage\"},\"isPartOf\":{\"@id\":\"https:\\\/\\\/www.binauralmedia.org\\\/news\\\/en\\\/arquivo\\\/13417#webpage\"},\"articleSection\":\"News, Visual and Sound Ethnography\"},{\"@type\":\"BreadcrumbList\",\"@id\":\"https:\\\/\\\/www.binauralmedia.org\\\/news\\\/en\\\/arquivo\\\/13417#breadcrumblist\",\"itemListElement\":[{\"@type\":\"ListItem\",\"@id\":\"https:\\\/\\\/www.binauralmedia.org\\\/news\\\/en#listItem\",\"position\":1,\"name\":\"Home\",\"item\":\"https:\\\/\\\/www.binauralmedia.org\\\/news\\\/en\",\"nextItem\":{\"@type\":\"ListItem\",\"@id\":\"https:\\\/\\\/www.binauralmedia.org\\\/news\\\/en\\\/arquivo\\\/category\\\/news-2#listItem\",\"name\":\"News\"}},{\"@type\":\"ListItem\",\"@id\":\"https:\\\/\\\/www.binauralmedia.org\\\/news\\\/en\\\/arquivo\\\/category\\\/news-2#listItem\",\"position\":2,\"name\":\"News\",\"item\":\"https:\\\/\\\/www.binauralmedia.org\\\/news\\\/en\\\/arquivo\\\/category\\\/news-2\",\"nextItem\":{\"@type\":\"ListItem\",\"@id\":\"https:\\\/\\\/www.binauralmedia.org\\\/news\\\/en\\\/arquivo\\\/13417#listItem\",\"name\":\"&#8220;Beyond formal cities&#8221; international meeting in Castro Daire\"},\"previousItem\":{\"@type\":\"ListItem\",\"@id\":\"https:\\\/\\\/www.binauralmedia.org\\\/news\\\/en#listItem\",\"name\":\"Home\"}},{\"@type\":\"ListItem\",\"@id\":\"https:\\\/\\\/www.binauralmedia.org\\\/news\\\/en\\\/arquivo\\\/13417#listItem\",\"position\":3,\"name\":\"&#8220;Beyond formal cities&#8221; international meeting in Castro Daire\",\"previousItem\":{\"@type\":\"ListItem\",\"@id\":\"https:\\\/\\\/www.binauralmedia.org\\\/news\\\/en\\\/arquivo\\\/category\\\/news-2#listItem\",\"name\":\"News\"}}]},{\"@type\":\"Organization\",\"@id\":\"https:\\\/\\\/www.binauralmedia.org\\\/news\\\/en\\\/#organization\",\"name\":\"binauralmedia.org\",\"description\":\"Rural Based Sound\\\/Media Arts & Social Research\",\"url\":\"https:\\\/\\\/www.binauralmedia.org\\\/news\\\/en\\\/\"},{\"@type\":\"Person\",\"@id\":\"https:\\\/\\\/www.binauralmedia.org\\\/news\\\/en\\\/arquivo\\\/author\\\/luiscosta#author\",\"url\":\"https:\\\/\\\/www.binauralmedia.org\\\/news\\\/en\\\/arquivo\\\/author\\\/luiscosta\",\"name\":\"luiscosta\"},{\"@type\":\"WebPage\",\"@id\":\"https:\\\/\\\/www.binauralmedia.org\\\/news\\\/en\\\/arquivo\\\/13417#webpage\",\"url\":\"https:\\\/\\\/www.binauralmedia.org\\\/news\\\/en\\\/arquivo\\\/13417\",\"name\":\"\\u201cBeyond formal cities\\u201d international meeting in Castro Daire - binauralmedia.org\",\"description\":\"Binaural Nodar and the Municipality of Castro Daire, through its Municipal Library, announce the holding, between October 23th and 26th, 2019, of the international meeting \\u201cBeyond Formal Cities\\u201d, dedicated to memories and cultural heritage associated with migratory movements to informal neighborhoods of European cities. This international meeting is held under the Creative Europe project \\u201cWhere\",\"inLanguage\":\"en-US\",\"isPartOf\":{\"@id\":\"https:\\\/\\\/www.binauralmedia.org\\\/news\\\/en\\\/#website\"},\"breadcrumb\":{\"@id\":\"https:\\\/\\\/www.binauralmedia.org\\\/news\\\/en\\\/arquivo\\\/13417#breadcrumblist\"},\"author\":{\"@id\":\"https:\\\/\\\/www.binauralmedia.org\\\/news\\\/en\\\/arquivo\\\/author\\\/luiscosta#author\"},\"creator\":{\"@id\":\"https:\\\/\\\/www.binauralmedia.org\\\/news\\\/en\\\/arquivo\\\/author\\\/luiscosta#author\"},\"image\":{\"@type\":\"ImageObject\",\"url\":\"https:\\\/\\\/www.binauralmedia.org\\\/news\\\/wp-content\\\/uploads\\\/Encontro-internacional-Beyond-Formal-Cities-website.jpg\",\"@id\":\"https:\\\/\\\/www.binauralmedia.org\\\/news\\\/en\\\/arquivo\\\/13417\\\/#mainImage\",\"width\":1200,\"height\":800},\"primaryImageOfPage\":{\"@id\":\"https:\\\/\\\/www.binauralmedia.org\\\/news\\\/en\\\/arquivo\\\/13417#mainImage\"},\"datePublished\":\"2019-10-09T17:18:22+00:00\",\"dateModified\":\"2021-09-09T11:28:27+00:00\"},{\"@type\":\"WebSite\",\"@id\":\"https:\\\/\\\/www.binauralmedia.org\\\/news\\\/en\\\/#website\",\"url\":\"https:\\\/\\\/www.binauralmedia.org\\\/news\\\/en\\\/\",\"name\":\"binauralmedia.org\",\"description\":\"Rural Based Sound\\\/Media Arts & Social Research\",\"inLanguage\":\"en-US\",\"publisher\":{\"@id\":\"https:\\\/\\\/www.binauralmedia.org\\\/news\\\/en\\\/#organization\"}}]}\n\t\t<\/script>\n\t\t<!-- All in One SEO -->\n\n","aioseo_head_json":{"title":"\u201cBeyond formal cities\u201d international meeting in Castro Daire - binauralmedia.org","description":"Binaural Nodar and the Municipality of Castro Daire, through its Municipal Library, announce the holding, between October 23th and 26th, 2019, of the international meeting \u201cBeyond Formal Cities\u201d, dedicated to memories and cultural heritage associated with migratory movements to informal neighborhoods of European cities. This international meeting is held under the Creative Europe project \u201cWhere","canonical_url":"https:\/\/www.binauralmedia.org\/news\/en\/arquivo\/13417","robots":"max-image-preview:large","keywords":"","webmasterTools":{"miscellaneous":""},"schema":{"@context":"https:\/\/schema.org","@graph":[{"@type":"BlogPosting","@id":"https:\/\/www.binauralmedia.org\/news\/en\/arquivo\/13417#blogposting","name":"\u201cBeyond formal cities\u201d international meeting in Castro Daire - binauralmedia.org","headline":"&#8220;Beyond formal cities&#8221; international meeting in Castro Daire","author":{"@id":"https:\/\/www.binauralmedia.org\/news\/en\/arquivo\/author\/luiscosta#author"},"publisher":{"@id":"https:\/\/www.binauralmedia.org\/news\/en\/#organization"},"image":{"@type":"ImageObject","url":"https:\/\/www.binauralmedia.org\/news\/wp-content\/uploads\/Encontro-internacional-Beyond-Formal-Cities-website.jpg","width":1200,"height":800},"datePublished":"2019-10-09T17:18:22+00:00","dateModified":"2021-09-09T11:28:27+00:00","inLanguage":"en-US","mainEntityOfPage":{"@id":"https:\/\/www.binauralmedia.org\/news\/en\/arquivo\/13417#webpage"},"isPartOf":{"@id":"https:\/\/www.binauralmedia.org\/news\/en\/arquivo\/13417#webpage"},"articleSection":"News, Visual and Sound Ethnography"},{"@type":"BreadcrumbList","@id":"https:\/\/www.binauralmedia.org\/news\/en\/arquivo\/13417#breadcrumblist","itemListElement":[{"@type":"ListItem","@id":"https:\/\/www.binauralmedia.org\/news\/en#listItem","position":1,"name":"Home","item":"https:\/\/www.binauralmedia.org\/news\/en","nextItem":{"@type":"ListItem","@id":"https:\/\/www.binauralmedia.org\/news\/en\/arquivo\/category\/news-2#listItem","name":"News"}},{"@type":"ListItem","@id":"https:\/\/www.binauralmedia.org\/news\/en\/arquivo\/category\/news-2#listItem","position":2,"name":"News","item":"https:\/\/www.binauralmedia.org\/news\/en\/arquivo\/category\/news-2","nextItem":{"@type":"ListItem","@id":"https:\/\/www.binauralmedia.org\/news\/en\/arquivo\/13417#listItem","name":"&#8220;Beyond formal cities&#8221; international meeting in Castro Daire"},"previousItem":{"@type":"ListItem","@id":"https:\/\/www.binauralmedia.org\/news\/en#listItem","name":"Home"}},{"@type":"ListItem","@id":"https:\/\/www.binauralmedia.org\/news\/en\/arquivo\/13417#listItem","position":3,"name":"&#8220;Beyond formal cities&#8221; international meeting in Castro Daire","previousItem":{"@type":"ListItem","@id":"https:\/\/www.binauralmedia.org\/news\/en\/arquivo\/category\/news-2#listItem","name":"News"}}]},{"@type":"Organization","@id":"https:\/\/www.binauralmedia.org\/news\/en\/#organization","name":"binauralmedia.org","description":"Rural Based Sound\/Media Arts & Social Research","url":"https:\/\/www.binauralmedia.org\/news\/en\/"},{"@type":"Person","@id":"https:\/\/www.binauralmedia.org\/news\/en\/arquivo\/author\/luiscosta#author","url":"https:\/\/www.binauralmedia.org\/news\/en\/arquivo\/author\/luiscosta","name":"luiscosta"},{"@type":"WebPage","@id":"https:\/\/www.binauralmedia.org\/news\/en\/arquivo\/13417#webpage","url":"https:\/\/www.binauralmedia.org\/news\/en\/arquivo\/13417","name":"\u201cBeyond formal cities\u201d international meeting in Castro Daire - binauralmedia.org","description":"Binaural Nodar and the Municipality of Castro Daire, through its Municipal Library, announce the holding, between October 23th and 26th, 2019, of the international meeting \u201cBeyond Formal Cities\u201d, dedicated to memories and cultural heritage associated with migratory movements to informal neighborhoods of European cities. This international meeting is held under the Creative Europe project \u201cWhere","inLanguage":"en-US","isPartOf":{"@id":"https:\/\/www.binauralmedia.org\/news\/en\/#website"},"breadcrumb":{"@id":"https:\/\/www.binauralmedia.org\/news\/en\/arquivo\/13417#breadcrumblist"},"author":{"@id":"https:\/\/www.binauralmedia.org\/news\/en\/arquivo\/author\/luiscosta#author"},"creator":{"@id":"https:\/\/www.binauralmedia.org\/news\/en\/arquivo\/author\/luiscosta#author"},"image":{"@type":"ImageObject","url":"https:\/\/www.binauralmedia.org\/news\/wp-content\/uploads\/Encontro-internacional-Beyond-Formal-Cities-website.jpg","@id":"https:\/\/www.binauralmedia.org\/news\/en\/arquivo\/13417\/#mainImage","width":1200,"height":800},"primaryImageOfPage":{"@id":"https:\/\/www.binauralmedia.org\/news\/en\/arquivo\/13417#mainImage"},"datePublished":"2019-10-09T17:18:22+00:00","dateModified":"2021-09-09T11:28:27+00:00"},{"@type":"WebSite","@id":"https:\/\/www.binauralmedia.org\/news\/en\/#website","url":"https:\/\/www.binauralmedia.org\/news\/en\/","name":"binauralmedia.org","description":"Rural Based Sound\/Media Arts & Social Research","inLanguage":"en-US","publisher":{"@id":"https:\/\/www.binauralmedia.org\/news\/en\/#organization"}}]},"og:locale":"en_US","og:site_name":"binauralmedia.org - Rural Based Sound\/Media Arts &amp; Social Research","og:type":"article","og:title":"\u201cBeyond formal cities\u201d international meeting in Castro Daire - binauralmedia.org","og:description":"Binaural Nodar and the Municipality of Castro Daire, through its Municipal Library, announce the holding, between October 23th and 26th, 2019, of the international meeting \u201cBeyond Formal Cities\u201d, dedicated to memories and cultural heritage associated with migratory movements to informal neighborhoods of European cities. This international meeting is held under the Creative Europe project \u201cWhere","og:url":"https:\/\/www.binauralmedia.org\/news\/en\/arquivo\/13417","article:published_time":"2019-10-09T17:18:22+00:00","article:modified_time":"2021-09-09T11:28:27+00:00","twitter:card":"summary_large_image","twitter:title":"\u201cBeyond formal cities\u201d international meeting in Castro Daire - binauralmedia.org","twitter:description":"Binaural Nodar and the Municipality of Castro Daire, through its Municipal Library, announce the holding, between October 23th and 26th, 2019, of the international meeting \u201cBeyond Formal Cities\u201d, dedicated to memories and cultural heritage associated with migratory movements to informal neighborhoods of European cities. This international meeting is held under the Creative Europe project \u201cWhere"},"aioseo_meta_data":{"post_id":"13417","title":null,"description":null,"keywords":null,"keyphrases":null,"primary_term":null,"canonical_url":null,"og_title":null,"og_description":null,"og_object_type":"default","og_image_type":"default","og_image_custom_url":null,"og_image_custom_fields":null,"og_image_url":null,"og_image_width":null,"og_image_height":null,"og_video":null,"og_custom_url":null,"og_article_section":null,"og_article_tags":null,"twitter_use_og":false,"twitter_card":"default","twitter_image_type":"default","twitter_image_custom_url":null,"twitter_image_custom_fields":null,"twitter_image_url":null,"twitter_title":null,"twitter_description":null,"schema_type":"default","schema_type_options":null,"schema":{"blockGraphs":[],"customGraphs":[],"default":{"data":{"Article":[],"Course":[],"Dataset":[],"FAQPage":[],"Movie":[],"Person":[],"Product":[],"ProductReview":[],"Car":[],"Recipe":[],"Service":[],"SoftwareApplication":[],"WebPage":[]},"graphName":"","isEnabled":true},"graphs":[]},"pillar_content":false,"robots_default":true,"robots_noindex":false,"robots_noarchive":false,"robots_nosnippet":false,"robots_nofollow":false,"robots_noimageindex":false,"robots_noodp":false,"robots_notranslate":false,"robots_max_snippet":null,"robots_max_videopreview":null,"robots_max_imagepreview":"large","priority":null,"frequency":null,"local_seo":null,"limit_modified_date":false,"ai":null,"breadcrumb_settings":null,"seo_analyzer_scan_date":null,"created":"2026-08-05 04:12:54","updated":"2026-08-05 04:12:54","focus_keyword":null,"additional_keywords":null,"truseo_locale":null},"aioseo_breadcrumb":"<div class=\"aioseo-breadcrumbs\"><span class=\"aioseo-breadcrumb\">\n\t\t\t<a href=\"https:\/\/www.binauralmedia.org\/news\/en\" title=\"Home\">Home<\/a>\n\t\t<\/span><span class=\"aioseo-breadcrumb-separator\">&raquo;<\/span><span class=\"aioseo-breadcrumb\">\n\t\t\t<a href=\"https:\/\/www.binauralmedia.org\/news\/en\/arquivo\/category\/news-2\" title=\"News\">News<\/a>\n\t\t<\/span><span class=\"aioseo-breadcrumb-separator\">&raquo;<\/span><span class=\"aioseo-breadcrumb\">\n\t\t\t\u201cBeyond formal cities\u201d international meeting in Castro Daire\n\t\t<\/span><\/div>","aioseo_breadcrumb_json":[{"label":"Home","link":"https:\/\/www.binauralmedia.org\/news\/en"},{"label":"News","link":"https:\/\/www.binauralmedia.org\/news\/en\/arquivo\/category\/news-2"},{"label":"&#8220;Beyond formal cities&#8221; international meeting in Castro Daire","link":"https:\/\/www.binauralmedia.org\/news\/en\/arquivo\/13417"}],"_links":{"self":[{"href":"https:\/\/www.binauralmedia.org\/news\/en\/wp-json\/wp\/v2\/posts\/13417","targetHints":{"allow":["GET"]}}],"collection":[{"href":"https:\/\/www.binauralmedia.org\/news\/en\/wp-json\/wp\/v2\/posts"}],"about":[{"href":"https:\/\/www.binauralmedia.org\/news\/en\/wp-json\/wp\/v2\/types\/post"}],"author":[{"embeddable":true,"href":"https:\/\/www.binauralmedia.org\/news\/en\/wp-json\/wp\/v2\/users\/2"}],"replies":[{"embeddable":true,"href":"https:\/\/www.binauralmedia.org\/news\/en\/wp-json\/wp\/v2\/comments?post=13417"}],"version-history":[{"count":1,"href":"https:\/\/www.binauralmedia.org\/news\/en\/wp-json\/wp\/v2\/posts\/13417\/revisions"}],"predecessor-version":[{"id":15402,"href":"https:\/\/www.binauralmedia.org\/news\/en\/wp-json\/wp\/v2\/posts\/13417\/revisions\/15402"}],"wp:featuredmedia":[{"embeddable":true,"href":"https:\/\/www.binauralmedia.org\/news\/en\/wp-json\/wp\/v2\/media\/15211"}],"wp:attachment":[{"href":"https:\/\/www.binauralmedia.org\/news\/en\/wp-json\/wp\/v2\/media?parent=13417"}],"wp:term":[{"taxonomy":"category","embeddable":true,"href":"https:\/\/www.binauralmedia.org\/news\/en\/wp-json\/wp\/v2\/categories?post=13417"},{"taxonomy":"post_tag","embeddable":true,"href":"https:\/\/www.binauralmedia.org\/news\/en\/wp-json\/wp\/v2\/tags?post=13417"}],"curies":[{"name":"wp","href":"https:\/\/api.w.org\/{rel}","templated":true}]}}