{"id":13405,"date":"2019-07-25T16:11:35","date_gmt":"2019-07-25T16:11:35","guid":{"rendered":"https:\/\/www.binauralmedia.org\/news\/arquivo\/13405"},"modified":"2021-09-27T11:32:30","modified_gmt":"2021-09-27T11:32:30","slug":"multimedia-exhibition-new-expressions-of-the-territory","status":"publish","type":"post","link":"https:\/\/www.binauralmedia.org\/news\/en\/arquivo\/13405","title":{"rendered":"Multimedia exhibition &#8220;New expressions of the territory&#8221;"},"content":{"rendered":"<div class=\"fusion-fullwidth fullwidth-box fusion-builder-row-1 fusion-flex-container nonhundred-percent-fullwidth non-hundred-percent-height-scrolling\" style=\"--awb-border-radius-top-left:0px;--awb-border-radius-top-right:0px;--awb-border-radius-bottom-right:0px;--awb-border-radius-bottom-left:0px;--awb-flex-wrap:wrap;\" ><div class=\"fusion-builder-row fusion-row fusion-flex-align-items-flex-start fusion-flex-content-wrap\" style=\"max-width:1144px;margin-left: calc(-4% \/ 2 );margin-right: calc(-4% \/ 2 );\"><div class=\"fusion-layout-column fusion_builder_column fusion-builder-column-0 fusion_builder_column_1_1 1_1 fusion-flex-column\" style=\"--awb-bg-size:cover;--awb-width-large:100%;--awb-margin-top-large:0px;--awb-spacing-right-large:1.92%;--awb-margin-bottom-large:0px;--awb-spacing-left-large:1.92%;--awb-width-medium:100%;--awb-spacing-right-medium:1.92%;--awb-spacing-left-medium:1.92%;--awb-width-small:100%;--awb-spacing-right-small:1.92%;--awb-spacing-left-small:1.92%;\"><div class=\"fusion-column-wrapper fusion-flex-justify-content-flex-start fusion-content-layout-column\"><div class=\"fusion-text fusion-text-1\"><p>Multimedia exhibition &#8220;New Expressions of the Territory&#8221;<br \/>\nA production by Binaural Nodar for the Intermunicipal Community Viseu D\u00e3o Laf\u00f5es<\/p>\n<p>15 to 30 August<br \/>\nMunicipal Museum of Oliveira de Frades (Municipality of Oliveira de Frades)<\/p>\n<p>2 to 13 September<br \/>\nSat\u00e3o Culture House (Municipality of S\u00e1t\u00e3o)<\/p>\n<p>14 to 29 September<br \/>\nMunicipal Library of Nelas (Municipality of Nelas)<\/p>\n<p>1 to 13 October<br \/>\nD. Afonso Henriques Thermal Spa of S\u00e3o Pedro do Sul (Municipality of S\u00e3o Pedro do Sul)<\/p>\n<p>4 to 18 November<br \/>\nMunicipal Library of Mangualde (Municipality of Mangualde)<\/p>\n<p>The cultural heritage of any region consists of a dense network of aspects (legends and oral traditions, fauna, flora, geography and geology, agriculture and cattle breeding, forest and wilderness, handicrafts, oral stories, music and traditional songs, popular religiosity, traditional architecture, personalities and historical contexts, etc.), which are literally infinite and shared by the fourteen municipalities of the Viseu D\u00e3o Laf\u00f5es Region.<\/p>\n<p>\u201cNew Expressions of the Territory\u201d is an audiovisual exhibition that starts from a set of artistic creations made from recordings made in landscapes and with communities of the fourteen municipalities in the region, flowing themes and narratives that propose non-literal poetic dimensions, thus trying to escape from the most common clich\u00e9s related to heritage.<\/p>\n<p>Credits:<\/p>\n<p>Original concept: Lu\u00eds Costa<br \/>\nOriginal sound and video recordings by Lu\u00eds Costa, Manuela Barile, Jo\u00e3o Farelo, Liliana Silva and Rui Costa<br \/>\nVideo editing: Liliana Silva<br \/>\nSound, text and voice editing: Lu\u00eds Costa<br \/>\nExhibition planning: Lu\u00eds Costa and Liliana Silva<br \/>\nIllustrations: Liliana Silva<br \/>\nExecutive production: Diana Silva<\/p>\n<\/div><\/div><\/div><\/div><\/div>\n","protected":false},"excerpt":{"rendered":"","protected":false},"author":2,"featured_media":15184,"comment_status":"closed","ping_status":"closed","sticky":false,"template":"","format":"standard","meta":{"_acf_changed":false,"_bbp_topic_count":0,"_bbp_reply_count":0,"_bbp_total_topic_count":0,"_bbp_total_reply_count":0,"_bbp_voice_count":0,"_bbp_anonymous_reply_count":0,"_bbp_topic_count_hidden":0,"_bbp_reply_count_hidden":0,"_bbp_forum_subforum_count":0,"footnotes":""},"categories":[1183,1184,1193],"tags":[],"class_list":["post-13405","post","type-post","status-publish","format-standard","has-post-thumbnail","hentry","category-artistic-creations-2","category-news-2","category-visual-sound-ethnograhpy-en"],"acf":[],"aioseo_notices":[],"aioseo_head":"\n\t\t<!-- All in One SEO 5.0.1.1 - aioseo.com -->\n\t<meta name=\"description\" content=\"Multimedia exhibition \u201cNew Expressions of the Territory\u201d A production by Binaural Nodar for the Intermunicipal Community Viseu D\u00e3o Laf\u00f5es 15 to 30 August Municipal Museum of Oliveira de Frades (Municipality of Oliveira de Frades) 2 to 13 September Sat\u00e3o Culture House (Municipality of S\u00e1t\u00e3o) 14 to 29 September Municipal Library of Nelas (Municipality of Nelas)\" \/>\n\t<meta name=\"robots\" content=\"max-image-preview:large\" \/>\n\t<meta name=\"author\" content=\"luiscosta\"\/>\n\t<link rel=\"canonical\" href=\"https:\/\/www.binauralmedia.org\/news\/en\/arquivo\/13405\" \/>\n\t<meta name=\"generator\" content=\"All in One SEO (AIOSEO) 5.0.1.1\" \/>\n\t\t<meta property=\"og:locale\" content=\"en_US\" \/>\n\t\t<meta property=\"og:site_name\" content=\"binauralmedia.org - Rural Based Sound\/Media Arts &amp; Social Research\" \/>\n\t\t<meta property=\"og:type\" content=\"article\" \/>\n\t\t<meta property=\"og:title\" content=\"Multimedia exhibition \u201cNew expressions of the territory\u201d - binauralmedia.org\" \/>\n\t\t<meta property=\"og:description\" content=\"Multimedia exhibition \u201cNew Expressions of the Territory\u201d A production by Binaural Nodar for the Intermunicipal Community Viseu D\u00e3o Laf\u00f5es 15 to 30 August Municipal Museum of Oliveira de Frades (Municipality of Oliveira de Frades) 2 to 13 September Sat\u00e3o Culture House (Municipality of S\u00e1t\u00e3o) 14 to 29 September Municipal Library of Nelas (Municipality of Nelas)\" \/>\n\t\t<meta property=\"og:url\" content=\"https:\/\/www.binauralmedia.org\/news\/en\/arquivo\/13405\" \/>\n\t\t<meta property=\"article:published_time\" content=\"2019-07-25T16:11:35+00:00\" \/>\n\t\t<meta property=\"article:modified_time\" content=\"2021-09-27T11:32:30+00:00\" \/>\n\t\t<meta name=\"twitter:card\" content=\"summary_large_image\" \/>\n\t\t<meta name=\"twitter:title\" content=\"Multimedia exhibition \u201cNew expressions of the territory\u201d - binauralmedia.org\" \/>\n\t\t<meta name=\"twitter:description\" content=\"Multimedia exhibition \u201cNew Expressions of the Territory\u201d A production by Binaural Nodar for the Intermunicipal Community Viseu D\u00e3o Laf\u00f5es 15 to 30 August Municipal Museum of Oliveira de Frades (Municipality of Oliveira de Frades) 2 to 13 September Sat\u00e3o Culture House (Municipality of S\u00e1t\u00e3o) 14 to 29 September Municipal Library of Nelas (Municipality of Nelas)\" \/>\n\t\t<script type=\"application\/ld+json\" class=\"aioseo-schema\">\n\t\t\t{\"@context\":\"https:\\\/\\\/schema.org\",\"@graph\":[{\"@type\":\"BlogPosting\",\"@id\":\"https:\\\/\\\/www.binauralmedia.org\\\/news\\\/en\\\/arquivo\\\/13405#blogposting\",\"name\":\"Multimedia exhibition \\u201cNew expressions of the territory\\u201d - binauralmedia.org\",\"headline\":\"Multimedia exhibition &#8220;New expressions of the territory&#8221;\",\"author\":{\"@id\":\"https:\\\/\\\/www.binauralmedia.org\\\/news\\\/en\\\/arquivo\\\/author\\\/luiscosta#author\"},\"publisher\":{\"@id\":\"https:\\\/\\\/www.binauralmedia.org\\\/news\\\/en\\\/#organization\"},\"image\":{\"@type\":\"ImageObject\",\"url\":\"https:\\\/\\\/www.binauralmedia.org\\\/news\\\/wp-content\\\/uploads\\\/67402171_2411119015601513_9110555731458785280_n-e1567696444518.jpg\",\"width\":660,\"height\":439},\"datePublished\":\"2019-07-25T16:11:35+00:00\",\"dateModified\":\"2021-09-27T11:32:30+00:00\",\"inLanguage\":\"en-US\",\"mainEntityOfPage\":{\"@id\":\"https:\\\/\\\/www.binauralmedia.org\\\/news\\\/en\\\/arquivo\\\/13405#webpage\"},\"isPartOf\":{\"@id\":\"https:\\\/\\\/www.binauralmedia.org\\\/news\\\/en\\\/arquivo\\\/13405#webpage\"},\"articleSection\":\"Artistic Creations, News, Visual and Sound Ethnography\"},{\"@type\":\"BreadcrumbList\",\"@id\":\"https:\\\/\\\/www.binauralmedia.org\\\/news\\\/en\\\/arquivo\\\/13405#breadcrumblist\",\"itemListElement\":[{\"@type\":\"ListItem\",\"@id\":\"https:\\\/\\\/www.binauralmedia.org\\\/news\\\/en#listItem\",\"position\":1,\"name\":\"Home\",\"item\":\"https:\\\/\\\/www.binauralmedia.org\\\/news\\\/en\",\"nextItem\":{\"@type\":\"ListItem\",\"@id\":\"https:\\\/\\\/www.binauralmedia.org\\\/news\\\/en\\\/arquivo\\\/category\\\/artistic-creations-2#listItem\",\"name\":\"Artistic Creations\"}},{\"@type\":\"ListItem\",\"@id\":\"https:\\\/\\\/www.binauralmedia.org\\\/news\\\/en\\\/arquivo\\\/category\\\/artistic-creations-2#listItem\",\"position\":2,\"name\":\"Artistic Creations\",\"item\":\"https:\\\/\\\/www.binauralmedia.org\\\/news\\\/en\\\/arquivo\\\/category\\\/artistic-creations-2\",\"nextItem\":{\"@type\":\"ListItem\",\"@id\":\"https:\\\/\\\/www.binauralmedia.org\\\/news\\\/en\\\/arquivo\\\/13405#listItem\",\"name\":\"Multimedia exhibition &#8220;New expressions of the territory&#8221;\"},\"previousItem\":{\"@type\":\"ListItem\",\"@id\":\"https:\\\/\\\/www.binauralmedia.org\\\/news\\\/en#listItem\",\"name\":\"Home\"}},{\"@type\":\"ListItem\",\"@id\":\"https:\\\/\\\/www.binauralmedia.org\\\/news\\\/en\\\/arquivo\\\/13405#listItem\",\"position\":3,\"name\":\"Multimedia exhibition &#8220;New expressions of the territory&#8221;\",\"previousItem\":{\"@type\":\"ListItem\",\"@id\":\"https:\\\/\\\/www.binauralmedia.org\\\/news\\\/en\\\/arquivo\\\/category\\\/artistic-creations-2#listItem\",\"name\":\"Artistic Creations\"}}]},{\"@type\":\"Organization\",\"@id\":\"https:\\\/\\\/www.binauralmedia.org\\\/news\\\/en\\\/#organization\",\"name\":\"binauralmedia.org\",\"description\":\"Rural Based Sound\\\/Media Arts & Social Research\",\"url\":\"https:\\\/\\\/www.binauralmedia.org\\\/news\\\/en\\\/\"},{\"@type\":\"Person\",\"@id\":\"https:\\\/\\\/www.binauralmedia.org\\\/news\\\/en\\\/arquivo\\\/author\\\/luiscosta#author\",\"url\":\"https:\\\/\\\/www.binauralmedia.org\\\/news\\\/en\\\/arquivo\\\/author\\\/luiscosta\",\"name\":\"luiscosta\"},{\"@type\":\"WebPage\",\"@id\":\"https:\\\/\\\/www.binauralmedia.org\\\/news\\\/en\\\/arquivo\\\/13405#webpage\",\"url\":\"https:\\\/\\\/www.binauralmedia.org\\\/news\\\/en\\\/arquivo\\\/13405\",\"name\":\"Multimedia exhibition \\u201cNew expressions of the territory\\u201d - binauralmedia.org\",\"description\":\"Multimedia exhibition \\u201cNew Expressions of the Territory\\u201d A production by Binaural Nodar for the Intermunicipal Community Viseu D\\u00e3o Laf\\u00f5es 15 to 30 August Municipal Museum of Oliveira de Frades (Municipality of Oliveira de Frades) 2 to 13 September Sat\\u00e3o Culture House (Municipality of S\\u00e1t\\u00e3o) 14 to 29 September Municipal Library of Nelas (Municipality of Nelas)\",\"inLanguage\":\"en-US\",\"isPartOf\":{\"@id\":\"https:\\\/\\\/www.binauralmedia.org\\\/news\\\/en\\\/#website\"},\"breadcrumb\":{\"@id\":\"https:\\\/\\\/www.binauralmedia.org\\\/news\\\/en\\\/arquivo\\\/13405#breadcrumblist\"},\"author\":{\"@id\":\"https:\\\/\\\/www.binauralmedia.org\\\/news\\\/en\\\/arquivo\\\/author\\\/luiscosta#author\"},\"creator\":{\"@id\":\"https:\\\/\\\/www.binauralmedia.org\\\/news\\\/en\\\/arquivo\\\/author\\\/luiscosta#author\"},\"image\":{\"@type\":\"ImageObject\",\"url\":\"https:\\\/\\\/www.binauralmedia.org\\\/news\\\/wp-content\\\/uploads\\\/67402171_2411119015601513_9110555731458785280_n-e1567696444518.jpg\",\"@id\":\"https:\\\/\\\/www.binauralmedia.org\\\/news\\\/en\\\/arquivo\\\/13405\\\/#mainImage\",\"width\":660,\"height\":439},\"primaryImageOfPage\":{\"@id\":\"https:\\\/\\\/www.binauralmedia.org\\\/news\\\/en\\\/arquivo\\\/13405#mainImage\"},\"datePublished\":\"2019-07-25T16:11:35+00:00\",\"dateModified\":\"2021-09-27T11:32:30+00:00\"},{\"@type\":\"WebSite\",\"@id\":\"https:\\\/\\\/www.binauralmedia.org\\\/news\\\/en\\\/#website\",\"url\":\"https:\\\/\\\/www.binauralmedia.org\\\/news\\\/en\\\/\",\"name\":\"binauralmedia.org\",\"description\":\"Rural Based Sound\\\/Media Arts & Social Research\",\"inLanguage\":\"en-US\",\"publisher\":{\"@id\":\"https:\\\/\\\/www.binauralmedia.org\\\/news\\\/en\\\/#organization\"}}]}\n\t\t<\/script>\n\t\t<!-- All in One SEO -->\n\n","aioseo_head_json":{"title":"Multimedia exhibition \u201cNew expressions of the territory\u201d - binauralmedia.org","description":"Multimedia exhibition \u201cNew Expressions of the Territory\u201d A production by Binaural Nodar for the Intermunicipal Community Viseu D\u00e3o Laf\u00f5es 15 to 30 August Municipal Museum of Oliveira de Frades (Municipality of Oliveira de Frades) 2 to 13 September Sat\u00e3o Culture House (Municipality of S\u00e1t\u00e3o) 14 to 29 September Municipal Library of Nelas (Municipality of Nelas)","canonical_url":"https:\/\/www.binauralmedia.org\/news\/en\/arquivo\/13405","robots":"max-image-preview:large","keywords":"","webmasterTools":{"miscellaneous":""},"schema":{"@context":"https:\/\/schema.org","@graph":[{"@type":"BlogPosting","@id":"https:\/\/www.binauralmedia.org\/news\/en\/arquivo\/13405#blogposting","name":"Multimedia exhibition \u201cNew expressions of the territory\u201d - binauralmedia.org","headline":"Multimedia exhibition &#8220;New expressions of the territory&#8221;","author":{"@id":"https:\/\/www.binauralmedia.org\/news\/en\/arquivo\/author\/luiscosta#author"},"publisher":{"@id":"https:\/\/www.binauralmedia.org\/news\/en\/#organization"},"image":{"@type":"ImageObject","url":"https:\/\/www.binauralmedia.org\/news\/wp-content\/uploads\/67402171_2411119015601513_9110555731458785280_n-e1567696444518.jpg","width":660,"height":439},"datePublished":"2019-07-25T16:11:35+00:00","dateModified":"2021-09-27T11:32:30+00:00","inLanguage":"en-US","mainEntityOfPage":{"@id":"https:\/\/www.binauralmedia.org\/news\/en\/arquivo\/13405#webpage"},"isPartOf":{"@id":"https:\/\/www.binauralmedia.org\/news\/en\/arquivo\/13405#webpage"},"articleSection":"Artistic Creations, News, Visual and Sound Ethnography"},{"@type":"BreadcrumbList","@id":"https:\/\/www.binauralmedia.org\/news\/en\/arquivo\/13405#breadcrumblist","itemListElement":[{"@type":"ListItem","@id":"https:\/\/www.binauralmedia.org\/news\/en#listItem","position":1,"name":"Home","item":"https:\/\/www.binauralmedia.org\/news\/en","nextItem":{"@type":"ListItem","@id":"https:\/\/www.binauralmedia.org\/news\/en\/arquivo\/category\/artistic-creations-2#listItem","name":"Artistic Creations"}},{"@type":"ListItem","@id":"https:\/\/www.binauralmedia.org\/news\/en\/arquivo\/category\/artistic-creations-2#listItem","position":2,"name":"Artistic Creations","item":"https:\/\/www.binauralmedia.org\/news\/en\/arquivo\/category\/artistic-creations-2","nextItem":{"@type":"ListItem","@id":"https:\/\/www.binauralmedia.org\/news\/en\/arquivo\/13405#listItem","name":"Multimedia exhibition &#8220;New expressions of the territory&#8221;"},"previousItem":{"@type":"ListItem","@id":"https:\/\/www.binauralmedia.org\/news\/en#listItem","name":"Home"}},{"@type":"ListItem","@id":"https:\/\/www.binauralmedia.org\/news\/en\/arquivo\/13405#listItem","position":3,"name":"Multimedia exhibition &#8220;New expressions of the territory&#8221;","previousItem":{"@type":"ListItem","@id":"https:\/\/www.binauralmedia.org\/news\/en\/arquivo\/category\/artistic-creations-2#listItem","name":"Artistic Creations"}}]},{"@type":"Organization","@id":"https:\/\/www.binauralmedia.org\/news\/en\/#organization","name":"binauralmedia.org","description":"Rural Based Sound\/Media Arts & Social Research","url":"https:\/\/www.binauralmedia.org\/news\/en\/"},{"@type":"Person","@id":"https:\/\/www.binauralmedia.org\/news\/en\/arquivo\/author\/luiscosta#author","url":"https:\/\/www.binauralmedia.org\/news\/en\/arquivo\/author\/luiscosta","name":"luiscosta"},{"@type":"WebPage","@id":"https:\/\/www.binauralmedia.org\/news\/en\/arquivo\/13405#webpage","url":"https:\/\/www.binauralmedia.org\/news\/en\/arquivo\/13405","name":"Multimedia exhibition \u201cNew expressions of the territory\u201d - binauralmedia.org","description":"Multimedia exhibition \u201cNew Expressions of the Territory\u201d A production by Binaural Nodar for the Intermunicipal Community Viseu D\u00e3o Laf\u00f5es 15 to 30 August Municipal Museum of Oliveira de Frades (Municipality of Oliveira de Frades) 2 to 13 September Sat\u00e3o Culture House (Municipality of S\u00e1t\u00e3o) 14 to 29 September Municipal Library of Nelas (Municipality of Nelas)","inLanguage":"en-US","isPartOf":{"@id":"https:\/\/www.binauralmedia.org\/news\/en\/#website"},"breadcrumb":{"@id":"https:\/\/www.binauralmedia.org\/news\/en\/arquivo\/13405#breadcrumblist"},"author":{"@id":"https:\/\/www.binauralmedia.org\/news\/en\/arquivo\/author\/luiscosta#author"},"creator":{"@id":"https:\/\/www.binauralmedia.org\/news\/en\/arquivo\/author\/luiscosta#author"},"image":{"@type":"ImageObject","url":"https:\/\/www.binauralmedia.org\/news\/wp-content\/uploads\/67402171_2411119015601513_9110555731458785280_n-e1567696444518.jpg","@id":"https:\/\/www.binauralmedia.org\/news\/en\/arquivo\/13405\/#mainImage","width":660,"height":439},"primaryImageOfPage":{"@id":"https:\/\/www.binauralmedia.org\/news\/en\/arquivo\/13405#mainImage"},"datePublished":"2019-07-25T16:11:35+00:00","dateModified":"2021-09-27T11:32:30+00:00"},{"@type":"WebSite","@id":"https:\/\/www.binauralmedia.org\/news\/en\/#website","url":"https:\/\/www.binauralmedia.org\/news\/en\/","name":"binauralmedia.org","description":"Rural Based Sound\/Media Arts & Social Research","inLanguage":"en-US","publisher":{"@id":"https:\/\/www.binauralmedia.org\/news\/en\/#organization"}}]},"og:locale":"en_US","og:site_name":"binauralmedia.org - Rural Based Sound\/Media Arts &amp; Social Research","og:type":"article","og:title":"Multimedia exhibition \u201cNew expressions of the territory\u201d - binauralmedia.org","og:description":"Multimedia exhibition \u201cNew Expressions of the Territory\u201d A production by Binaural Nodar for the Intermunicipal Community Viseu D\u00e3o Laf\u00f5es 15 to 30 August Municipal Museum of Oliveira de Frades (Municipality of Oliveira de Frades) 2 to 13 September Sat\u00e3o Culture House (Municipality of S\u00e1t\u00e3o) 14 to 29 September Municipal Library of Nelas (Municipality of Nelas)","og:url":"https:\/\/www.binauralmedia.org\/news\/en\/arquivo\/13405","article:published_time":"2019-07-25T16:11:35+00:00","article:modified_time":"2021-09-27T11:32:30+00:00","twitter:card":"summary_large_image","twitter:title":"Multimedia exhibition \u201cNew expressions of the territory\u201d - binauralmedia.org","twitter:description":"Multimedia exhibition \u201cNew Expressions of the Territory\u201d A production by Binaural Nodar for the Intermunicipal Community Viseu D\u00e3o Laf\u00f5es 15 to 30 August Municipal Museum of Oliveira de Frades (Municipality of Oliveira de Frades) 2 to 13 September Sat\u00e3o Culture House (Municipality of S\u00e1t\u00e3o) 14 to 29 September Municipal Library of Nelas (Municipality of Nelas)"},"aioseo_meta_data":{"post_id":"13405","title":null,"description":null,"keywords":null,"keyphrases":null,"primary_term":null,"canonical_url":null,"og_title":null,"og_description":null,"og_object_type":"default","og_image_type":"default","og_image_custom_url":null,"og_image_custom_fields":null,"og_image_url":null,"og_image_width":null,"og_image_height":null,"og_video":null,"og_custom_url":null,"og_article_section":null,"og_article_tags":null,"twitter_use_og":false,"twitter_card":"default","twitter_image_type":"default","twitter_image_custom_url":null,"twitter_image_custom_fields":null,"twitter_image_url":null,"twitter_title":null,"twitter_description":null,"schema_type":"default","schema_type_options":null,"schema":{"blockGraphs":[],"customGraphs":[],"default":{"data":{"Article":[],"Course":[],"Dataset":[],"FAQPage":[],"Movie":[],"Person":[],"Product":[],"ProductReview":[],"Car":[],"Recipe":[],"Service":[],"SoftwareApplication":[],"WebPage":[]},"graphName":"","isEnabled":true},"graphs":[]},"pillar_content":false,"robots_default":true,"robots_noindex":false,"robots_noarchive":false,"robots_nosnippet":false,"robots_nofollow":false,"robots_noimageindex":false,"robots_noodp":false,"robots_notranslate":false,"robots_max_snippet":null,"robots_max_videopreview":null,"robots_max_imagepreview":"large","priority":null,"frequency":null,"local_seo":null,"limit_modified_date":false,"ai":null,"breadcrumb_settings":null,"seo_analyzer_scan_date":null,"created":"2026-08-05 04:11:53","updated":"2026-08-05 04:11:53","focus_keyword":null,"additional_keywords":null,"truseo_locale":null},"aioseo_breadcrumb":"<div class=\"aioseo-breadcrumbs\"><span class=\"aioseo-breadcrumb\">\n\t\t\t<a href=\"https:\/\/www.binauralmedia.org\/news\/en\" title=\"Home\">Home<\/a>\n\t\t<\/span><span class=\"aioseo-breadcrumb-separator\">&raquo;<\/span><span class=\"aioseo-breadcrumb\">\n\t\t\t<a href=\"https:\/\/www.binauralmedia.org\/news\/en\/arquivo\/category\/artistic-creations-2\" title=\"Artistic Creations\">Artistic Creations<\/a>\n\t\t<\/span><span class=\"aioseo-breadcrumb-separator\">&raquo;<\/span><span class=\"aioseo-breadcrumb\">\n\t\t\tMultimedia exhibition \u201cNew expressions of the territory\u201d\n\t\t<\/span><\/div>","aioseo_breadcrumb_json":[{"label":"Home","link":"https:\/\/www.binauralmedia.org\/news\/en"},{"label":"Artistic Creations","link":"https:\/\/www.binauralmedia.org\/news\/en\/arquivo\/category\/artistic-creations-2"},{"label":"Multimedia exhibition &#8220;New expressions of the territory&#8221;","link":"https:\/\/www.binauralmedia.org\/news\/en\/arquivo\/13405"}],"_links":{"self":[{"href":"https:\/\/www.binauralmedia.org\/news\/en\/wp-json\/wp\/v2\/posts\/13405","targetHints":{"allow":["GET"]}}],"collection":[{"href":"https:\/\/www.binauralmedia.org\/news\/en\/wp-json\/wp\/v2\/posts"}],"about":[{"href":"https:\/\/www.binauralmedia.org\/news\/en\/wp-json\/wp\/v2\/types\/post"}],"author":[{"embeddable":true,"href":"https:\/\/www.binauralmedia.org\/news\/en\/wp-json\/wp\/v2\/users\/2"}],"replies":[{"embeddable":true,"href":"https:\/\/www.binauralmedia.org\/news\/en\/wp-json\/wp\/v2\/comments?post=13405"}],"version-history":[{"count":1,"href":"https:\/\/www.binauralmedia.org\/news\/en\/wp-json\/wp\/v2\/posts\/13405\/revisions"}],"predecessor-version":[{"id":15408,"href":"https:\/\/www.binauralmedia.org\/news\/en\/wp-json\/wp\/v2\/posts\/13405\/revisions\/15408"}],"wp:featuredmedia":[{"embeddable":true,"href":"https:\/\/www.binauralmedia.org\/news\/en\/wp-json\/wp\/v2\/media\/15184"}],"wp:attachment":[{"href":"https:\/\/www.binauralmedia.org\/news\/en\/wp-json\/wp\/v2\/media?parent=13405"}],"wp:term":[{"taxonomy":"category","embeddable":true,"href":"https:\/\/www.binauralmedia.org\/news\/en\/wp-json\/wp\/v2\/categories?post=13405"},{"taxonomy":"post_tag","embeddable":true,"href":"https:\/\/www.binauralmedia.org\/news\/en\/wp-json\/wp\/v2\/tags?post=13405"}],"curies":[{"name":"wp","href":"https:\/\/api.w.org\/{rel}","templated":true}]}}